{"id":106591,"date":"2026-01-16T16:07:13","date_gmt":"2026-01-16T16:07:13","guid":{"rendered":"https:\/\/www.europesays.com\/lv\/106591\/"},"modified":"2026-01-16T16:07:13","modified_gmt":"2026-01-16T16:07:13","slug":"valsts-aizsardzibas-dienestam-pieteicies-rekordliels-daudzums-jauniesu-2","status":"publish","type":"post","link":"https:\/\/www.europesays.com\/lv\/106591\/","title":{"rendered":"Valsts aizsardz\u012bbas dienestam pieteicies rekordliels daudzums jaunie\u0161u"},"content":{"rendered":"<p class=\"lead\">\n                                Valsts aizsardz\u012bbas dienesta (VAD) \u0161\u012b gada vasaras iesaukumam pieteicies l\u012bdz \u0161im liel\u0101kais br\u012bvpr\u0101t\u012bgo skaits \u2014 1560 jaunie\u0161i, kas ir gandr\u012bz divreiz vair\u0101k nek\u0101 p\u0113rn, inform\u0113 Aizsardz\u012bbas ministrija (AM).\n                            <\/p>\n<p>No kop\u0113j\u0101 br\u012bvpr\u0101t\u012bgo skaita 11 m\u0113ne\u0161u dienestam Nacion\u0101lo bru\u0146oto sp\u0113ku (NBS) vien\u012bb\u0101s pieteiku\u0161ies 1503 cilv\u0113ki, tostarp 1457 v\u012brie\u0161i un 46 sievietes. Savuk\u0101rt piecu gadu dienestam Zemessardz\u0113 br\u012bvpr\u0101t\u012bgi pieteiku\u0161ies 57 Latvijas pilso\u0146i \u2014 56 v\u012brie\u0161i un viena sieviete.<\/p>\n<p>Br\u012bvpr\u0101t\u012bg\u0101 pieteik\u0161an\u0101s vasaras iesaukumam, kas s\u0101ksies 17. j\u016blij\u0101, nosl\u0113dz\u0101s 14. janv\u0101r\u012b. Patlaban tiek izv\u0113rt\u0113ta pieteiku\u0161os Latvijas pilso\u0146u atbilst\u012bba dienestam. Gad\u012bjum\u0101, ja nepiecie\u0161amais iesaucamo skaits netiks nokomplekt\u0113ts, tr\u016bksto\u0161o personu atlase p\u0113c nejau\u0161\u012bbas principa tiks r\u012bkota 21. janv\u0101r\u012b.<\/p>\n<p>Jau iepriek\u0161 zi\u0146ots, ka \u0161im iesaukumam nepiecie\u0161ami 1470 jaunie\u0161i, kuri dienesta pien\u0101kumus pild\u012bs NBS vien\u012bb\u0101s. Vienlaikus piecu gadu dienestam Zemessardz\u0113 br\u012bvpr\u0101t\u012bgi var\u0113ja pieteikties l\u012bdz 700 jaunie\u0161u.<\/p>\n<p>Aizsardz\u012bbas ministrs Andris Spr\u016bds (P) Latvijas Radio atzina, ka<\/p>\n<blockquote>\n<p>pieaugo\u0161ais br\u012bvpr\u0101t\u012bgo skaits n\u0101kotn\u0113 var rad\u012bt papildu slodzi valsts augstskol\u0101m, kur\u0101m b\u016bs j\u0101uz\u0146em VAD pabeigu\u0161ie bud\u017eeta viet\u0101s.<\/p>\n<\/blockquote>\n<p>Vaic\u0101ts, vai \u0161\u012b iesp\u0113jam\u0101 probl\u0113ma jau tiek risin\u0101ta prevent\u012bvi, ministrs nor\u0101d\u012bja, ka &#8220;izv\u0113rt\u0113\u0161ana ir proces\u0101&#8221;. Tiek apsv\u0113rta aizsardz\u012bbas nozares finansi\u0101la iesaiste augst\u0101k\u0101s izgl\u012bt\u012bbas sist\u0113m\u0101, k\u0101 ar\u012b sadarb\u012bb\u0101 ar Izgl\u012bt\u012bbas un zin\u0101tnes ministriju notiek diskusijas par iesp\u0113jamiem kop\u012bgiem risin\u0101jumiem.<\/p>\n<p>Vienlaikus Spr\u016bds uzsv\u0113ra, ka jaunas sist\u0113mas nevajadz\u0113tu ieviest, pirms nav skaidra br\u012bvpr\u0101t\u012bgo pieteik\u0161an\u0101s tendence ilg\u0101k\u0101 laika posm\u0101. &#8220;M\u0113s s\u0101kam \u0161o tendenci sajust arvien akt\u012bv\u0101k, un<\/p>\n<blockquote>\n<p>kopum\u0101 t\u0101 ir \u013coti laba tendence \u2014<\/p>\n<\/blockquote>\n<p>ir jaunie\u0161i, kas br\u012bvpr\u0101t\u012bgi iest\u0101jas [VAD], bet tas rada nepiecie\u0161am\u012bbu spert n\u0101kamos so\u013cus gan finan\u0161u resursu piesaist\u0113, gan dialog\u0101 ar augstskol\u0101m un IZM, ko m\u0113s jau dar\u0101m,&#8221; sac\u012bja ministrs.<\/p>\n<p>Pl\u0101nots, ka VAD pilnu kapacit\u0101ti sasniegs 2028. gad\u0101. Tad 11 m\u0113ne\u0161u milit\u0101ro apm\u0101c\u012bbu apg\u016bs l\u012bdz 4000 karav\u012bru, l\u012bdz 2000 karav\u012bru var\u0113s apg\u016bt apm\u0101c\u012bbu Zemessardzes piecu gadu programm\u0101, bet v\u0113l l\u012bdz 500 karav\u012bru \u2014 rezerves virsnieka apm\u0101c\u012bbu, skaidro AM.<\/p>\n<p>Saska\u0146\u0101 ar Valsts aizsardz\u012bbas koncepciju NBS person\u0101ls 2028. gad\u0101 veidos 61 000 karav\u012bru. No tiem miera laik\u0101 tiks uztur\u0113ti 31 000 karav\u012bru, bet kr\u012bzes situ\u0101cij\u0101s papildus b\u016bs pieejami v\u0113l 30 000 visp\u0101r\u0113jas gatav\u012bbas rezerves karav\u012bru.<\/p>\n<p>Miera laika strukt\u016bru paredz\u0113ts komplekt\u0113t ar 4000 VAD karav\u012briem, kuri dienestu pilda 11 m\u0113ne\u0161us, 8000 profesion\u0101l\u0101 dienesta karav\u012briem, 12 000 zemessargiem un 7000 augstas gatav\u012bbas rezerves karav\u012briem, kuri ik gadu tiek iesaukti m\u0101c\u012bb\u0101s, lai uztur\u0113tu prasmes un kaujas gatav\u012bbu. Savuk\u0101rt 30 000 karav\u012bru veidos visp\u0101r\u0113jas gatav\u012bbas rezervi.<\/p>\n<p> Aptauja <\/p>\n<p> Cik svar\u012bgi jums ir \u017eurn\u0101listu un ekspertu koment\u0101ri\/viedok\u013ci, ko pied\u0101v\u0101 LASI.LV? <\/p>\n<p class=\"paragraph-muted\">Izv\u0113lies savu soct\u012bklu platformu, lai sekotu LASI.LV: <a href=\"https:\/\/www.facebook.com\/portals.lasi.lv\" target=\"_blank\" rel=\"noopener noreferrer nofollow\">Facebook<\/a>, <a href=\"https:\/\/twitter.com\/lasilvportals\" target=\"_blank\" rel=\"noopener noreferrer nofollow\">X<\/a>, <a href=\"https:\/\/bsky.app\/profile\/lasilv.bsky.social\" target=\"_blank\" rel=\"noopener noreferrer nofollow\">Bluesky<\/a>, <a href=\"https:\/\/www.draugiem.lv\/lasilv\/?pg=4\" target=\"_blank\" rel=\"noopener noreferrer nofollow\">Draugiem<\/a>, <a href=\"https:\/\/www.threads.com\/@lasilv_zinas\" rel=\"nofollow noopener\" target=\"_blank\">Threads<\/a> vai ar\u012b <a href=\"https:\/\/www.instagram.com\/lasilv_zinas\/\" target=\"_blank\" rel=\"noopener noreferrer nofollow\">Instagram<\/a>. Pievienojies m\u016bsu las\u012bt\u0101ju pulkam, lai sa\u0146emtu \u012bpa\u0161i tev atlas\u012btu noder\u012bgu, praktisku un aktu\u0101lu saturu.\u00a0<\/p>\n<p style=\"margin-left:auto;\">Pieraksties LASI.LV redaktora v\u0113stkopai <a href=\"https:\/\/lasi.lv\/vestkopa\/lasi-lv-galvena-redaktora-vestkopa\" rel=\"nofollow noopener\" target=\"_blank\">\u0161eit<\/a>.<\/p>\n<p>Pieraksties v\u0113stkopai un divas reizes ned\u0113\u013c\u0101 sa\u0146em padzi\u013cin\u0101tu LASI.LV galven\u0101 redaktora aktu\u0101lo zi\u0146u, kompetentu viedok\u013cu un interesant\u0101ko interviju apkopojumu.<\/p>\n<p>Ko tu sa\u0146emsi:<\/p>\n<ul>\n<li>Daudzveid\u012bgus koment\u0101rus un kompetentus Latvijas Mediju \u017eurn\u0101listu un autoru viedok\u013cus par aktu\u0101lo<\/li>\n<li>Ekspertu koment\u0101rus par da\u017e\u0101diem praktiskiem, noder\u012bgiem tematiem<\/li>\n<li>Aizraujo\u0161us materi\u0101lus par v\u0113sturi, psiholo\u0123iju, kult\u016bru<\/li>\n<li>Gata \u0160\u013c\u016bkas karikat\u016bru<\/li>\n<li>Tav\u0101 e-pasta kast\u012bt\u0113 katru ceturtdienu<\/li>\n<\/ul>\n<p style=\"margin-left:auto;\">\u00a0<\/p>\n<p><script async src=\"https:\/\/platform.twitter.com\/widgets.js\" charset=\"utf-8\"><\/script><script async src=\"\/\/www.instagram.com\/embed.js\"><\/script><\/p>\n","protected":false},"excerpt":{"rendered":"Valsts aizsardz\u012bbas dienesta (VAD) \u0161\u012b gada vasaras iesaukumam pieteicies l\u012bdz \u0161im liel\u0101kais br\u012bvpr\u0101t\u012bgo skaits \u2014 1560 jaunie\u0161i, kas&hellip;\n","protected":false},"author":2,"featured_media":106390,"comment_status":"","ping_status":"","sticky":false,"template":"","format":"standard","meta":{"footnotes":""},"categories":[5],"tags":[23,28,29,32,33,22,30,31,35,39,38,36,37,34,40,20,26,27,24,25,21],"class_list":{"0":"post-106591","1":"post","2":"type-post","3":"status-publish","4":"format-standard","5":"has-post-thumbnail","7":"category-aktualitates","8":"tag-aktualitates","9":"tag-breaking-news","10":"tag-breakingnews","11":"tag-featured-news","12":"tag-featurednews","13":"tag-headlines","14":"tag-latest-news","15":"tag-latestnews","16":"tag-latvia","17":"tag-latvian","18":"tag-latviesu","19":"tag-latviesu-valoda","20":"tag-latviesuvaloda","21":"tag-latvija","22":"tag-lv","23":"tag-news","24":"tag-popularakas-zinas","25":"tag-popularakaszinas","26":"tag-top-stories","27":"tag-topstories","28":"tag-zinas"},"share_on_mastodon":{"url":"https:\/\/pubeurope.com\/@lv\/115905642038162268","error":""},"_links":{"self":[{"href":"https:\/\/www.europesays.com\/lv\/wp-json\/wp\/v2\/posts\/106591","targetHints":{"allow":["GET"]}}],"collection":[{"href":"https:\/\/www.europesays.com\/lv\/wp-json\/wp\/v2\/posts"}],"about":[{"href":"https:\/\/www.europesays.com\/lv\/wp-json\/wp\/v2\/types\/post"}],"author":[{"embeddable":true,"href":"https:\/\/www.europesays.com\/lv\/wp-json\/wp\/v2\/users\/2"}],"replies":[{"embeddable":true,"href":"https:\/\/www.europesays.com\/lv\/wp-json\/wp\/v2\/comments?post=106591"}],"version-history":[{"count":0,"href":"https:\/\/www.europesays.com\/lv\/wp-json\/wp\/v2\/posts\/106591\/revisions"}],"wp:featuredmedia":[{"embeddable":true,"href":"https:\/\/www.europesays.com\/lv\/wp-json\/wp\/v2\/media\/106390"}],"wp:attachment":[{"href":"https:\/\/www.europesays.com\/lv\/wp-json\/wp\/v2\/media?parent=106591"}],"wp:term":[{"taxonomy":"category","embeddable":true,"href":"https:\/\/www.europesays.com\/lv\/wp-json\/wp\/v2\/categories?post=106591"},{"taxonomy":"post_tag","embeddable":true,"href":"https:\/\/www.europesays.com\/lv\/wp-json\/wp\/v2\/tags?post=106591"}],"curies":[{"name":"wp","href":"https:\/\/api.w.org\/{rel}","templated":true}]}}