{"id":106594,"date":"2026-01-16T16:13:10","date_gmt":"2026-01-16T16:13:10","guid":{"rendered":"https:\/\/www.europesays.com\/lv\/106594\/"},"modified":"2026-01-16T16:13:10","modified_gmt":"2026-01-16T16:13:10","slug":"pvd-no-veikala-mere-riga-iznem-vecus-galas-produktus-tv3-lv","status":"publish","type":"post","link":"https:\/\/www.europesays.com\/lv\/106594\/","title":{"rendered":"PVD no veikala \u201cMere\u201d R\u012bg\u0101 iz\u0146em vecus ga\u013cas produktus &#8211; tv3.lv"},"content":{"rendered":"<ol>\n<li><a href=\"https:\/\/news.google.com\/rss\/articles\/CBMiigFBVV95cUxQbE5CckVKeGdiZWZYdXdnRGM1MFJhUkVHWjBPTF93MVVEY3hQX0pGVy12LVlWakRBNFVMOWViOW9tUDZNX3BNMWhQZ0E2amtnaVNkSjQ1dTg3MExxY3p3Y1puN1owNDVmSHlTYWNmekFwOGdoSFdTbExmcFJiUl9aUjQ0TDZtc2huQXc?oc=5\" target=\"_blank\" rel=\"nofollow noopener\">PVD no veikala \u201cMere\u201d R\u012bg\u0101 iz\u0146em vecus ga\u013cas produktus<\/a>&nbsp;&nbsp;tv3.lv<\/li>\n<li><a href=\"https:\/\/news.google.com\/rss\/articles\/CBMiuwFBVV95cUxOVTV6aHBaVGxjdERwemdEWEVubmFBdDFCX2QyVmptUF9TOTM3WVNtb3dMR2R6OTJBOFEyNzJ4dDQyQzlTa2pHeFNObjV0d012UG05Skx1SUxoR3M1VWEyX2FRV0gyWmVvUFZua3FhX2tVMkUzMUZSbnFVUGJZUlprY1ljWG9DZlhWbXo1MEVnMkQ5aXpOMHY3NDlXck93SGpMUVhtSTVQVzV2ZlY4S3FsdkpnUWw4NS1CcE9z?oc=5\" target=\"_blank\" rel=\"nofollow noopener\">Veikal\u0101 \u00abMere\u00bb iz\u0146em produktus ar beigu\u0161os der\u012bguma termi\u0146u \/ Raksts<\/a>&nbsp;&nbsp;LSM<\/li>\n<li><a href=\"https:\/\/news.google.com\/rss\/articles\/CBMivwFBVV95cUxQNkdaRDJHcm93V2M1RXU4Vlc4eVJKcjNaQUo2UzZnakFlZC1wQTNGdDhMX1FhaHpPYV9QZk5BYWR4NjRtQ3JVTTNfU1VzOGlET3B5OTBlYVdSMzcyb2ZuSGtSWDJWeGtnaUt0dnlkSzhHWDBDakU4ZlZNVXdHT1czbEM1YXVUS19PZW1UUkRqaGRMbGI4UlE2Q0padW9BZ0lFNDhQX3NmaU1oRW05dnA5ZjNIZmxyek03bGRrTVVKZw?oc=5\" target=\"_blank\" rel=\"nofollow noopener\">R\u012bg\u0101 veikala plauktos atrasta ga\u013ca ar beigu\u0161os termi\u0146u &#8211; PVD s\u0101k administrat\u012bvo procesu<\/a>&nbsp;&nbsp;Jauns.lv<\/li>\n<li><a href=\"https:\/\/news.google.com\/rss\/articles\/CBMipwFBVV95cUxQOWZ6ZmFrRUF6Yng4czhVa0xlNUkxLWJiYVhKaGlVTUpvUkRJZnA0Nm1GOXRDM0pBZ3d6c1lRcTBtSElYUWI3NXlrVFlrMzRXUF9ZbnFYa25Gd2l3bG9ZeWR2dms0OUN5MlBWcWRJdjFnd29laHFpdnowNy1DNVBhZGVYM0E3WG54TkdKNUl4NUNCOG5IV1lldFFXRUNtbWNiRDFrNEhhTQ?oc=5\" target=\"_blank\" rel=\"nofollow noopener\">R\u012bg\u0101 cilv\u0113kiem p\u0101rdeva vecu ga\u013cu! PVD no lielveikala iz\u0146em 64 kilogramus ga\u013cas produktu<\/a>&nbsp;&nbsp;LA.LV<\/li>\n<li><a href=\"https:\/\/news.google.com\/rss\/articles\/CBMirgFBVV95cUxNR0RBZkwyYjNIc2pwTnlhbk84NkxmbENMM09fam8wV1d5cDdPS2NhYzdseVU2aEp4UDc2S0dQaWgxMDB6Q3YwVVhvZlpReVNfRTBNcmlyTWpyRS1CWDVwaWpfeXNZenk3a2RPbHZUT1NxSDVUbWIwdGtySHZkQzJKdE1QS3FFR1FzOE8zM3pwY1pSdGtzbVVOLVl5aTNFZkFXVDgwM05uWGg0UlNvNmc?oc=5\" target=\"_blank\" rel=\"nofollow noopener\">Vien\u0101 no Latvijas p\u0101rtikas veikaliem atrod ga\u013cas produktus ar viltotiem der\u012bguma termi\u0146iem<\/a>&nbsp;&nbsp;NRA<\/li>\n<\/ol>\n","protected":false},"excerpt":{"rendered":"PVD no veikala \u201cMere\u201d R\u012bg\u0101 iz\u0146em vecus ga\u013cas produktus&nbsp;&nbsp;tv3.lv Veikal\u0101 \u00abMere\u00bb iz\u0146em produktus ar beigu\u0161os der\u012bguma termi\u0146u \/&hellip;\n","protected":false},"author":2,"featured_media":106595,"comment_status":"","ping_status":"","sticky":false,"template":"","format":"standard","meta":{"footnotes":""},"categories":[5],"tags":[23,28,29,32,33,22,30,31,35,39,38,36,37,34,40,25453,20,26,27,24,25,21],"class_list":{"0":"post-106594","1":"post","2":"type-post","3":"status-publish","4":"format-standard","5":"has-post-thumbnail","7":"category-aktualitates","8":"tag-aktualitates","9":"tag-breaking-news","10":"tag-breakingnews","11":"tag-featured-news","12":"tag-featurednews","13":"tag-headlines","14":"tag-latest-news","15":"tag-latestnews","16":"tag-latvia","17":"tag-latvian","18":"tag-latviesu","19":"tag-latviesu-valoda","20":"tag-latviesuvaloda","21":"tag-latvija","22":"tag-lv","23":"tag-merepartikas-un-veterinarais-dienests","24":"tag-news","25":"tag-popularakas-zinas","26":"tag-popularakaszinas","27":"tag-top-stories","28":"tag-topstories","29":"tag-zinas"},"share_on_mastodon":{"url":"https:\/\/pubeurope.com\/@lv\/115905665565899037","error":""},"_links":{"self":[{"href":"https:\/\/www.europesays.com\/lv\/wp-json\/wp\/v2\/posts\/106594","targetHints":{"allow":["GET"]}}],"collection":[{"href":"https:\/\/www.europesays.com\/lv\/wp-json\/wp\/v2\/posts"}],"about":[{"href":"https:\/\/www.europesays.com\/lv\/wp-json\/wp\/v2\/types\/post"}],"author":[{"embeddable":true,"href":"https:\/\/www.europesays.com\/lv\/wp-json\/wp\/v2\/users\/2"}],"replies":[{"embeddable":true,"href":"https:\/\/www.europesays.com\/lv\/wp-json\/wp\/v2\/comments?post=106594"}],"version-history":[{"count":0,"href":"https:\/\/www.europesays.com\/lv\/wp-json\/wp\/v2\/posts\/106594\/revisions"}],"wp:featuredmedia":[{"embeddable":true,"href":"https:\/\/www.europesays.com\/lv\/wp-json\/wp\/v2\/media\/106595"}],"wp:attachment":[{"href":"https:\/\/www.europesays.com\/lv\/wp-json\/wp\/v2\/media?parent=106594"}],"wp:term":[{"taxonomy":"category","embeddable":true,"href":"https:\/\/www.europesays.com\/lv\/wp-json\/wp\/v2\/categories?post=106594"},{"taxonomy":"post_tag","embeddable":true,"href":"https:\/\/www.europesays.com\/lv\/wp-json\/wp\/v2\/tags?post=106594"}],"curies":[{"name":"wp","href":"https:\/\/api.w.org\/{rel}","templated":true}]}}