{"id":106602,"date":"2026-01-16T16:25:16","date_gmt":"2026-01-16T16:25:16","guid":{"rendered":"https:\/\/www.europesays.com\/lv\/106602\/"},"modified":"2026-01-16T16:25:16","modified_gmt":"2026-01-16T16:25:16","slug":"elektriba-pieejama-vien-dazas-stundas-diena","status":"publish","type":"post","link":"https:\/\/www.europesays.com\/lv\/106602\/","title":{"rendered":"elektr\u012bba pieejama vien da\u017eas stundas dien\u0101"},"content":{"rendered":"<p class=\"teaser-text l1evdo4u blt0baw s16w0xvi sngcpkw w128axg5 b1fzgn0z\">Aukstaj\u0101 laik\u0101 <a href=\"https:\/\/www.tvnet.lv\/term\/555452\/krievija\" class=\"topicLink\" target=\"_blank\" rel=\"nofollow noopener\">Krievija<\/a> apzin\u0101ti m\u0113r\u0137\u0113jusi uzbrukumus par Ukrainas energot\u012bklu, v\u0113sta raidorganiz\u0101cija DW.<\/p>\n<p class=\"teaser-text l1evdo4u blt0baw s16w0xvi sngcpkw w128axg5 b1fzgn0z\">Kijiv\u0101 gaisa temperat\u016bra nokritusies l\u012bdz -17 gr\u0101diem p\u0113c Celsija, ta\u010du nodar\u012bto post\u012bjumu d\u0113\u013c vald\u012bbai n\u0101cies ierobe\u017eot elektroener\u0123ijas pieejam\u012bbu. D\u0146epras kreisaj\u0101 krast\u0101 elektr\u012bba pieejama tr\u012bs l\u012bdz \u010detras stundas, kam seko devi\u0146u l\u012bdz desmit stundu ilgs p\u0101rtraukums, Ukrainas parlamentam pazi\u0146oja premjerministre J\u016blija Sviridenko. Savuk\u0101rt labaj\u0101 krast\u0101 elektr\u012bba pieejama piecas stundas, bet p\u0113c tam n\u0101kam\u0101s piecas stundas t\u0101 nav pieejama.<\/p>\n<p class=\"teaser-text l1evdo4u blt0baw s16w0xvi sngcpkw w128axg5 b1fzgn0z\">Apm\u0113ram 400 daudzst\u0101vu \u0113kas Kijiv\u0101 paliku\u0161as pavisam bez apkures.<\/p>\n<p class=\"teaser-text l1evdo4u blt0baw s16w0xvi sngcpkw w128axg5 b1fzgn0z\">Kijivas m\u0113rs Vit\u0101lijs K\u013ci\u010dko nesen aicin\u0101ja Kijivas iedz\u012bvot\u0101jus uz laiku pamest galvaspils\u0113tu un nor\u0101d\u012bja, ka situ\u0101cija pils\u0113t\u0101 pa\u0161laik esot smag\u0101ka nek\u0101 iepriek\u0161\u0113jos kara gados.<\/p>\n<p class=\"teaser-text l1evdo4u blt0baw s16w0xvi sngcpkw w128axg5 b1fzgn0z\">Tikm\u0113r Ukrainas vald\u012bba kritiz\u0113jusi Kijivas pa\u0161vald\u012bbu, ka t\u0101 neesot pien\u0101c\u012bgi sagatavojusies ziemai kara apst\u0101k\u013cos. &#8220;Harkiva sagatavoj\u0101s, tai ir p\u0101rn\u0113s\u0101jamie boileri un \u0123eneratori,&#8221; sac\u012bja biju\u0161ais Ukrainas aizsardz\u012bbas ministrs, tagad\u0113jais ener\u0123\u0113tikas ministrs Deniss \u0160miha\u013cs.<\/p>\n<p class=\"teaser-text l1evdo4u blt0baw s16w0xvi sngcpkw w128axg5 b1fzgn0z\">Pils\u0113t\u0101 uzslietas 47 teltis ar \u0123eneratoriem, kur\u0101s var sasild\u012bties un uzl\u0101d\u0113t mobilos t\u0101lru\u0146us.<\/p>\n<p>Sviridenko sol\u012bja, ka da\u017eu dienu laik\u0101 situ\u0101cija Kijiv\u0101 uzlabo\u0161oties, ja neb\u016bs jaunu Krievijas uzbrukumu. Ta\u010du Krievija ik nakti uz Ukrainu raida desmitiem dronu un bie\u017ei ar\u012b ra\u0137etes.<\/p>\n","protected":false},"excerpt":{"rendered":"Aukstaj\u0101 laik\u0101 Krievija apzin\u0101ti m\u0113r\u0137\u0113jusi uzbrukumus par Ukrainas energot\u012bklu, v\u0113sta raidorganiz\u0101cija DW. Kijiv\u0101 gaisa temperat\u016bra nokritusies l\u012bdz -17&hellip;\n","protected":false},"author":2,"featured_media":106603,"comment_status":"","ping_status":"","sticky":false,"template":"","format":"standard","meta":{"footnotes":""},"categories":[5],"tags":[23,3700,28,29,781,32,33,22,234,74,30,31,35,39,38,36,37,34,40,20,26,27,24,25,276,21],"class_list":{"0":"post-106602","1":"post","2":"type-post","3":"status-publish","4":"format-standard","5":"has-post-thumbnail","7":"category-aktualitates","8":"tag-aktualitates","9":"tag-autoritarisma-ena-par-eiropu","10":"tag-breaking-news","11":"tag-breakingnews","12":"tag-energetika","13":"tag-featured-news","14":"tag-featurednews","15":"tag-headlines","16":"tag-krievija","17":"tag-krievijas-iebrukums-ukraina","18":"tag-latest-news","19":"tag-latestnews","20":"tag-latvia","21":"tag-latvian","22":"tag-latviesu","23":"tag-latviesu-valoda","24":"tag-latviesuvaloda","25":"tag-latvija","26":"tag-lv","27":"tag-news","28":"tag-popularakas-zinas","29":"tag-popularakaszinas","30":"tag-top-stories","31":"tag-topstories","32":"tag-ukraina","33":"tag-zinas"},"share_on_mastodon":{"url":"https:\/\/pubeurope.com\/@lv\/115905712788001010","error":""},"_links":{"self":[{"href":"https:\/\/www.europesays.com\/lv\/wp-json\/wp\/v2\/posts\/106602","targetHints":{"allow":["GET"]}}],"collection":[{"href":"https:\/\/www.europesays.com\/lv\/wp-json\/wp\/v2\/posts"}],"about":[{"href":"https:\/\/www.europesays.com\/lv\/wp-json\/wp\/v2\/types\/post"}],"author":[{"embeddable":true,"href":"https:\/\/www.europesays.com\/lv\/wp-json\/wp\/v2\/users\/2"}],"replies":[{"embeddable":true,"href":"https:\/\/www.europesays.com\/lv\/wp-json\/wp\/v2\/comments?post=106602"}],"version-history":[{"count":0,"href":"https:\/\/www.europesays.com\/lv\/wp-json\/wp\/v2\/posts\/106602\/revisions"}],"wp:featuredmedia":[{"embeddable":true,"href":"https:\/\/www.europesays.com\/lv\/wp-json\/wp\/v2\/media\/106603"}],"wp:attachment":[{"href":"https:\/\/www.europesays.com\/lv\/wp-json\/wp\/v2\/media?parent=106602"}],"wp:term":[{"taxonomy":"category","embeddable":true,"href":"https:\/\/www.europesays.com\/lv\/wp-json\/wp\/v2\/categories?post=106602"},{"taxonomy":"post_tag","embeddable":true,"href":"https:\/\/www.europesays.com\/lv\/wp-json\/wp\/v2\/tags?post=106602"}],"curies":[{"name":"wp","href":"https:\/\/api.w.org\/{rel}","templated":true}]}}