{"id":106606,"date":"2026-01-16T16:37:06","date_gmt":"2026-01-16T16:37:06","guid":{"rendered":"https:\/\/www.europesays.com\/lv\/106606\/"},"modified":"2026-01-16T16:37:06","modified_gmt":"2026-01-16T16:37:06","slug":"tragedija-krustkalnos-nra-lv","status":"publish","type":"post","link":"https:\/\/www.europesays.com\/lv\/106606\/","title":{"rendered":"Tra\u0123\u0113dija Krustkalnos &#8211; nra.lv"},"content":{"rendered":"<p class=\"descr\">Tra\u0123iskaj\u0101 ugunsgr\u0113k\u0101 \u0136ekavas novada \u0136ekavas pagasta Krustkalnu ciem\u0101 g\u0101ja 5 gadus vecs b\u0113rns un 15 gadus vecs pusaudzis, v\u0113sta LTV.<\/p>\n<blockquote><p>Tr\u012bs cilv\u0113ki atrodas slimn\u012bc\u0101. Nevienas no cilv\u0113kiem pirms ugundz\u0113s\u0113ju iera\u0161an\u0101s pats nebija pametis m\u0101ju.<\/p><\/blockquote>\n<p>Jau zi\u0146ots, ka <a href=\"https:\/\/nra.lv\/latvija\/511663-vugd-skaidro-tragediju-krustkalnos.htm\" data-item-link=\"true\" data-item-id=\"511663\" rel=\"nofollow noopener\" target=\"_blank\">piektdienas r\u012bt\u0101 dz\u012bvojam\u0101s m\u0101jas ugunsgr\u0113k\u0101 \u0136ekavas novada \u0136ekavas pagasta Krustkalnu ciem\u0101 g\u0101ju\u0161i boj\u0101 divi cilv\u0113ki un 29 izgl\u0101bti<\/a>, no kuriem vair\u0101ki ir cietu\u0161i, bet 15 cilv\u0113ki evaku\u0113ju\u0161ies pa\u0161u sp\u0113kiem, a\u0123ent\u016bru LETA inform\u0113ja Valsts ugunsdz\u0113s\u012bbas un gl\u0101b\u0161anas dienest\u0101 (VUGD).<\/p>\n<p>Neatliekam\u0101s medic\u012bnisk\u0101s pal\u012bdz\u012bbas dienest\u0101 a\u0123ent\u016brai LETA apstiprin\u0101ja, ka boj\u0101g\u0101ju\u0161ie ir nepilngad\u012bgi. Ugunsgr\u0113ks noticis \u0113k\u0101 Jaunlazdu iel\u0101 5.<\/p>\n<p>Plkst. 4.59 <a href=\"https:\/\/nra.lv\/birka\/vugd\/\" target=\"_blank\" rel=\"noopener nofollow\">VUGD<\/a> sa\u0146\u0113ma inform\u0101ciju, ka \u0136ekavas novad\u0101 \u010detrst\u0101vu dz\u012bvojam\u0101s m\u0101jas pirm\u0101 st\u0101va dz\u012bvokl\u012b ir izc\u0113lies ugunsgr\u0113ks. Ierodoties notikuma viet\u0101, ugunsdz\u0113s\u0113ji konstat\u0113ja, ka pa \u0113kas st\u0101viem strauji ar atkl\u0101tu liesmu izplat\u0101s deg\u0161ana.<\/p>\n<p>Ugunsdz\u0113s\u0113ji nekav\u0113joties s\u0101ku\u0161i visu dz\u012bvok\u013cu p\u0101rmekl\u0113\u0161anu un cilv\u0113ku gl\u0101b\u0161anu. No dego\u0161\u0101s \u0113kas ugunsdz\u0113s\u0113ji izgl\u0101ba 29 cilv\u0113kus, no tiem 18 ar gl\u0101b\u0161anas mask\u0101m, se\u0161us ar autok\u0101pn\u0113m un piecus ar tr\u012bsposmu izb\u012bd\u0101maj\u0101m k\u0101pn\u0113m.<\/p>\n<p>Neatliekam\u0101s medic\u012bnisk\u0101s pal\u012bdz\u012bbas dienesta pal\u012bdz\u012bba bija nepiecie\u0161ama septi\u0146iem cilv\u0113kiem, no kuriem \u010detri bija cietu\u0161i, no tiem tr\u012bs tika hospitaliz\u0113ti, bet v\u0113l trijiem hospitaliz\u0101cija nebija nepiecie\u0161ama.<\/p>\n<p>Ugunsgr\u0113k\u0101 g\u0101ja boj\u0101 divi cilv\u0113ki. Pa\u0161u sp\u0113kiem no \u0113kas evaku\u0113j\u0101s v\u0113l 15 cilv\u0113ki.<\/p>\n<p>VUGD a\u0123ent\u016brai LETA teica, ka notikuma viet\u0101 plkst. 7.48 <a href=\"https:\/\/nra.lv\/birka\/ugunsgreks\/\" target=\"_blank\" rel=\"noopener nofollow\">ugunsgr\u0113ka<\/a> izplat\u012b\u0161an\u0101s ierobe\u017eota. Kop\u0113j\u0101 deg\u0161anas plat\u012bba bija 165 kvadr\u0101tmetri, no tiem \u0113kas pirmais st\u0101vs 80 kvadr\u0101tmetru plat\u012bb\u0101, otrais st\u0101vs desmit kvadr\u0101tmetru plat\u012bb\u0101, tre\u0161ais st\u0101vs piecu kvadr\u0101tmetru plat\u012bb\u0101, k\u0101 ar\u012b k\u0101p\u0146u telpa 20 kvadr\u0101tmetru plat\u012bb\u0101 un fas\u0101de 50 kvadr\u0101tmetru plat\u012bb\u0101.<\/p>\n<p>Valsts policijas preses p\u0101rst\u0101ve L\u012bga Dzi\u013cuma a\u0123ent\u016brai LETA teica, ka par notiku\u0161o s\u0101kts krimin\u0101lprocess p\u0113c Krimin\u0101llikuma noda\u013cas par noziedz\u012bgiem nodar\u012bjumiem pret \u012bpa\u0161umu. Negad\u012bjuma iemesls un apst\u0101k\u013ci tiek skaidroti.<\/p>\n<p>\t\t\t\t\t\tinfo<\/p>\n<p>Uzzini pirmais<br \/>kas interesants noticis Latvij\u0101 un pasaul\u0113,<br \/>pievienojoties mums <a href=\"https:\/\/t.me\/neatkariga\" rel=\"nofollow\">Telegram<\/a> vai <a href=\"https:\/\/whatsapp.com\/channel\/0029VaMLFUH5K3zLU5s4wm3y\" rel=\"nofollow noopener\" target=\"_blank\">Whatsapp<\/a> kan\u0101l\u0101<\/p>\n","protected":false},"excerpt":{"rendered":"Tra\u0123iskaj\u0101 ugunsgr\u0113k\u0101 \u0136ekavas novada \u0136ekavas pagasta Krustkalnu ciem\u0101 g\u0101ja 5 gadus vecs b\u0113rns un 15 gadus vecs pusaudzis,&hellip;\n","protected":false},"author":2,"featured_media":106607,"comment_status":"","ping_status":"","sticky":false,"template":"","format":"standard","meta":{"footnotes":""},"categories":[5],"tags":[23,28,29,32,33,22,30,31,35,39,38,36,37,34,40,20,26,27,24,25,21],"class_list":{"0":"post-106606","1":"post","2":"type-post","3":"status-publish","4":"format-standard","5":"has-post-thumbnail","7":"category-aktualitates","8":"tag-aktualitates","9":"tag-breaking-news","10":"tag-breakingnews","11":"tag-featured-news","12":"tag-featurednews","13":"tag-headlines","14":"tag-latest-news","15":"tag-latestnews","16":"tag-latvia","17":"tag-latvian","18":"tag-latviesu","19":"tag-latviesu-valoda","20":"tag-latviesuvaloda","21":"tag-latvija","22":"tag-lv","23":"tag-news","24":"tag-popularakas-zinas","25":"tag-popularakaszinas","26":"tag-top-stories","27":"tag-topstories","28":"tag-zinas"},"share_on_mastodon":{"url":"https:\/\/pubeurope.com\/@lv\/115905759950869026","error":""},"_links":{"self":[{"href":"https:\/\/www.europesays.com\/lv\/wp-json\/wp\/v2\/posts\/106606","targetHints":{"allow":["GET"]}}],"collection":[{"href":"https:\/\/www.europesays.com\/lv\/wp-json\/wp\/v2\/posts"}],"about":[{"href":"https:\/\/www.europesays.com\/lv\/wp-json\/wp\/v2\/types\/post"}],"author":[{"embeddable":true,"href":"https:\/\/www.europesays.com\/lv\/wp-json\/wp\/v2\/users\/2"}],"replies":[{"embeddable":true,"href":"https:\/\/www.europesays.com\/lv\/wp-json\/wp\/v2\/comments?post=106606"}],"version-history":[{"count":0,"href":"https:\/\/www.europesays.com\/lv\/wp-json\/wp\/v2\/posts\/106606\/revisions"}],"wp:featuredmedia":[{"embeddable":true,"href":"https:\/\/www.europesays.com\/lv\/wp-json\/wp\/v2\/media\/106607"}],"wp:attachment":[{"href":"https:\/\/www.europesays.com\/lv\/wp-json\/wp\/v2\/media?parent=106606"}],"wp:term":[{"taxonomy":"category","embeddable":true,"href":"https:\/\/www.europesays.com\/lv\/wp-json\/wp\/v2\/categories?post=106606"},{"taxonomy":"post_tag","embeddable":true,"href":"https:\/\/www.europesays.com\/lv\/wp-json\/wp\/v2\/tags?post=106606"}],"curies":[{"name":"wp","href":"https:\/\/api.w.org\/{rel}","templated":true}]}}