{"id":106608,"date":"2026-01-16T16:43:17","date_gmt":"2026-01-16T16:43:17","guid":{"rendered":"https:\/\/www.europesays.com\/lv\/106608\/"},"modified":"2026-01-16T16:43:17","modified_gmt":"2026-01-16T16:43:17","slug":"par-latvijas-speku-klatbutni-grenlande-jalemj-valdibai-un-saeimai-lr1-latvijas-radio","status":"publish","type":"post","link":"https:\/\/www.europesays.com\/lv\/106608\/","title":{"rendered":"Par Latvijas sp\u0113ku kl\u0101tb\u016btni Grenland\u0113 j\u0101lemj vald\u012bbai un Saeimai \/ LR1 \/ \/ Latvijas Radio"},"content":{"rendered":"<p><a href=\"https:\/\/mapp.latvijasradio.lv\/shared-broadcast?b=237&amp;url=http:\/\/latvijasradio.lsm.lv\/lv\/lr1\/raidijumi\/labriit\/\" target=\"_blank\" rel=\"nofollow noopener\"><img decoding=\"async\" alt=\"Latvijas radio lietotnes logo\" src=\"https:\/\/www.europesays.com\/lv\/wp-content\/uploads\/2026\/01\/1768581797_454_LR_pod poga.png\" style=\"width: 140px; height: 38px;\"\/><\/a><\/p>\n<p>P\u0113c D\u0101nijas, Grenlandes un ASV amatpersonu tik\u0161an\u0101s Baltaj\u0101 nam\u0101 Grenland\u0113 vakar, 15. janv\u0101r\u012b, s\u0101ku\u0161i ierasties Eiropas milit\u0101ri sp\u0113ki, lai pastiprin\u0101tu salas dro\u0161\u012bbu. Par sp\u0113ku nos\u016bt\u012b\u0161anu pazi\u0146oja V\u0101cija, Francija, Zviedrija, Norv\u0113\u0123ija, Somija un N\u012bderlande.<\/p>\n<p>&#8220;Ja Latvijai l\u016bgtu milit\u0101ro kl\u0101tb\u016btni Grenland\u0113 ASV un D\u0101nijas sasp\u012bl\u0113juma d\u0113\u013c, par to b\u016btu j\u0101lemj vald\u012bbai un Saeimai,&#8221; intervij\u0101 Latvijas Radio sac\u012bja aizsardz\u012bbas ministrs Andris Spr\u016bds no \u201cProgres\u012bvajiem\u201d.<\/p>\n<p>***<\/p>\n<p>\u0160odien, 16. janv\u0101r\u012b, viz\u012bt\u0113 Latvij\u0101 ierad\u012bsies Zviedrijas aizsardz\u012bbas ministrs P\u0101ls Jonsons, lai tiktos ar aizsardz\u012bbas ministru Andri Spr\u016bdu (P) un parakst\u012btu vieno\u0161anos par aizsardz\u012bbas sadarb\u012bbas stiprin\u0101\u0161anu starp Latviju un Zviedriju.<\/p>\n<p>Ieteikt<\/p>\n<p>    Latvijas Radio aicina izteikt savu viedokli par raid\u012bjum\u0101 dzird\u0113to un atbalsta diskusijas klaus\u012bt\u0101ju starp\u0101, tom\u0113r patur ties\u012bbas dz\u0113st koment\u0101rus, kas p\u0101rk\u0101pj cie\u0146pilnas attieksmes un \u0113tiskas r\u012bc\u012bbas robe\u017eas.<a name=\"comments\"\/><\/p>\n","protected":false},"excerpt":{"rendered":"P\u0113c D\u0101nijas, Grenlandes un ASV amatpersonu tik\u0161an\u0101s Baltaj\u0101 nam\u0101 Grenland\u0113 vakar, 15. janv\u0101r\u012b, s\u0101ku\u0161i ierasties Eiropas milit\u0101ri sp\u0113ki,&hellip;\n","protected":false},"author":2,"featured_media":106609,"comment_status":"","ping_status":"","sticky":false,"template":"","format":"standard","meta":{"footnotes":""},"categories":[5],"tags":[23,28,29,32,33,22,30,31,35,39,38,36,37,34,40,20,26,27,24,25,21],"class_list":{"0":"post-106608","1":"post","2":"type-post","3":"status-publish","4":"format-standard","5":"has-post-thumbnail","7":"category-aktualitates","8":"tag-aktualitates","9":"tag-breaking-news","10":"tag-breakingnews","11":"tag-featured-news","12":"tag-featurednews","13":"tag-headlines","14":"tag-latest-news","15":"tag-latestnews","16":"tag-latvia","17":"tag-latvian","18":"tag-latviesu","19":"tag-latviesu-valoda","20":"tag-latviesuvaloda","21":"tag-latvija","22":"tag-lv","23":"tag-news","24":"tag-popularakas-zinas","25":"tag-popularakaszinas","26":"tag-top-stories","27":"tag-topstories","28":"tag-zinas"},"share_on_mastodon":{"url":"https:\/\/pubeurope.com\/@lv\/115905783569522677","error":""},"_links":{"self":[{"href":"https:\/\/www.europesays.com\/lv\/wp-json\/wp\/v2\/posts\/106608","targetHints":{"allow":["GET"]}}],"collection":[{"href":"https:\/\/www.europesays.com\/lv\/wp-json\/wp\/v2\/posts"}],"about":[{"href":"https:\/\/www.europesays.com\/lv\/wp-json\/wp\/v2\/types\/post"}],"author":[{"embeddable":true,"href":"https:\/\/www.europesays.com\/lv\/wp-json\/wp\/v2\/users\/2"}],"replies":[{"embeddable":true,"href":"https:\/\/www.europesays.com\/lv\/wp-json\/wp\/v2\/comments?post=106608"}],"version-history":[{"count":0,"href":"https:\/\/www.europesays.com\/lv\/wp-json\/wp\/v2\/posts\/106608\/revisions"}],"wp:featuredmedia":[{"embeddable":true,"href":"https:\/\/www.europesays.com\/lv\/wp-json\/wp\/v2\/media\/106609"}],"wp:attachment":[{"href":"https:\/\/www.europesays.com\/lv\/wp-json\/wp\/v2\/media?parent=106608"}],"wp:term":[{"taxonomy":"category","embeddable":true,"href":"https:\/\/www.europesays.com\/lv\/wp-json\/wp\/v2\/categories?post=106608"},{"taxonomy":"post_tag","embeddable":true,"href":"https:\/\/www.europesays.com\/lv\/wp-json\/wp\/v2\/tags?post=106608"}],"curies":[{"name":"wp","href":"https:\/\/api.w.org\/{rel}","templated":true}]}}