{"id":106612,"date":"2026-01-16T16:55:12","date_gmt":"2026-01-16T16:55:12","guid":{"rendered":"https:\/\/www.europesays.com\/lv\/106612\/"},"modified":"2026-01-16T16:55:12","modified_gmt":"2026-01-16T16:55:12","slug":"uz-muzu-notiesatais-latvijas-pilsonis-miklainos-apstaklos-miris-britu-cietuma","status":"publish","type":"post","link":"https:\/\/www.europesays.com\/lv\/106612\/","title":{"rendered":"Uz m\u016b\u017eu noties\u0101tais Latvijas pilsonis m\u012bklainos apst\u0101k\u013cos miris britu cietum\u0101"},"content":{"rendered":"<p>    <img decoding=\"async\" src=\"https:\/\/www.europesays.com\/lv\/wp-content\/uploads\/2026\/01\/FotoJet-2026-01-16T171357.299-1024x683.jpg\" alt=\"&#10;\"\/><\/p>\n<p>Foto: UK database\/Facebook, Unsplash.com\n<\/p>\n<p>17:22, 16. janv\u0101ris 2026<\/p>\n<p>B\u0113d\u012bgi slavenais slepkava un Latvijas valstspieder\u012bgais Viktors Dembovskis, kur\u0161 nogalin\u0101ja pusaudzi, kam\u0113r vi\u0146a dev\u0101s m\u0101jup no skolas, 20. decembr\u012b miris cietum\u0101 nosl\u0113pumainos apst\u0101k\u013cos, izcie\u0161ot m\u016b\u017ea ieslodz\u012bjumu.<\/p>\n<p>        Las\u012bt\u0101kie<br \/>\n        <a data-imagesrc=\"{&quot;300&quot;:&quot;https:\\\/\\\/lastatic.ams3.cdn.digitaloceanspaces.com\\\/2025\\\/12\\\/open-fridge-with-plastic-food-co-300x200.jpg&quot;,&quot;1024&quot;:&quot;https:\\\/\\\/lastatic.ams3.cdn.digitaloceanspaces.com\\\/2025\\\/12\\\/open-fridge-with-plastic-food-co-1024x683.jpg&quot;,&quot;1536&quot;:&quot;https:\\\/\\\/lastatic.ams3.cdn.digitaloceanspaces.com\\\/2025\\\/12\\\/open-fridge-with-plastic-food-co-1536x1024.jpg&quot;,&quot;500&quot;:&quot;https:\\\/\\\/lastatic.ams3.cdn.digitaloceanspaces.com\\\/2025\\\/12\\\/open-fridge-with-plastic-food-co-500x333.jpg&quot;,&quot;800&quot;:&quot;https:\\\/\\\/lastatic.ams3.cdn.digitaloceanspaces.com\\\/2025\\\/12\\\/open-fridge-with-plastic-food-co-800x533.jpg&quot;,&quot;2560&quot;:&quot;https:\\\/\\\/lastatic.ams3.cdn.digitaloceanspaces.com\\\/2025\\\/12\\\/open-fridge-with-plastic-food-co-scaled.jpg&quot;}\" data-focuspoint=\"&quot;&quot;\" data-p=\"2479736\" href=\"https:\/\/www.la.lv\/vai-zinaji-ka-ir-partikas-produkti-kurus-absoluti-nevajadzetu-uzglabat-ledusskapi-par-daziem-no-tiem-jus-busiet-parsteigti\" class=\"content-item lazy-load\" wp_automatic_readability=\"27.5\" rel=\"nofollow noopener\" target=\"_blank\"><\/p>\n<p>                                <img decoding=\"async\" src=\"\" alt=\"\" style=\"\" data-imageid=\"\"\/><\/p>\n<p>\n                                                Vai zin\u0101ji, ka ir p\u0101rtikas produkti, kurus absol\u016bti nevajadz\u0113tu uzglab\u0101t ledusskap\u012b? Par da\u017eiem no tiem j\u016bs b\u016bsiet p\u0101rsteigti\n                            <\/p>\n<p><\/a><a data-imagesrc=\"{&quot;300&quot;:&quot;https:\\\/\\\/lastatic.ams3.cdn.digitaloceanspaces.com\\\/2025\\\/09\\\/cap-genmpirs250923-005-300x200.jpg&quot;,&quot;1024&quot;:&quot;https:\\\/\\\/lastatic.ams3.cdn.digitaloceanspaces.com\\\/2025\\\/09\\\/cap-genmpirs250923-005-1024x684.jpg&quot;,&quot;1536&quot;:&quot;https:\\\/\\\/lastatic.ams3.cdn.digitaloceanspaces.com\\\/2025\\\/09\\\/cap-genmpirs250923-005-1536x1025.jpg&quot;,&quot;500&quot;:&quot;https:\\\/\\\/lastatic.ams3.cdn.digitaloceanspaces.com\\\/2025\\\/09\\\/cap-genmpirs250923-005-500x334.jpg&quot;,&quot;800&quot;:&quot;https:\\\/\\\/lastatic.ams3.cdn.digitaloceanspaces.com\\\/2025\\\/09\\\/cap-genmpirs250923-005-800x534.jpg&quot;,&quot;2560&quot;:&quot;https:\\\/\\\/lastatic.ams3.cdn.digitaloceanspaces.com\\\/2025\\\/09\\\/cap-genmpirs250923-005-scaled.jpg&quot;}\" data-focuspoint=\"&quot;&quot;\" data-p=\"2495417\" href=\"https:\/\/www.la.lv\/vasingtona-apstajas-plassazinas-lidzekli-nosauca-3-valstis-kas-attureja-trampu-no-uzbrukuma\" class=\"content-item lazy-load\" wp_automatic_readability=\"27\" rel=\"nofollow noopener\" target=\"_blank\"><\/p>\n<p>                                <img decoding=\"async\" src=\"\" alt=\"\" style=\"\" data-imageid=\"\"\/><\/p>\n<p>\n                                                Va\u0161ingtona apst\u0101j\u0101s: pla\u0161sazi\u0146as l\u012bdzek\u013ci nosauca 3 valstis, kas attur\u0113ja Trampu no uzbrukuma\n                            <\/p>\n<p><\/a><a data-imagesrc=\"{&quot;300&quot;:&quot;https:\\\/\\\/lastatic.ams3.cdn.digitaloceanspaces.com\\\/2024\\\/02\\\/11154912-1-300x212.jpg&quot;,&quot;768&quot;:&quot;https:\\\/\\\/lastatic.ams3.cdn.digitaloceanspaces.com\\\/2024\\\/02\\\/11154912-1-768x542.jpg&quot;,&quot;200&quot;:&quot;https:\\\/\\\/lastatic.ams3.cdn.digitaloceanspaces.com\\\/2024\\\/02\\\/11154912-1-200x141.jpg&quot;,&quot;400&quot;:&quot;https:\\\/\\\/lastatic.ams3.cdn.digitaloceanspaces.com\\\/2024\\\/02\\\/11154912-1-400x282.jpg&quot;,&quot;500&quot;:&quot;https:\\\/\\\/lastatic.ams3.cdn.digitaloceanspaces.com\\\/2024\\\/02\\\/11154912-1-500x353.jpg&quot;,&quot;800&quot;:&quot;https:\\\/\\\/lastatic.ams3.cdn.digitaloceanspaces.com\\\/2024\\\/02\\\/11154912-1-800x565.jpg&quot;,&quot;1000&quot;:&quot;https:\\\/\\\/lastatic.ams3.cdn.digitaloceanspaces.com\\\/2024\\\/02\\\/11154912-1.jpg&quot;}\" data-focuspoint=\"{&quot;x&quot;:&quot;50.43754378608738&quot;,&quot;y&quot;:&quot;41.2731088085092&quot;}\" data-p=\"2495418\" href=\"https:\/\/www.la.lv\/ta-ir-katastrofa-krievija-kas-tads-nebija-noticis-kops-2020-gada\" class=\"content-item lazy-load\" wp_automatic_readability=\"26\" rel=\"nofollow noopener\" target=\"_blank\"><\/p>\n<p>                                <img decoding=\"async\" src=\"\" alt=\"\" style=\"object-position: 50.43754378608738% 41.2731088085092%\" data-imageid=\"\"\/><\/p>\n<p>\n                                                T\u0101 ir katastrofa! Krievij\u0101 kas t\u0101ds nebija noticis kop\u0161 2020. gada<\/p>\n<p><\/a><br \/>\n        <a class=\"read-more\" href=\"https:\/\/www.la.lv\/top\" rel=\"nofollow noopener\" target=\"_blank\">Las\u012bt citas zi\u0146as<\/a><\/p>\n<p>K\u0101 zi\u0146o vair\u0101ki \u0101rvalstu mediji, tostarp London-now.co.uk, 63 gadus vecais maniaks Franklendas cietum\u0101, Apvienotaj\u0101 Karalist\u0113, izcieta sodu par 17 gadus vec\u0101s D\u017ee\u0161mas Raitatas (Jeshma Raithatha) izvaro\u0161anu un slepkav\u012bbu 2005. gad\u0101 Gr\u012bnford\u0101, Rietumlondon\u0101.<\/p>\n<p>Dembovskis pasl\u0113p\u0101s sl\u0113pn\u012b, kas atrad\u0101s pie g\u0101j\u0113ju celi\u0146a, un uzbruka meitenei, kad vi\u0146a g\u0101ja m\u0101j\u0101s no skolas \u2014 tikai da\u017eas dienas pirms vi\u0146as\u00a0 18. dzim\u0161anas dienas. Meitenes l\u012b\u0137is tika atrasts p\u0113c asto\u0146\u0101m dien\u0101m.<\/p>\n<p>    CITI \u0160OBR\u012aD LASA<\/p>\n<p>Dembovskis aizb\u0113ga no valsts p\u0113c tam, kad saprata, ka slepkav\u012bbas viet\u0101 aizmirsis savas atsl\u0113gas, ta\u010du v\u0113l\u0101k tika izdots Apvienotajai Karalistei un nog\u0101d\u0101ts ties\u0101.<\/p>\n<p>Vi\u0146am piespriestais sods noz\u012bm\u0113ja to, ka vi\u0146am nekad neb\u016btu bijusi iesp\u0113ja tikt atbr\u012bvotam no cietuma.<\/p>\n<blockquote><p>Asto\u0146u dienu laik\u0101 \u0161aj\u0101 cietum\u0101 miru\u0161i vair\u0101ki ieslodz\u012btie \u2013 vi\u0146\u0161 bija viens no pieciem.<\/p><\/blockquote>\n<p>Pa\u0161laik notiek izmekl\u0113\u0161ana par katru n\u0101ves gad\u012bjumu, lai noskaidrotu un izv\u0113rt\u0113tu jebk\u0101dus kop\u012bgos mot\u012bvus vai sakrit\u012bbas starp \u0161\u012bm n\u0101v\u0113m.<\/p>\n<p>Ta\u010du laikraksts Northern Echo zi\u0146o, ka p\u0113c vi\u0146u r\u012bc\u012bb\u0101 eso\u0161\u0101s inform\u0101cijas \u0161iem pieciem n\u0101ves gad\u012bjumiem nav tie\u0161as saist\u012bbas.<\/p>\n<p>T\u0113mas<\/p>\n<p>    SAIST\u012aTIE RAKSTI<\/p>\n","protected":false},"excerpt":{"rendered":"Foto: UK database\/Facebook, Unsplash.com 17:22, 16. janv\u0101ris 2026 B\u0113d\u012bgi slavenais slepkava un Latvijas valstspieder\u012bgais Viktors Dembovskis, kur\u0161 nogalin\u0101ja&hellip;\n","protected":false},"author":2,"featured_media":106613,"comment_status":"","ping_status":"","sticky":false,"template":"","format":"standard","meta":{"footnotes":""},"categories":[5],"tags":[23,28,29,32,33,22,30,31,35,39,38,36,37,34,40,20,26,27,24,25,21],"class_list":{"0":"post-106612","1":"post","2":"type-post","3":"status-publish","4":"format-standard","5":"has-post-thumbnail","7":"category-aktualitates","8":"tag-aktualitates","9":"tag-breaking-news","10":"tag-breakingnews","11":"tag-featured-news","12":"tag-featurednews","13":"tag-headlines","14":"tag-latest-news","15":"tag-latestnews","16":"tag-latvia","17":"tag-latvian","18":"tag-latviesu","19":"tag-latviesu-valoda","20":"tag-latviesuvaloda","21":"tag-latvija","22":"tag-lv","23":"tag-news","24":"tag-popularakas-zinas","25":"tag-popularakaszinas","26":"tag-top-stories","27":"tag-topstories","28":"tag-zinas"},"share_on_mastodon":{"url":"https:\/\/pubeurope.com\/@lv\/115905830772249470","error":""},"_links":{"self":[{"href":"https:\/\/www.europesays.com\/lv\/wp-json\/wp\/v2\/posts\/106612","targetHints":{"allow":["GET"]}}],"collection":[{"href":"https:\/\/www.europesays.com\/lv\/wp-json\/wp\/v2\/posts"}],"about":[{"href":"https:\/\/www.europesays.com\/lv\/wp-json\/wp\/v2\/types\/post"}],"author":[{"embeddable":true,"href":"https:\/\/www.europesays.com\/lv\/wp-json\/wp\/v2\/users\/2"}],"replies":[{"embeddable":true,"href":"https:\/\/www.europesays.com\/lv\/wp-json\/wp\/v2\/comments?post=106612"}],"version-history":[{"count":0,"href":"https:\/\/www.europesays.com\/lv\/wp-json\/wp\/v2\/posts\/106612\/revisions"}],"wp:featuredmedia":[{"embeddable":true,"href":"https:\/\/www.europesays.com\/lv\/wp-json\/wp\/v2\/media\/106613"}],"wp:attachment":[{"href":"https:\/\/www.europesays.com\/lv\/wp-json\/wp\/v2\/media?parent=106612"}],"wp:term":[{"taxonomy":"category","embeddable":true,"href":"https:\/\/www.europesays.com\/lv\/wp-json\/wp\/v2\/categories?post=106612"},{"taxonomy":"post_tag","embeddable":true,"href":"https:\/\/www.europesays.com\/lv\/wp-json\/wp\/v2\/tags?post=106612"}],"curies":[{"name":"wp","href":"https:\/\/api.w.org\/{rel}","templated":true}]}}