{"id":106633,"date":"2026-01-16T17:15:17","date_gmt":"2026-01-16T17:15:17","guid":{"rendered":"https:\/\/www.europesays.com\/lv\/106633\/"},"modified":"2026-01-16T17:15:17","modified_gmt":"2026-01-16T17:15:17","slug":"latvijas-florbola-savieniba-lv-2025-2026-jaunumi-runcis-pedeja-minute-izrauj-fbk-valmiera-vss-ceturto-uzvaru","status":"publish","type":"post","link":"https:\/\/www.europesays.com\/lv\/106633\/","title":{"rendered":"Latvijas Florbola savien\u012bba \u00bb LV \u00bb 2025\/2026 \u00bb Jaunumi \u00bb Runcis p\u0113d\u0113j\u0101 min\u016bt\u0113 izrauj &#8220;FBK Valmiera\/VSS&#8221; ceturto uzvaru"},"content":{"rendered":"<p>Runcis p\u0113d\u0113j\u0101 min\u016bt\u0113 izrauj &#8220;FBK Valmiera\/VSS&#8221; ceturto uzvaru<\/p>\n<p><\/p>\n<p>\t\t\t\t\t<img decoding=\"async\" src=\"https:\/\/www.europesays.com\/lv\/wp-content\/uploads\/2026\/01\/runcis_v1_valmiera.jpg\" class=\"news-title-image\" width=\"292.5\" alt=\"runcis_v1_valmiera.jpg\" title=\"Runcis p\u0113d\u0113j\u0101 min\u016bt\u0113 izrauj &quot;FBK Valmiera\/VSS&quot; ceturto uzvaru\" \/><\/p>\n<p style=\"text-align: justify;\">15. janv\u0101r\u012b Valmieras Olimpiskaj\u0101 centr\u0101 aizvad\u012btaj\u0101 Latvijas \u010dempion\u0101ta v\u012brie\u0161u 1. l\u012bgas Austrumu grupas regul\u0101r\u0101 turn\u012bra c\u012b\u0146\u0101 &#8220;FBK Valmiera\/VSS&#8221; ar <a href=\"https:\/\/www.floorball.lv\/lv\/2025\/chempionats\/v1\/proto\/52165-val-aiz\" target=\"_self\" rel=\"nofollow noopener\">8:7<\/a> pieveica vicel\u012bderi &#8220;Aizkraukle\/Koknese&#8221;. Iz\u0161\u0137iro\u0161os v\u0101rtus pamatlaik\u0101 p\u0113d\u0113j\u0101 min\u016bt\u0113 guva Armands Runcis.<\/p>\n<p style=\"text-align: justify;\">\u00a0<\/p>\n<p style=\"text-align: justify;\">Foto: J\u0101nis L\u0101rmanis<\/p>\n<p>\u00a0<\/p>\n<p><\/p>\n<tr>\n<td style=\"text-align:center;\"><a href=\"https:\/\/www.floorball.lv\/out.php?id=334&amp;url=http%3A%2F%2Flino.lv\" target=\"_blank\" title=\"OXDOG\" rel=\"nofollow noopener\"><br \/>\n\t\t\t\t\t<img loading=\"lazy\" decoding=\"async\" class=\"banner_news_bottom\" src=\"https:\/\/www.europesays.com\/lv\/wp-content\/uploads\/2025\/09\/1531398467.jpg\" width=\"233\" height=\"66\" alt=\"OXDOG\" \/><br \/>\n\t\t\t\t<\/a><\/td>\n<\/tr>\n","protected":false},"excerpt":{"rendered":"Runcis p\u0113d\u0113j\u0101 min\u016bt\u0113 izrauj &#8220;FBK Valmiera\/VSS&#8221; ceturto uzvaru 15. janv\u0101r\u012b Valmieras Olimpiskaj\u0101 centr\u0101 aizvad\u012btaj\u0101 Latvijas \u010dempion\u0101ta v\u012brie\u0161u 1.&hellip;\n","protected":false},"author":2,"featured_media":106634,"comment_status":"","ping_status":"","sticky":false,"template":"","format":"standard","meta":{"footnotes":""},"categories":[17],"tags":[405,604,603,283,35,39,38,36,37,34,606,40,67,605],"class_list":{"0":"post-106633","1":"post","2":"type-post","3":"status-publish","4":"format-standard","5":"has-post-thumbnail","7":"category-sports","8":"tag-405","9":"tag-cempionats","10":"tag-floorball-lv","11":"tag-florbols","12":"tag-latvia","13":"tag-latvian","14":"tag-latviesu","15":"tag-latviesu-valoda","16":"tag-latviesuvaloda","17":"tag-latvija","18":"tag-lfs","19":"tag-lv","20":"tag-sports","21":"tag-virsliga"},"share_on_mastodon":{"url":"https:\/\/pubeurope.com\/@lv\/115905909434324107","error":""},"_links":{"self":[{"href":"https:\/\/www.europesays.com\/lv\/wp-json\/wp\/v2\/posts\/106633","targetHints":{"allow":["GET"]}}],"collection":[{"href":"https:\/\/www.europesays.com\/lv\/wp-json\/wp\/v2\/posts"}],"about":[{"href":"https:\/\/www.europesays.com\/lv\/wp-json\/wp\/v2\/types\/post"}],"author":[{"embeddable":true,"href":"https:\/\/www.europesays.com\/lv\/wp-json\/wp\/v2\/users\/2"}],"replies":[{"embeddable":true,"href":"https:\/\/www.europesays.com\/lv\/wp-json\/wp\/v2\/comments?post=106633"}],"version-history":[{"count":0,"href":"https:\/\/www.europesays.com\/lv\/wp-json\/wp\/v2\/posts\/106633\/revisions"}],"wp:featuredmedia":[{"embeddable":true,"href":"https:\/\/www.europesays.com\/lv\/wp-json\/wp\/v2\/media\/106634"}],"wp:attachment":[{"href":"https:\/\/www.europesays.com\/lv\/wp-json\/wp\/v2\/media?parent=106633"}],"wp:term":[{"taxonomy":"category","embeddable":true,"href":"https:\/\/www.europesays.com\/lv\/wp-json\/wp\/v2\/categories?post=106633"},{"taxonomy":"post_tag","embeddable":true,"href":"https:\/\/www.europesays.com\/lv\/wp-json\/wp\/v2\/tags?post=106633"}],"curies":[{"name":"wp","href":"https:\/\/api.w.org\/{rel}","templated":true}]}}