{"id":106635,"date":"2026-01-16T17:19:04","date_gmt":"2026-01-16T17:19:04","guid":{"rendered":"https:\/\/www.europesays.com\/lv\/106635\/"},"modified":"2026-01-16T17:19:04","modified_gmt":"2026-01-16T17:19:04","slug":"macado-pauz-parliecibu-ka-klus-par-venecuelas-prezidenti-kad-bus-pienacis-istais-laiks","status":"publish","type":"post","link":"https:\/\/www.europesays.com\/lv\/106635\/","title":{"rendered":"Ma\u010dado pau\u017e p\u0101rliec\u012bbu, ka k\u013c\u016bs par Venecu\u0113las prezidenti, kad b\u016bs pien\u0101cis \u012bstais laiks"},"content":{"rendered":"<p>P\u0113c l\u012bdz\u0161in\u0113j\u0101 Venecu\u0113las prezidenta Nikolasa Maduro sag\u016bst\u012b\u0161anas ASV milit\u0101r\u0101s oper\u0101cijas gait\u0101 Karakas\u0101 Savienoto Valstu prezidents <a href=\"https:\/\/www.tvnet.lv\/term\/555636\/donalds-tramps\" class=\"topicLink\" target=\"_blank\" rel=\"nofollow noopener\">Donalds Tramps<\/a> k\u0101 Venecu\u0113las pagaidu l\u012bderi atbalst\u012bjis Maduro biju\u0161o viceprezidenti Delsiju Rodrigesu.<\/p>\n<p>&#8220;Es ticu, ka tad, kad b\u016bs pien\u0101cis \u012bstais laiks, es tik\u0161u iev\u0113l\u0113ta par Venecu\u0113las prezidenti, pirmo prezidenti sievieti,&#8221; intervij\u0101 &#8220;Fox News&#8221; sac\u012bja Ma\u010dado.<\/p>\n<p>Ma\u010dado partija publiskojusi liec\u012bbas, ka Maduro ir nozadzis 2024. gada v\u0113l\u0113\u0161anas. \u0160os apgalvojumus atbalsta Va\u0161ingtona un liela da\u013ca starptautisk\u0101s sabiedr\u012bbas.<\/p>\n<p>Ta\u010du Tramps ir teicis, ka Ma\u010dado nav pietiekama atbalsta venecu\u0113lie\u0161u vid\u016b, un izv\u0113l\u0113jies str\u0101d\u0101t ar Rodrigesu, ja vien vi\u0146a iev\u0113ros pras\u012bbas par ASV piek\u013cuvi Venecu\u0113las milz\u012bgaj\u0101m naftas rezerv\u0113m.<\/p>\n<p>&#8220;Es v\u0113los kalpot savai valstij tur, kur esmu noder\u012bg\u0101ka. Man ir pie\u0161\u0137irts mand\u0101ts, un man \u0161is mand\u0101ts ir,&#8221; sac\u012bja opoz\u012bcijas l\u012bdere.<\/p>\n<p>Ceturtdien Ma\u010dado pasniedza Trampam savu Nobela Miera pr\u0113mijas meda\u013cu.<\/p>\n<p>&#8220;Vi\u0146\u0161 to ir peln\u012bjis,&#8221; sac\u012bja politi\u0137e. &#8220;Un tas bija \u013coti emocion\u0101ls br\u012bdis, es nol\u0113mu pasniegt Nobela Miera pr\u0113mijas meda\u013cu Venecu\u0113las tautas v\u0101rd\u0101.&#8221;<\/p>\n<p>Tramps vair\u0101kk\u0101rt &#8211; gan pirms Nobela Miera pr\u0113mijas pie\u0161\u0137ir\u0161anas, gan p\u0113c tam &#8211; uzst\u0101jis, ka pr\u0113mija pien\u0101kas vi\u0146am.<\/p>\n<p>Trampam un Rodrigesai tre\u0161dien bija pirm\u0101 telefonsaruna, un Baltais nams pazi\u0146oja, ka prezidentam &#8220;pat\u012bk tas, ko vi\u0146\u0161 redz&#8221;.<\/p>\n<p>Laikraksts &#8220;New York Times&#8221; zi\u0146o, ka ASV Centr\u0101l\u0101s izl\u016bko\u0161anas p\u0101rvaldes (CIP) direktors D\u017eons Ratklifs ceturtdien ticies ar Rodrigesu, un t\u0101 ir v\u0113l viena z\u012bme, ka Va\u0161ingtona vi\u0146u uzskata par v\u0113lamo l\u012bderi, vismaz \u012bstermi\u0146\u0101.<\/p>\n","protected":false},"excerpt":{"rendered":"P\u0113c l\u012bdz\u0161in\u0113j\u0101 Venecu\u0113las prezidenta Nikolasa Maduro sag\u016bst\u012b\u0161anas ASV milit\u0101r\u0101s oper\u0101cijas gait\u0101 Karakas\u0101 Savienoto Valstu prezidents Donalds Tramps k\u0101&hellip;\n","protected":false},"author":2,"featured_media":106636,"comment_status":"","ping_status":"","sticky":false,"template":"","format":"standard","meta":{"footnotes":""},"categories":[5],"tags":[23,28,29,542,32,33,22,30,31,35,39,38,36,37,34,40,20,6080,4988,26,27,24,25,358,21],"class_list":{"0":"post-106635","1":"post","2":"type-post","3":"status-publish","4":"format-standard","5":"has-post-thumbnail","7":"category-aktualitates","8":"tag-aktualitates","9":"tag-breaking-news","10":"tag-breakingnews","11":"tag-donalds-tramps","12":"tag-featured-news","13":"tag-featurednews","14":"tag-headlines","15":"tag-latest-news","16":"tag-latestnews","17":"tag-latvia","18":"tag-latvian","19":"tag-latviesu","20":"tag-latviesu-valoda","21":"tag-latviesuvaloda","22":"tag-latvija","23":"tag-lv","24":"tag-news","25":"tag-nobela-miera-premija","26":"tag-nobela-premija","27":"tag-popularakas-zinas","28":"tag-popularakaszinas","29":"tag-top-stories","30":"tag-topstories","31":"tag-venecuela","32":"tag-zinas"},"share_on_mastodon":{"url":"https:\/\/pubeurope.com\/@lv\/115905925165204192","error":""},"_links":{"self":[{"href":"https:\/\/www.europesays.com\/lv\/wp-json\/wp\/v2\/posts\/106635","targetHints":{"allow":["GET"]}}],"collection":[{"href":"https:\/\/www.europesays.com\/lv\/wp-json\/wp\/v2\/posts"}],"about":[{"href":"https:\/\/www.europesays.com\/lv\/wp-json\/wp\/v2\/types\/post"}],"author":[{"embeddable":true,"href":"https:\/\/www.europesays.com\/lv\/wp-json\/wp\/v2\/users\/2"}],"replies":[{"embeddable":true,"href":"https:\/\/www.europesays.com\/lv\/wp-json\/wp\/v2\/comments?post=106635"}],"version-history":[{"count":0,"href":"https:\/\/www.europesays.com\/lv\/wp-json\/wp\/v2\/posts\/106635\/revisions"}],"wp:featuredmedia":[{"embeddable":true,"href":"https:\/\/www.europesays.com\/lv\/wp-json\/wp\/v2\/media\/106636"}],"wp:attachment":[{"href":"https:\/\/www.europesays.com\/lv\/wp-json\/wp\/v2\/media?parent=106635"}],"wp:term":[{"taxonomy":"category","embeddable":true,"href":"https:\/\/www.europesays.com\/lv\/wp-json\/wp\/v2\/categories?post=106635"},{"taxonomy":"post_tag","embeddable":true,"href":"https:\/\/www.europesays.com\/lv\/wp-json\/wp\/v2\/tags?post=106635"}],"curies":[{"name":"wp","href":"https:\/\/api.w.org\/{rel}","templated":true}]}}