{"id":106639,"date":"2026-01-16T17:25:11","date_gmt":"2026-01-16T17:25:11","guid":{"rendered":"https:\/\/www.europesays.com\/lv\/106639\/"},"modified":"2026-01-16T17:25:11","modified_gmt":"2026-01-16T17:25:11","slug":"gambijas-kugu-registra-direktors-nemis-kukulus-par-krievijas-enu-flotes-kugu-registraciju-raksts","status":"publish","type":"post","link":"https:\/\/www.europesays.com\/lv\/106639\/","title":{"rendered":"Gambijas ku\u0123u re\u0123istra direktors \u0146\u0113mis kuku\u013cus par Krievijas \u00ab\u0113nu flotes\u00bb ku\u0123u re\u0123istr\u0101ciju \/ Raksts"},"content":{"rendered":"<p>Gambijas J\u016bras administr\u0101cijas Ku\u0123u re\u0123istra direktors Lamins D\u017eavara aizb\u0113dzis no valsts, jo k\u013cuvis zin\u0101ms par vi\u0146a l\u012bdzdal\u012bbu korupcijas sh\u0113m\u0101s saist\u012bb\u0101 ar Krievijas &#8220;\u0113nu floti&#8221;. \u0160\u012b maz\u0101 Rietum\u0101frikas valsts kalpojusi par b\u0101zi sankcij\u0101m pak\u013cauto Krievijas tankku\u0123u viltus re\u0123istr\u0101cijai.<\/p>\n<blockquote>\n<p>Izmekl\u0113t\u0101ji uzskata, ka D\u017eavara sa\u0146\u0113mis desmitiem t\u016bksto\u0161u eiro kuku\u013cos apmai\u0146\u0101 pret at\u013cauju \u0161iem ku\u0123iem darboties zem Gambijas karoga.<\/p>\n<\/blockquote>\n<p>Viet\u0113jais interneta medijs &#8220;What\u2019s On Gambia&#8221; zi\u0146o, ka policija p\u0113rn 7. novembr\u012b sa\u0146\u0113ma Gambijas J\u016bras administr\u0101cijas l\u016bgumu izmekl\u0113t dienesta z\u012bmoga pazu\u0161anu no Ku\u0123u re\u0123istra departamenta\u00a0un rad\u0101s aizdomas par ku\u0123u kr\u0101pniecisku re\u0123istr\u0101ciju.<\/p>\n<p>            <img decoding=\"async\" src=\"https:\/\/www.europesays.com\/lv\/wp-content\/uploads\/2026\/01\/sh65.jpg\" alt=\"Gambijas J\u016bras administr\u0101cijas Ku\u0123u re\u0123istra direktors Lamins D\u017eavara tiek tur\u0113ts aizdom\u0101s par kuku\u013c...\"\/><\/p>\n<p>Gambijas J\u016bras administr\u0101cijas Ku\u0123u re\u0123istra direktors Lamins D\u017eavara tiek tur\u0113ts aizdom\u0101s par kuku\u013c\u0146em\u0161anu, re\u0123istr\u0113jot sankcij\u0101m pak\u013cautos Krievijas tankku\u0123us.<\/p>\n<p>Foto: Publicit\u0101tes<\/p>\n<\/p>\n<p>D\u017eavara bija galvenais aizdom\u0101s tur\u0113tais, vi\u0146u aiztur\u0113ja un apcietin\u0101ja, izvirz\u012bja aps\u016bdz\u012bbas korupcij\u0101 un dokumentu vilto\u0161an\u0101, ta\u010du v\u0113l\u0101k atbr\u012bvoja pret dro\u0161\u012bbas naudu.<\/p>\n<blockquote>\n<p>Vi\u0146\u0161 izmantoja iesp\u0113ju un pameta valsti. P\u0113c neofici\u0101l\u0101m zi\u0146\u0101m D\u017eavara devies uz Zviedriju. Gambijas policija uzs\u0101kusi proced\u016bru, lai pan\u0101ktu vi\u0146a starptautisku arestu un izdo\u0161anu.<\/p>\n<\/blockquote>\n<p>LSM jau v\u0113st\u012bja, ka Gambij\u0101 p\u0113rn strauji pieauga re\u0123istr\u0113to tankku\u0123u skaits. Atkl\u0101j\u0101s, ka gandr\u012bz 99 % no &#8220;jaunpien\u0101c\u0113jiem&#8221; ir iek\u013cauti pret Krieviju v\u0113rsto sankciju sarakstos vai iesaist\u012bti t\u0101m pak\u013caut\u0101 tirdzniec\u012bb\u0101. Divi ku\u0123i zem Gambijas viltus karoga novembra beig\u0101s Melnaj\u0101 j\u016br\u0101 pie Bosfora \u0161auruma cieta spr\u0101dzienos.<\/p>\n<p>Gambijas J\u016bras administr\u0101cija anul\u0113ja re\u0123istr\u0101ciju 72 ku\u0123iem. Gandr\u012bz visi bija ieguvu\u0161i viltotus sertifik\u0101tus, kas nepatiesi uzdoti par izsniegtiem Gambij\u0101. Min\u0113t\u0101 iest\u0101de aicin\u0101jusi ostu kontroles inspektorus vis\u0101 pasaul\u0113, ku\u0123im ar Gambijas karogu ierodoties ost\u0101, sazin\u0101ties ar to, lai p\u0101rbaud\u012btu re\u0123istr\u0101cijas sertifik\u0101ta un citu oblig\u0101to dokumentu der\u012bgumu.<\/p>\n<p>                    Valodas k\u013c\u016bda rakst\u0101?<\/p>\n<p class=\"d-none d-md-block\">Iez\u012bm\u0113jiet tekstu un spiediet Ctrl+Enter, lai nos\u016bt\u012btu labojamo teksta fragmentu redaktoram! Par faktu k\u013c\u016bd\u0101m l\u016bdzam zi\u0146ot e-past\u0101 <a href=\"https:\/\/www.lsm.lv\/cdn-cgi\/l\/email-protection\" class=\"__cf_email__\" data-cfemail=\"98eafdfcf9f3fbf1f2f9d8f4ebf5b6f4ee\" rel=\"nofollow noopener\" target=\"_blank\">[email\u00a0protected]<\/a>.<\/p>\n<p class=\"d-md-none\">Iez\u012bm\u0113jiet tekstu un spiediet uz Zi\u0146ot par k\u013c\u016bdu pogas, lai nos\u016bt\u012btu labojamo teksta fragmentu redaktoram!<\/p>\n<p>\n                    Zi\u0146ot par k\u013c\u016bdu\n                <\/p>\n","protected":false},"excerpt":{"rendered":"Gambijas J\u016bras administr\u0101cijas Ku\u0123u re\u0123istra direktors Lamins D\u017eavara aizb\u0113dzis no valsts, jo k\u013cuvis zin\u0101ms par vi\u0146a l\u012bdzdal\u012bbu korupcijas&hellip;\n","protected":false},"author":2,"featured_media":106640,"comment_status":"","ping_status":"","sticky":false,"template":"","format":"standard","meta":{"footnotes":""},"categories":[5],"tags":[23,28,29,32,33,22,30,31,35,39,38,36,37,34,40,20,26,27,24,25,21],"class_list":{"0":"post-106639","1":"post","2":"type-post","3":"status-publish","4":"format-standard","5":"has-post-thumbnail","7":"category-aktualitates","8":"tag-aktualitates","9":"tag-breaking-news","10":"tag-breakingnews","11":"tag-featured-news","12":"tag-featurednews","13":"tag-headlines","14":"tag-latest-news","15":"tag-latestnews","16":"tag-latvia","17":"tag-latvian","18":"tag-latviesu","19":"tag-latviesu-valoda","20":"tag-latviesuvaloda","21":"tag-latvija","22":"tag-lv","23":"tag-news","24":"tag-popularakas-zinas","25":"tag-popularakaszinas","26":"tag-top-stories","27":"tag-topstories","28":"tag-zinas"},"share_on_mastodon":{"url":"https:\/\/pubeurope.com\/@lv\/115905948708085354","error":""},"_links":{"self":[{"href":"https:\/\/www.europesays.com\/lv\/wp-json\/wp\/v2\/posts\/106639","targetHints":{"allow":["GET"]}}],"collection":[{"href":"https:\/\/www.europesays.com\/lv\/wp-json\/wp\/v2\/posts"}],"about":[{"href":"https:\/\/www.europesays.com\/lv\/wp-json\/wp\/v2\/types\/post"}],"author":[{"embeddable":true,"href":"https:\/\/www.europesays.com\/lv\/wp-json\/wp\/v2\/users\/2"}],"replies":[{"embeddable":true,"href":"https:\/\/www.europesays.com\/lv\/wp-json\/wp\/v2\/comments?post=106639"}],"version-history":[{"count":0,"href":"https:\/\/www.europesays.com\/lv\/wp-json\/wp\/v2\/posts\/106639\/revisions"}],"wp:featuredmedia":[{"embeddable":true,"href":"https:\/\/www.europesays.com\/lv\/wp-json\/wp\/v2\/media\/106640"}],"wp:attachment":[{"href":"https:\/\/www.europesays.com\/lv\/wp-json\/wp\/v2\/media?parent=106639"}],"wp:term":[{"taxonomy":"category","embeddable":true,"href":"https:\/\/www.europesays.com\/lv\/wp-json\/wp\/v2\/categories?post=106639"},{"taxonomy":"post_tag","embeddable":true,"href":"https:\/\/www.europesays.com\/lv\/wp-json\/wp\/v2\/tags?post=106639"}],"curies":[{"name":"wp","href":"https:\/\/api.w.org\/{rel}","templated":true}]}}