{"id":106647,"date":"2026-01-16T17:36:07","date_gmt":"2026-01-16T17:36:07","guid":{"rendered":"https:\/\/www.europesays.com\/lv\/106647\/"},"modified":"2026-01-16T17:36:07","modified_gmt":"2026-01-16T17:36:07","slug":"vugd-nav-sanemis-informaciju-par-iespejamiem-ugunsdrosibas-parkapumiem-kekavas-novada-degusaja-eka-2","status":"publish","type":"post","link":"https:\/\/www.europesays.com\/lv\/106647\/","title":{"rendered":"VUGD nav sa\u0146\u0113mis inform\u0101ciju par iesp\u0113jamiem ugunsdro\u0161\u012bbas p\u0101rk\u0101pumiem \u0136ekavas novad\u0101 degu\u0161aj\u0101 \u0113k\u0101"},"content":{"rendered":"<p>Inform\u0101cija par to, vai daudzdz\u012bvok\u013cu dz\u012bvojam\u0101 \u0113k\u0101, izce\u013coties ugunsgr\u0113kam, nostr\u0101d\u0101ja \u0113k\u0101 ier\u012bkot\u0101s ugunsdro\u0161\u012bbai noz\u012bm\u012bg\u0101s in\u017eeniertehnisk\u0101s sist\u0113mas, tiks noskaidrota krimin\u0101lproces\u0101.<\/p>\n<p>\u0145emot v\u0113r\u0101 liesmu izplat\u012bbu un ugunsgr\u0113ka rad\u012bt\u0101s sekas, gl\u0101b\u0113ji notikuma viet\u0101 nevar\u0113ja noteikt, vai dz\u012bvokl\u012b, kur\u0101 izc\u0113l\u0101s <a href=\"https:\/\/www.apollo.lv\/term\/555502\/ugunsgreks\" class=\"topicLink\" target=\"_blank\" rel=\"nofollow noopener\">ugunsgr\u0113ks<\/a>, bija ier\u012bkots d\u016bmu detektors. Ar\u012b tas tiks noskaidrots krimin\u0101lproces\u0101, nor\u0101d\u012bja VUGD.<\/p>\n<p>VUGD uzsver, ka \u0161\u012bs sist\u0113mas ir b\u016btiskas, lai, izce\u013coties ugunsgr\u0113kam, iedz\u012bvot\u0101ji tiktu p\u0113c iesp\u0113jas \u0101tr\u0101k br\u012bdin\u0101ti un var\u0113tu evaku\u0113ties, k\u0101 ar\u012b lai mazin\u0101tu \u0113k\u0101 eso\u0161o sad\u016bmojumu, kas ir viens no iemesliem, k\u0101p\u0113c ugunsgr\u0113k\u0101 cie\u0161 un iet boj\u0101 cilv\u0113ki.<\/p>\n<p>Saska\u0146\u0101 ar Ugunsdro\u0161\u012bbas, ugunsdz\u0113s\u012bbas un gl\u0101b\u0161anas darbu likumu par ugunsdro\u0161\u012bbas in\u017eeniertehnisko sist\u0113mu un apr\u012bkojuma ekspluat\u0101ciju atbild\u012bgs ir objekta \u012bpa\u0161nieks vai p\u0101rvaldnieks.<\/p>\n<p>Dz\u012bvojam\u0101 ciemata &#8220;Jaunlazdu m\u0101jas&#8221; apsaimniekot\u0101js SIA &#8220;Fortium.lv&#8221; a\u0123ent\u016brai LETA \u0161odien uzsv\u0113ra, ka visos dz\u012bvok\u013cos biju\u0161i uzst\u0101d\u012bti d\u016bmu detektori.<\/p>\n<p>Jau zi\u0146ots, ka piektdienas r\u012bt\u0101 dz\u012bvojam\u0101s m\u0101jas ugunsgr\u0113k\u0101 \u0136ekavas novada \u0136ekavas pagasta Krustkalnu ciem\u0101 g\u0101ju\u0161i boj\u0101 divi nepilngad\u012bgie un 29 cilv\u0113ki izgl\u0101bti, no kuriem vair\u0101ki ir cietu\u0161i, bet 15 cilv\u0113ki evaku\u0113ju\u0161ies pa\u0161u sp\u0113kiem. Viens no cietu\u0161ajiem ir b\u0113rns.<\/p>\n<p>Par notiku\u0161o s\u0101kts krimin\u0101lprocess p\u0113c Krimin\u0101llikuma noda\u013cas par noziedz\u012bgiem nodar\u012bjumiem pret \u012bpa\u0161umu.<\/p>\n","protected":false},"excerpt":{"rendered":"Inform\u0101cija par to, vai daudzdz\u012bvok\u013cu dz\u012bvojam\u0101 \u0113k\u0101, izce\u013coties ugunsgr\u0113kam, nostr\u0101d\u0101ja \u0113k\u0101 ier\u012bkot\u0101s ugunsdro\u0161\u012bbai noz\u012bm\u012bg\u0101s in\u017eeniertehnisk\u0101s sist\u0113mas, tiks noskaidrota&hellip;\n","protected":false},"author":2,"featured_media":106648,"comment_status":"","ping_status":"","sticky":false,"template":"","format":"standard","meta":{"footnotes":""},"categories":[12],"tags":[23,28,29,32,33,22,118,30,31,35,39,38,36,37,34,40,20,26,27,24,25,377,21],"class_list":{"0":"post-106647","1":"post","2":"type-post","3":"status-publish","4":"format-standard","5":"has-post-thumbnail","7":"category-latvija","8":"tag-aktualitates","9":"tag-breaking-news","10":"tag-breakingnews","11":"tag-featured-news","12":"tag-featurednews","13":"tag-headlines","14":"tag-kekava","15":"tag-latest-news","16":"tag-latestnews","17":"tag-latvia","18":"tag-latvian","19":"tag-latviesu","20":"tag-latviesu-valoda","21":"tag-latviesuvaloda","22":"tag-latvija","23":"tag-lv","24":"tag-news","25":"tag-popularakas-zinas","26":"tag-popularakaszinas","27":"tag-top-stories","28":"tag-topstories","29":"tag-ugunsgreks","30":"tag-zinas"},"share_on_mastodon":{"url":"https:\/\/pubeurope.com\/@lv\/115905992442187924","error":""},"_links":{"self":[{"href":"https:\/\/www.europesays.com\/lv\/wp-json\/wp\/v2\/posts\/106647","targetHints":{"allow":["GET"]}}],"collection":[{"href":"https:\/\/www.europesays.com\/lv\/wp-json\/wp\/v2\/posts"}],"about":[{"href":"https:\/\/www.europesays.com\/lv\/wp-json\/wp\/v2\/types\/post"}],"author":[{"embeddable":true,"href":"https:\/\/www.europesays.com\/lv\/wp-json\/wp\/v2\/users\/2"}],"replies":[{"embeddable":true,"href":"https:\/\/www.europesays.com\/lv\/wp-json\/wp\/v2\/comments?post=106647"}],"version-history":[{"count":0,"href":"https:\/\/www.europesays.com\/lv\/wp-json\/wp\/v2\/posts\/106647\/revisions"}],"wp:featuredmedia":[{"embeddable":true,"href":"https:\/\/www.europesays.com\/lv\/wp-json\/wp\/v2\/media\/106648"}],"wp:attachment":[{"href":"https:\/\/www.europesays.com\/lv\/wp-json\/wp\/v2\/media?parent=106647"}],"wp:term":[{"taxonomy":"category","embeddable":true,"href":"https:\/\/www.europesays.com\/lv\/wp-json\/wp\/v2\/categories?post=106647"},{"taxonomy":"post_tag","embeddable":true,"href":"https:\/\/www.europesays.com\/lv\/wp-json\/wp\/v2\/tags?post=106647"}],"curies":[{"name":"wp","href":"https:\/\/api.w.org\/{rel}","templated":true}]}}