{"id":106651,"date":"2026-01-16T17:43:08","date_gmt":"2026-01-16T17:43:08","guid":{"rendered":"https:\/\/www.europesays.com\/lv\/106651\/"},"modified":"2026-01-16T17:43:08","modified_gmt":"2026-01-16T17:43:08","slug":"adamsons-komente-piespriesto-cietumsodu-par-spiegosanu-krievijas-laba","status":"publish","type":"post","link":"https:\/\/www.europesays.com\/lv\/106651\/","title":{"rendered":"\u0100damsons koment\u0113 piespriesto cietumsodu par spiego\u0161anu Krievijas lab\u0101"},"content":{"rendered":"<p>\u0100damsons apgalvoja, ka nav var\u0113jis v\u0101kt zi\u0146as Krievijai, jo tas nav vi\u0146a pien\u0101kums. Vi\u0146\u0161 ar\u012b apgalvoja, ka nav neviena fakta, kas pier\u0101d\u012btu, ka vi\u0146\u0161 k\u0101dam b\u016btu devis uzdevumu sniegt zi\u0146as.<\/p>\n<p>\u0100damsons atg\u0101din\u0101ja, ka s\u0101kotn\u0113ji liet\u0101 figur\u0113ja ar\u012b k\u0101dreiz\u0113j\u0101s Valsts dro\u0161\u012bbas komitejas (VDK) izmekl\u0113t\u0101js Andris Strautmanis un biju\u0161ais Valsts dro\u0161\u012bbas dienesta darbinieks Art\u016brs \u0160maukstelis. \u0160\u012bm person\u0101m <a href=\"https:\/\/www.tvnet.lv\/term\/566596\/spiegosana\" class=\"topicLink\" target=\"_blank\" rel=\"nofollow noopener\">spiego\u0161ana<\/a> netiekot inkrimin\u0113ta, bet vi\u0146i aps\u016bdz\u0113ti par citiem Krimin\u0101llikuma pantiem, kl\u0101st\u012bja \u0100damsons. Abi esot liecin\u0101ju\u0161i, ka ekspoliti\u0137is neesot vi\u0146iem devis nek\u0101dus uzdevumus zi\u0146u sagatavo\u0161anai un snieg\u0161anai.<\/p>\n<p>K\u0101 sac\u012bja \u0100damsons, ja AT atst\u0101s sp\u0113k\u0101 apel\u0101cijas instances piespriesto cietumsodu, tad vi\u0146\u0161 nemuk\u0161ot, bet s\u0113d\u0113\u0161ot cietum\u0101. &#8220;Ko tad? S\u0113d\u0113\u0161u cietum\u0101, m\u0101c\u012b\u0161os un rakst\u012b\u0161u memu\u0101rus, jo ar\u012b tam laiks ir vajadz\u012bgs,&#8221; uzsv\u0113ra \u0100damsons.<\/p>\n<p>Ekspoliti\u0137is atg\u0101din\u0101ja, ka p\u0113c Latvijas neatkar\u012bbas atjauno\u0161anas ie\u0146\u0113mis amatus J\u016bras sp\u0113kos un robe\u017esardz\u0113 un labi p\u0101rzinot veidus, k\u0101 likum\u012bgi vai nelikum\u012bgi \u0161\u0137\u0113rsot vi\u0146am labi zin\u0101mo robe\u017eu. T\u0101pat vi\u0146\u0161 bijis iek\u0161lietu ministrs, kas attiec\u012bgi \u013c\u0101vis p\u0101rzin\u0101t dro\u0161\u012bbas sist\u0113mu. &#8220;Ja man b\u016btu v\u0113lme aizmukt, tad es jau to var\u0113ju izdar\u012bt sen, jo manas profesion\u0101l\u0101s iema\u0146as to absol\u016bti pie\u013cauj,&#8221; pauda \u0100damsons.<\/p>\n","protected":false},"excerpt":{"rendered":"\u0100damsons apgalvoja, ka nav var\u0113jis v\u0101kt zi\u0146as Krievijai, jo tas nav vi\u0146a pien\u0101kums. Vi\u0146\u0161 ar\u012b apgalvoja, ka nav&hellip;\n","protected":false},"author":2,"featured_media":106652,"comment_status":"","ping_status":"","sticky":false,"template":"","format":"standard","meta":{"footnotes":""},"categories":[5],"tags":[23,28,29,32,33,22,3108,234,573,30,31,35,39,38,36,37,34,40,20,26,27,3109,24,25,21],"class_list":{"0":"post-106651","1":"post","2":"type-post","3":"status-publish","4":"format-standard","5":"has-post-thumbnail","7":"category-aktualitates","8":"tag-aktualitates","9":"tag-breaking-news","10":"tag-breakingnews","11":"tag-featured-news","12":"tag-featurednews","13":"tag-headlines","14":"tag-janis-adamsons","15":"tag-krievija","16":"tag-kriminallieta","17":"tag-latest-news","18":"tag-latestnews","19":"tag-latvia","20":"tag-latvian","21":"tag-latviesu","22":"tag-latviesu-valoda","23":"tag-latviesuvaloda","24":"tag-latvija","25":"tag-lv","26":"tag-news","27":"tag-popularakas-zinas","28":"tag-popularakaszinas","29":"tag-spiegosana","30":"tag-top-stories","31":"tag-topstories","32":"tag-zinas"},"share_on_mastodon":{"url":"https:\/\/pubeurope.com\/@lv\/115906019528572537","error":""},"_links":{"self":[{"href":"https:\/\/www.europesays.com\/lv\/wp-json\/wp\/v2\/posts\/106651","targetHints":{"allow":["GET"]}}],"collection":[{"href":"https:\/\/www.europesays.com\/lv\/wp-json\/wp\/v2\/posts"}],"about":[{"href":"https:\/\/www.europesays.com\/lv\/wp-json\/wp\/v2\/types\/post"}],"author":[{"embeddable":true,"href":"https:\/\/www.europesays.com\/lv\/wp-json\/wp\/v2\/users\/2"}],"replies":[{"embeddable":true,"href":"https:\/\/www.europesays.com\/lv\/wp-json\/wp\/v2\/comments?post=106651"}],"version-history":[{"count":0,"href":"https:\/\/www.europesays.com\/lv\/wp-json\/wp\/v2\/posts\/106651\/revisions"}],"wp:featuredmedia":[{"embeddable":true,"href":"https:\/\/www.europesays.com\/lv\/wp-json\/wp\/v2\/media\/106652"}],"wp:attachment":[{"href":"https:\/\/www.europesays.com\/lv\/wp-json\/wp\/v2\/media?parent=106651"}],"wp:term":[{"taxonomy":"category","embeddable":true,"href":"https:\/\/www.europesays.com\/lv\/wp-json\/wp\/v2\/categories?post=106651"},{"taxonomy":"post_tag","embeddable":true,"href":"https:\/\/www.europesays.com\/lv\/wp-json\/wp\/v2\/tags?post=106651"}],"curies":[{"name":"wp","href":"https:\/\/api.w.org\/{rel}","templated":true}]}}