{"id":106683,"date":"2026-01-16T18:25:03","date_gmt":"2026-01-16T18:25:03","guid":{"rendered":"https:\/\/www.europesays.com\/lv\/106683\/"},"modified":"2026-01-16T18:25:03","modified_gmt":"2026-01-16T18:25:03","slug":"tramps-draud-ar-tarifiem-valstim-kas-vinu-neatbalstis-grenlandes-jautajuma","status":"publish","type":"post","link":"https:\/\/www.europesays.com\/lv\/106683\/","title":{"rendered":"Tramps draud ar tarifiem valst\u012bm, kas vi\u0146u neatbalst\u012bs Grenlandes jaut\u0101jum\u0101"},"content":{"rendered":"<p>&#8220;Es varu noteikt valst\u012bm tarifu, ja t\u0101s nepiekrit\u012bs Grenlandes liet\u0101,&#8221; pauda <a href=\"https:\/\/www.tvnet.lv\/term\/555410\/asv\" class=\"topicLink\" target=\"_blank\" rel=\"nofollow noopener\">ASV<\/a> prezidents, nesniedzot s\u012bk\u0101ku inform\u0101ciju.<\/p>\n<p>&#8220;Grenlande mums ir vajadz\u012bga nacion\u0101lajai dro\u0161\u012bbai,&#8221; apgalvoja Tramps.<\/p>\n<p>ASV prezidents iepriek\u0161 nebija min\u0113jis, ka izmantos tarifus, lai piespiestu p\u0101r\u0113jo pasauli atbalst\u012bt vi\u0146a ieceri par D\u0101nijas autonom\u0101s teritorijas Grenlandes non\u0101k\u0161anu ASV kontrol\u0113.<\/p>\n<p>Trampa draudi par jaunu tarifu noteik\u0161anu izskan dien\u0101, kad Kopenh\u0101gen\u0101 ieradusies ASV Kongresa deleg\u0101cija, kur\u0101 p\u0101rst\u0101v\u0113ti gan republik\u0101\u0146i, gan demokr\u0101ti, lai paustu atbalstu D\u0101nijai un Grenlandei.<\/p>\n<p>&#8220;M\u0113s apliecin\u0101m abu partiju solidarit\u0101ti ar \u0161\u012bs valsts iedz\u012bvot\u0101jiem un Grenlandi. Vi\u0146i ir biju\u0161i m\u016bsu draugi un sabiedrotie gadu desmitiem,&#8221; \u017eurn\u0101listiem sac\u012bja senators demokr\u0101ts Diks Durbins.<\/p>\n<p>&#8220;M\u0113s v\u0113lamies, lai vi\u0146i zina, ka m\u0113s to \u013coti augstu nov\u0113rt\u0113jam. Un prezidenta izteikumi neatspogu\u013co to, ko j\u016bt Amerikas tauta,&#8221; uzsv\u0113ra senators.<\/p>\n<p>Tramps un Balt\u0101 nama p\u0101rst\u0101vji vair\u0101kk\u0101rt paudu\u0161i, ka Grenlandei b\u016btu j\u0101b\u016bt ASV sast\u0101v\u0101, neizsl\u0113dzot iesp\u0113ju, ka \u0161\u012b m\u0113r\u0137a sasnieg\u0161anai var tikt pielietots milit\u0101rs sp\u0113ks.<\/p>\n","protected":false},"excerpt":{"rendered":"&#8220;Es varu noteikt valst\u012bm tarifu, ja t\u0101s nepiekrit\u012bs Grenlandes liet\u0101,&#8221; pauda ASV prezidents, nesniedzot s\u012bk\u0101ku inform\u0101ciju. &#8220;Grenlande mums&hellip;\n","protected":false},"author":2,"featured_media":106684,"comment_status":"","ping_status":"","sticky":false,"template":"","format":"standard","meta":{"footnotes":""},"categories":[5],"tags":[23,292,28,29,542,32,33,20878,22,30,31,35,39,38,36,37,34,40,20,26,27,24,25,21],"class_list":{"0":"post-106683","1":"post","2":"type-post","3":"status-publish","4":"format-standard","5":"has-post-thumbnail","7":"category-aktualitates","8":"tag-aktualitates","9":"tag-asv","10":"tag-breaking-news","11":"tag-breakingnews","12":"tag-donalds-tramps","13":"tag-featured-news","14":"tag-featurednews","15":"tag-grenlande","16":"tag-headlines","17":"tag-latest-news","18":"tag-latestnews","19":"tag-latvia","20":"tag-latvian","21":"tag-latviesu","22":"tag-latviesu-valoda","23":"tag-latviesuvaloda","24":"tag-latvija","25":"tag-lv","26":"tag-news","27":"tag-popularakas-zinas","28":"tag-popularakaszinas","29":"tag-top-stories","30":"tag-topstories","31":"tag-zinas"},"share_on_mastodon":{"url":"https:\/\/pubeurope.com\/@lv\/115906184826076785","error":""},"_links":{"self":[{"href":"https:\/\/www.europesays.com\/lv\/wp-json\/wp\/v2\/posts\/106683","targetHints":{"allow":["GET"]}}],"collection":[{"href":"https:\/\/www.europesays.com\/lv\/wp-json\/wp\/v2\/posts"}],"about":[{"href":"https:\/\/www.europesays.com\/lv\/wp-json\/wp\/v2\/types\/post"}],"author":[{"embeddable":true,"href":"https:\/\/www.europesays.com\/lv\/wp-json\/wp\/v2\/users\/2"}],"replies":[{"embeddable":true,"href":"https:\/\/www.europesays.com\/lv\/wp-json\/wp\/v2\/comments?post=106683"}],"version-history":[{"count":0,"href":"https:\/\/www.europesays.com\/lv\/wp-json\/wp\/v2\/posts\/106683\/revisions"}],"wp:featuredmedia":[{"embeddable":true,"href":"https:\/\/www.europesays.com\/lv\/wp-json\/wp\/v2\/media\/106684"}],"wp:attachment":[{"href":"https:\/\/www.europesays.com\/lv\/wp-json\/wp\/v2\/media?parent=106683"}],"wp:term":[{"taxonomy":"category","embeddable":true,"href":"https:\/\/www.europesays.com\/lv\/wp-json\/wp\/v2\/categories?post=106683"},{"taxonomy":"post_tag","embeddable":true,"href":"https:\/\/www.europesays.com\/lv\/wp-json\/wp\/v2\/tags?post=106683"}],"curies":[{"name":"wp","href":"https:\/\/api.w.org\/{rel}","templated":true}]}}