{"id":106688,"date":"2026-01-16T18:29:26","date_gmt":"2026-01-16T18:29:26","guid":{"rendered":"https:\/\/www.europesays.com\/lv\/106688\/"},"modified":"2026-01-16T18:29:26","modified_gmt":"2026-01-16T18:29:26","slug":"video-%e2%9f%a9-lviva-drons-trapa-bernu-rotallaukuma","status":"publish","type":"post","link":"https:\/\/www.europesays.com\/lv\/106688\/","title":{"rendered":"VIDEO \u27e9 \u013bviv\u0101 drons tr\u0101pa b\u0113rnu rota\u013claukum\u0101"},"content":{"rendered":"<p>&#8220;Saska\u0146\u0101 ar s\u0101kotn\u0113jo inform\u0101ciju \u013bvivas centr\u0101 tr\u0101p\u012bjis ienaidnieka trieciendrons. Uz notikuma vietu ir devu\u0161ies visi atbilsto\u0161ie dienesti,&#8221; pazi\u0146oja \u013bvivas apgabala administr\u0101cijas vad\u012bt\u0101js Maksims Kozickis.<\/p>\n<p>\u013bvivas m\u0113rs Andrijs Sadovijs public\u0113ja video no notikuma vietas. Taj\u0101 redzama eksplozija b\u0113rnu rota\u013claukum\u0101 pie Banderas pieminek\u013ca.<\/p>\n<blockquote class=\"twitter-tweet\" data-media-max-width=\"560\">\n<p lang=\"uk\" dir=\"ltr\">\u0412\u043e\u0440\u043e\u0436\u0438\u0439 \u0434\u0440\u043e\u043d \u0432\u043f\u0430\u0432 \u043d\u0430 \u0434\u0438\u0442\u044f\u0447\u0438\u0439 \u043c\u0430\u0439\u0434\u0430\u043d\u0447\u0438\u043a \u0431\u0456\u043b\u044f \u043f\u0430\u043c\u02bc\u044f\u0442\u043d\u0438\u043a\u0430 \u0411\u0430\u043d\u0434\u0435\u0440\u0456.<\/p>\n<p>\u0421\u0438\u043c\u0432\u043e\u043b\u0456\u0447\u043d\u0435 \u043c\u0456\u0441\u0446\u0435 \u2014 \u0442\u0435, \u0447\u043e\u0433\u043e \u0430\u0433\u0440\u0435\u0441\u043e\u0440 \u0431\u043e\u0457\u0442\u044c\u0441\u044f \u043d\u0430\u0439\u0431\u0456\u043b\u044c\u0448\u0435.<\/p>\n<p>\u041f\u043e\u043f\u0435\u0440\u0435\u0434\u043d\u044c\u043e \u2014 \u0431\u0435\u0437 \u043f\u043e\u0441\u0442\u0440\u0430\u0436\u0434\u0430\u043b\u0438\u0445.<br \/>\u0412\u0438\u0431\u0443\u0445\u043e\u0432\u043e\u044e \u0445\u0432\u0438\u043b\u0435\u044e \u0442\u0440\u043e\u0445\u0438 \u0437\u0430\u0447\u0435\u043f\u0438\u043b\u043e \u0442\u0440\u0430\u043a\u0442\u043e\u0440\u0438\u0441\u0442\u0430, \u044f\u043a\u0438\u0439 \u043f\u0440\u0438\u0431\u0438\u0440\u0430\u0432 \u0441\u043d\u0456\u0433, \u0430\u043b\u0435 \u0437 \u043d\u0438\u043c \u0443\u0441\u0435 \u0433\u0430\u0440\u0430\u0437\u0434.<\/p>\n<p>\u0412\u0438\u0431\u0443\u0445\u043e\u0432\u043e\u044e \u0445\u0432\u0438\u043b\u0435\u044e \u0432\u0438\u0431\u0438\u043b\u043e \u0432\u0456\u043a\u043d\u0430 \u0443 \u0431\u0443\u0434\u0438\u043d\u043a\u0430\u0445 <a href=\"https:\/\/t.co\/WMFVDqWNUj\" rel=\"nofollow\">pic.twitter.com\/WMFVDqWNUj<\/a><\/p>\n<p>\u2014 \u0410\u043d\u0434\u0440\u0456\u0439 \u0421\u0430\u0434\u043e\u0432\u0438\u0439 (@AndriySadovyi) <a href=\"https:\/\/twitter.com\/AndriySadovyi\/status\/2011667739031781667?ref_src=twsrc%5Etfw\" rel=\"nofollow noopener\" target=\"_blank\">January 15, 2026<\/a><\/p><\/blockquote>\n<p>&#8220;Spr\u0101dziena vilnis nedaudz tr\u0101p\u012bja traktoristam, kas t\u012br\u012bja sniegu, ta\u010du ar vi\u0146u viss ir k\u0101rt\u012bb\u0101,&#8221; nor\u0101d\u012bja m\u0113rs.<\/p>\n<p>Trieciena video redzams, ka Banderas piemineklis nav cietis.<\/p>\n<p>K\u0101 zi\u0146o BBC ukrai\u0146u redakcijas korespondents no notikuma vietas, trieciena viet\u0101 str\u0101d\u0101 spridzek\u013cu eksperti, kas biezaj\u0101 snieg\u0101 mekl\u0113 atl\u016bzas vai nomestas spr\u0101gstvielas.<\/p>\n<p><script async src=\"https:\/\/platform.twitter.com\/widgets.js\" charset=\"utf-8\"><\/script><\/p>\n","protected":false},"excerpt":{"rendered":"&#8220;Saska\u0146\u0101 ar s\u0101kotn\u0113jo inform\u0101ciju \u013bvivas centr\u0101 tr\u0101p\u012bjis ienaidnieka trieciendrons. Uz notikuma vietu ir devu\u0161ies visi atbilsto\u0161ie dienesti,&#8221; pazi\u0146oja&hellip;\n","protected":false},"author":2,"featured_media":106689,"comment_status":"","ping_status":"","sticky":false,"template":"","format":"standard","meta":{"footnotes":""},"categories":[14],"tags":[23,57,28,29,2008,32,33,22,74,30,31,35,39,38,36,37,34,40,20,26,27,24,25,276,54,55,56,21,58],"class_list":{"0":"post-106688","1":"post","2":"type-post","3":"status-publish","4":"format-standard","5":"has-post-thumbnail","7":"category-zinas-no-arvalstim","8":"tag-aktualitates","9":"tag-arvalstim","10":"tag-breaking-news","11":"tag-breakingnews","12":"tag-drons","13":"tag-featured-news","14":"tag-featurednews","15":"tag-headlines","16":"tag-krievijas-iebrukums-ukraina","17":"tag-latest-news","18":"tag-latestnews","19":"tag-latvia","20":"tag-latvian","21":"tag-latviesu","22":"tag-latviesu-valoda","23":"tag-latviesuvaloda","24":"tag-latvija","25":"tag-lv","26":"tag-news","27":"tag-popularakas-zinas","28":"tag-popularakaszinas","29":"tag-top-stories","30":"tag-topstories","31":"tag-ukraina","32":"tag-world","33":"tag-world-news","34":"tag-worldnews","35":"tag-zinas","36":"tag-zinas-no-arvalstim"},"share_on_mastodon":{"url":"https:\/\/pubeurope.com\/@lv\/115906200388258247","error":""},"_links":{"self":[{"href":"https:\/\/www.europesays.com\/lv\/wp-json\/wp\/v2\/posts\/106688","targetHints":{"allow":["GET"]}}],"collection":[{"href":"https:\/\/www.europesays.com\/lv\/wp-json\/wp\/v2\/posts"}],"about":[{"href":"https:\/\/www.europesays.com\/lv\/wp-json\/wp\/v2\/types\/post"}],"author":[{"embeddable":true,"href":"https:\/\/www.europesays.com\/lv\/wp-json\/wp\/v2\/users\/2"}],"replies":[{"embeddable":true,"href":"https:\/\/www.europesays.com\/lv\/wp-json\/wp\/v2\/comments?post=106688"}],"version-history":[{"count":0,"href":"https:\/\/www.europesays.com\/lv\/wp-json\/wp\/v2\/posts\/106688\/revisions"}],"wp:featuredmedia":[{"embeddable":true,"href":"https:\/\/www.europesays.com\/lv\/wp-json\/wp\/v2\/media\/106689"}],"wp:attachment":[{"href":"https:\/\/www.europesays.com\/lv\/wp-json\/wp\/v2\/media?parent=106688"}],"wp:term":[{"taxonomy":"category","embeddable":true,"href":"https:\/\/www.europesays.com\/lv\/wp-json\/wp\/v2\/categories?post=106688"},{"taxonomy":"post_tag","embeddable":true,"href":"https:\/\/www.europesays.com\/lv\/wp-json\/wp\/v2\/tags?post=106688"}],"curies":[{"name":"wp","href":"https:\/\/api.w.org\/{rel}","templated":true}]}}