{"id":106695,"date":"2026-01-16T18:48:22","date_gmt":"2026-01-16T18:48:22","guid":{"rendered":"https:\/\/www.europesays.com\/lv\/106695\/"},"modified":"2026-01-16T18:48:22","modified_gmt":"2026-01-16T18:48:22","slug":"par-seksualu-vardarbibu-pret-savu-mazgadigo-meitu-tevam-piespriesti-15-gadi-cietuma","status":"publish","type":"post","link":"https:\/\/www.europesays.com\/lv\/106695\/","title":{"rendered":"Par seksu\u0101lu vardarb\u012bbu pret savu mazgad\u012bgo meitu t\u0113vam piespriesti 15 gadi cietum\u0101"},"content":{"rendered":"<p class=\"lead\">\n                                Zemgales rajona tiesa piespriedusi k\u0101dam v\u012brietim 15 gadu cietumsodu un noteikusi prob\u0101cijas uzraudz\u012bbu uz pieciem gadiem par seksu\u0101lu vardarb\u012bbu pret savu mazgad\u012bgo meitu, k\u0101 ar\u012b cietsird\u012bgu iztur\u0113\u0161anos pret v\u0113l diviem mazgad\u012bgiem b\u0113rniem.\n                            <\/p>\n<p>Ties\u0101 noskaidrots, ka aps\u016bdz\u0113tais laika posm\u0101 no 2017. gada septembra l\u012bdz 2023. gada maijam, dz\u012bvojot kop\u0101 ar meitu, kura nebija sasniegusi 16 gadu vecumu, atk\u0101rtoti pret vi\u0146u vardarb\u012bgi veica seksu\u0101la rakstura darb\u012bbas.<\/p>\n<p>V\u012brietis apzin\u0101ti izmantoja br\u012b\u017eus, kad ar meitu atrad\u0101s vienatn\u0113 un nebija citu personu, kas var\u0113tu trauc\u0113t noziedz\u012bgajai r\u012bc\u012bbai. Vi\u0146\u0161 izmantoja b\u0113rna uztic\u0113\u0161anos t\u0113vam un meitenes bezpal\u012bdz\u012bbas st\u0101vokli \u2014 sava vecuma d\u0113\u013c cietus\u012b nesp\u0113ja piln\u012bb\u0101 izprast notieko\u0161\u0101 b\u016bt\u012bbu un noz\u012bmi, k\u0101 ar\u012b nesp\u0113ja pretoties.<\/p>\n<p>Papildus tam aps\u016bdz\u0113tais, atrodoties alkohola reibum\u0101, vair\u0101kk\u0101rt iztur\u0113j\u0101s pret meitu emocion\u0101li, cietsird\u012bgi un vardarb\u012bgi. T\u0113vs b\u0113rnam draud\u0113ja, ka gad\u012bjum\u0101, ja notiku\u0161ais tiks atkl\u0101ts, \u0123imene tik\u0161ot izjaukta, vi\u0146ai neb\u016b\u0161ot m\u0101tes un meitene non\u0101k\u0161ot &#8220;adopcijas centr\u0101&#8221;.<\/p>\n<p>B\u016bdams persona, no kuras b\u0113rni bija gan materi\u0101li, gan cit\u0101di atkar\u012bgi, v\u012brietis cietsird\u012bgi iztur\u0113j\u0101s ar\u012b pret p\u0101r\u0113jiem saviem mazgad\u012bgajiem b\u0113rniem, nodarot vi\u0146iem b\u016btiskas psihiskas cie\u0161anas. Vi\u0146\u0161 regul\u0101ri kliedza uz b\u0113rniem, aizsk\u0101ra vi\u0146u pa\u0161cie\u0146u, psiholo\u0123iski ietekm\u0113ja, bet, esot da\u017e\u0101du apreibino\u0161u vielu ietekm\u0113, k\u013cuva agres\u012bvs \u2014 gr\u016bst\u012bja, raust\u012bja, lam\u0101j\u0101s ar necenz\u0113tiem v\u0101rdiem, pazemoja un apsauk\u0101ja b\u0113rnus.<\/p>\n<p> Aptauja <\/p>\n<p> Par k\u0101du saturu LASI.LV b\u016btu gatavs maks\u0101t? <\/p>\n<p class=\"paragraph-muted\">Izv\u0113lies savu soct\u012bklu platformu, lai sekotu LASI.LV: <a href=\"https:\/\/www.facebook.com\/portals.lasi.lv\" target=\"_blank\" rel=\"noopener noreferrer nofollow\">Facebook<\/a>, <a href=\"https:\/\/twitter.com\/lasilvportals\" target=\"_blank\" rel=\"noopener noreferrer nofollow\">X<\/a>, <a href=\"https:\/\/bsky.app\/profile\/lasilv.bsky.social\" target=\"_blank\" rel=\"noopener noreferrer nofollow\">Bluesky<\/a>, <a href=\"https:\/\/www.draugiem.lv\/lasilv\/?pg=4\" target=\"_blank\" rel=\"noopener noreferrer nofollow\">Draugiem<\/a>, <a href=\"https:\/\/www.threads.com\/@lasilv_zinas\" rel=\"nofollow noopener\" target=\"_blank\">Threads<\/a> vai ar\u012b <a href=\"https:\/\/www.instagram.com\/lasilv_zinas\/\" target=\"_blank\" rel=\"noopener noreferrer nofollow\">Instagram<\/a>. Pievienojies m\u016bsu las\u012bt\u0101ju pulkam, lai sa\u0146emtu \u012bpa\u0161i tev atlas\u012btu noder\u012bgu, praktisku un aktu\u0101lu saturu.\u00a0<\/p>\n<p style=\"margin-left:auto;\">Pieraksties LASI.LV redaktora v\u0113stkopai <a href=\"https:\/\/lasi.lv\/vestkopa\/lasi-lv-galvena-redaktora-vestkopa\" rel=\"nofollow noopener\" target=\"_blank\">\u0161eit<\/a>.<\/p>\n<p>Pieraksties v\u0113stkopai un divas reizes ned\u0113\u013c\u0101 sa\u0146em padzi\u013cin\u0101tu LASI.LV galven\u0101 redaktora aktu\u0101lo zi\u0146u, kompetentu viedok\u013cu un interesant\u0101ko interviju apkopojumu.<\/p>\n<p>Ko tu sa\u0146emsi:<\/p>\n<ul>\n<li>Daudzveid\u012bgus koment\u0101rus un kompetentus Latvijas Mediju \u017eurn\u0101listu un autoru viedok\u013cus par aktu\u0101lo<\/li>\n<li>Ekspertu koment\u0101rus par da\u017e\u0101diem praktiskiem, noder\u012bgiem tematiem<\/li>\n<li>Aizraujo\u0161us materi\u0101lus par v\u0113sturi, psiholo\u0123iju, kult\u016bru<\/li>\n<li>Gata \u0160\u013c\u016bkas karikat\u016bru<\/li>\n<li>Tav\u0101 e-pasta kast\u012bt\u0113 katru ceturtdienu<\/li>\n<\/ul>\n<p style=\"margin-left:auto;\">\u00a0<\/p>\n<p><script async src=\"https:\/\/platform.twitter.com\/widgets.js\" charset=\"utf-8\"><\/script><script async src=\"\/\/www.instagram.com\/embed.js\"><\/script><\/p>\n","protected":false},"excerpt":{"rendered":"Zemgales rajona tiesa piespriedusi k\u0101dam v\u012brietim 15 gadu cietumsodu un noteikusi prob\u0101cijas uzraudz\u012bbu uz pieciem gadiem par seksu\u0101lu&hellip;\n","protected":false},"author":2,"featured_media":106696,"comment_status":"","ping_status":"","sticky":false,"template":"","format":"standard","meta":{"footnotes":""},"categories":[5],"tags":[23,28,29,32,33,22,30,31,35,39,38,36,37,34,40,20,26,27,24,25,21],"class_list":{"0":"post-106695","1":"post","2":"type-post","3":"status-publish","4":"format-standard","5":"has-post-thumbnail","7":"category-aktualitates","8":"tag-aktualitates","9":"tag-breaking-news","10":"tag-breakingnews","11":"tag-featured-news","12":"tag-featurednews","13":"tag-headlines","14":"tag-latest-news","15":"tag-latestnews","16":"tag-latvia","17":"tag-latvian","18":"tag-latviesu","19":"tag-latviesu-valoda","20":"tag-latviesuvaloda","21":"tag-latvija","22":"tag-lv","23":"tag-news","24":"tag-popularakas-zinas","25":"tag-popularakaszinas","26":"tag-top-stories","27":"tag-topstories","28":"tag-zinas"},"share_on_mastodon":{"url":"https:\/\/pubeurope.com\/@lv\/115906275064576374","error":""},"_links":{"self":[{"href":"https:\/\/www.europesays.com\/lv\/wp-json\/wp\/v2\/posts\/106695","targetHints":{"allow":["GET"]}}],"collection":[{"href":"https:\/\/www.europesays.com\/lv\/wp-json\/wp\/v2\/posts"}],"about":[{"href":"https:\/\/www.europesays.com\/lv\/wp-json\/wp\/v2\/types\/post"}],"author":[{"embeddable":true,"href":"https:\/\/www.europesays.com\/lv\/wp-json\/wp\/v2\/users\/2"}],"replies":[{"embeddable":true,"href":"https:\/\/www.europesays.com\/lv\/wp-json\/wp\/v2\/comments?post=106695"}],"version-history":[{"count":0,"href":"https:\/\/www.europesays.com\/lv\/wp-json\/wp\/v2\/posts\/106695\/revisions"}],"wp:featuredmedia":[{"embeddable":true,"href":"https:\/\/www.europesays.com\/lv\/wp-json\/wp\/v2\/media\/106696"}],"wp:attachment":[{"href":"https:\/\/www.europesays.com\/lv\/wp-json\/wp\/v2\/media?parent=106695"}],"wp:term":[{"taxonomy":"category","embeddable":true,"href":"https:\/\/www.europesays.com\/lv\/wp-json\/wp\/v2\/categories?post=106695"},{"taxonomy":"post_tag","embeddable":true,"href":"https:\/\/www.europesays.com\/lv\/wp-json\/wp\/v2\/tags?post=106695"}],"curies":[{"name":"wp","href":"https:\/\/api.w.org\/{rel}","templated":true}]}}