{"id":106699,"date":"2026-01-16T18:56:11","date_gmt":"2026-01-16T18:56:11","guid":{"rendered":"https:\/\/www.europesays.com\/lv\/106699\/"},"modified":"2026-01-16T18:56:11","modified_gmt":"2026-01-16T18:56:11","slug":"ostapenko-australian-open-pirmaja-karta-tiksies-slovakieti-sramkovu-semenistaja-cinisies-pret-cehieti-noskovu-lsm","status":"publish","type":"post","link":"https:\/\/www.europesays.com\/lv\/106699\/","title":{"rendered":"Ostapenko \u00abAustralian Open\u00bb pirmaj\u0101 k\u0101rt\u0101 tiksies slov\u0101kieti \u0160ramkovu; Seme\u0146istaja c\u012bn\u012bsies pret \u010dehieti Noskovu &#8211; LSM"},"content":{"rendered":"<ol>\n<li><a href=\"https:\/\/news.google.com\/rss\/articles\/CBMi_gFBVV95cUxOTHh5RkZsS2w3N095bUtWU1d2WVo1WGpYSjFyeloxMUxMN2RfdlVNVWhka3RrdXp2T0xFdW1IUUU0cDlmaXdlUFlNVlFWMEJSNlFlV2RwYll0REIxbmlQN2RRVjhuRjNVb3RFbzdpcjVLY1U3eWlLUk5ZMVJFOG1SS1FRQVBTSmNUQ0V6WFlqNVBnNGpjSGUwN3JGWXR4TXdfX01zczVOSWFNVzZyTkx6c0RPOTBObjRaUHk4dGVHOV93S2lUSzZoT0QzWVNaMW9DeHJlNkhzYnNJS1NpNjlidzNOTWs2dWY5MllmbU95cG5rbzJZaUZwaE5hRkZTdw?oc=5\" target=\"_blank\" rel=\"nofollow noopener\">Ostapenko \u00abAustralian Open\u00bb pirmaj\u0101 k\u0101rt\u0101 tiksies slov\u0101kieti \u0160ramkovu; Seme\u0146istaja c\u012bn\u012bsies pret \u010dehieti Noskovu<\/a>&nbsp;&nbsp;LSM<\/li>\n<li><a href=\"https:\/\/news.google.com\/rss\/articles\/CBMiggJBVV95cUxNa3pONl9xWVVLODI2eGVJUWVNdkN2a0Vtc3RfOEJpc0lUenU0VllqS3JkdENvaEFRQ2VRZm1JZlBQVDZjNW1FWGtEbWR3SWdFSlpqSnNMTEJHa0dsaEJ5LUpfMHE4dGhFc1VOVy1ZUFhfQ3daRGkxZzZmSDMyOTNyWnlBeXB3RkxQVHBjNDNNR2JjQnh3Z0dyc09EVnlXY0tlV0pPb2tycDFvbzdIeGdJdEZmSnV1MHJQY1c2XzI3dVhtR1dQWGMwZUNhY09XVF9pSWN5a2hyRUFDX1JDZ1JHTWVmbnRRR1gzZUhkd3FBRFhnWTB2am1aVi1Iam81bGUzNFE?oc=5\" target=\"_blank\" rel=\"nofollow noopener\">Ostapenko \u00abAustralian Open\u00bb pirmaj\u0101 k\u0101rt\u0101 tiksies ar slov\u0101kieti \u0160ramkovu; Seme\u0146istaja c\u012bn\u012bsies pret \u010dehieti Noskovu<\/a>&nbsp;&nbsp;LSM<\/li>\n<li><a href=\"https:\/\/news.google.com\/rss\/articles\/CBMinwFBVV95cUxQQlRoRm4zR1pZNnJJREpWTDlpclVVNVlWR2g2LTFPOXc5OTlpVTJ5VWwxUi1RYlI2aFdtZFBjblRYZnV2TS1DMDlndVl6M2pXMm5uaGNaZ2t3cmJuN2JZSl9VdVhtUGk3Vmo0YVV6TUxRYzR4aVNwOGJGbmVrX05kT3ZBWFNwMkJiMkZzUU5CbzByZ2JwWUxtWTRqUENNYjA?oc=5\" target=\"_blank\" rel=\"nofollow noopener\">&#8220;Australian Open&#8221; izloz\u0113 Ostapenko tiek pie slov\u0101kietes, Seme\u0146istaja pret \u010dehieti \u2013 Teniss<\/a>&nbsp;&nbsp;Sportacentrs.com<\/li>\n<li><a href=\"https:\/\/news.google.com\/rss\/articles\/CBMi0gFBVV95cUxOaGlrUHlfN0p2LWVWLVRLZGJjY2FSWE9CS0R5Rk9XZnRGNFJ0eUdvNUdWRVQ4OG54RzJ6WUp3LTR2UW5nUGExSWc3UkJyVlRJbEpISTRKTDgwdWRSdW9lQ0hkbEpzbkVfY09LcUd5SFZDT1QzVTVDVWY0M2VpbzI2R3BRUWhOX1owMGFUOXF5Y0xyWGlOR3JNckR1SnV0XzF0bDZ4OHdOUUFwSVpMRXl6bzdYcERGQWtsc1ZNYWJ3U0EzVVQtQUp0d08tRFVIVHhZSWc?oc=5\" target=\"_blank\" rel=\"nofollow noopener\">Ostapenko Australian Open s\u0101ks ar ma\u010du pret \u0160ramkovu, Seme\u0146istaja tiksies ar Noskovu<\/a>&nbsp;&nbsp;Diena<\/li>\n<\/ol>\n","protected":false},"excerpt":{"rendered":"Ostapenko \u00abAustralian Open\u00bb pirmaj\u0101 k\u0101rt\u0101 tiksies slov\u0101kieti \u0160ramkovu; Seme\u0146istaja c\u012bn\u012bsies pret \u010dehieti Noskovu&nbsp;&nbsp;LSM Ostapenko \u00abAustralian Open\u00bb pirmaj\u0101 k\u0101rt\u0101&hellip;\n","protected":false},"author":2,"featured_media":106700,"comment_status":"","ping_status":"","sticky":false,"template":"","format":"standard","meta":{"footnotes":""},"categories":[17],"tags":[35,39,38,36,37,34,40,67],"class_list":{"0":"post-106699","1":"post","2":"type-post","3":"status-publish","4":"format-standard","5":"has-post-thumbnail","7":"category-sports","8":"tag-latvia","9":"tag-latvian","10":"tag-latviesu","11":"tag-latviesu-valoda","12":"tag-latviesuvaloda","13":"tag-latvija","14":"tag-lv","15":"tag-sports"},"share_on_mastodon":{"url":"https:\/\/pubeurope.com\/@lv\/115906306545383047","error":""},"_links":{"self":[{"href":"https:\/\/www.europesays.com\/lv\/wp-json\/wp\/v2\/posts\/106699","targetHints":{"allow":["GET"]}}],"collection":[{"href":"https:\/\/www.europesays.com\/lv\/wp-json\/wp\/v2\/posts"}],"about":[{"href":"https:\/\/www.europesays.com\/lv\/wp-json\/wp\/v2\/types\/post"}],"author":[{"embeddable":true,"href":"https:\/\/www.europesays.com\/lv\/wp-json\/wp\/v2\/users\/2"}],"replies":[{"embeddable":true,"href":"https:\/\/www.europesays.com\/lv\/wp-json\/wp\/v2\/comments?post=106699"}],"version-history":[{"count":0,"href":"https:\/\/www.europesays.com\/lv\/wp-json\/wp\/v2\/posts\/106699\/revisions"}],"wp:featuredmedia":[{"embeddable":true,"href":"https:\/\/www.europesays.com\/lv\/wp-json\/wp\/v2\/media\/106700"}],"wp:attachment":[{"href":"https:\/\/www.europesays.com\/lv\/wp-json\/wp\/v2\/media?parent=106699"}],"wp:term":[{"taxonomy":"category","embeddable":true,"href":"https:\/\/www.europesays.com\/lv\/wp-json\/wp\/v2\/categories?post=106699"},{"taxonomy":"post_tag","embeddable":true,"href":"https:\/\/www.europesays.com\/lv\/wp-json\/wp\/v2\/tags?post=106699"}],"curies":[{"name":"wp","href":"https:\/\/api.w.org\/{rel}","templated":true}]}}