{"id":106701,"date":"2026-01-16T18:59:17","date_gmt":"2026-01-16T18:59:17","guid":{"rendered":"https:\/\/www.europesays.com\/lv\/106701\/"},"modified":"2026-01-16T18:59:17","modified_gmt":"2026-01-16T18:59:17","slug":"sinoptiki-piektdien-prognoze-vel-nedaudz-sniega","status":"publish","type":"post","link":"https:\/\/www.europesays.com\/lv\/106701\/","title":{"rendered":"Sinopti\u0137i piektdien prognoz\u0113 v\u0113l nedaudz sniega"},"content":{"rendered":"<p class=\"descr\">Piektdien Latgal\u0113 saglab\u0101sies auksts un saulains laiks, p\u0101r\u0113j\u0101 valst\u012b b\u016bs daudz m\u0101ko\u0146u, prognoz\u0113 sinopti\u0137i.<\/p>\n<p>Viet\u0101m mazliet snigs. V\u0113j\u0161 l\u0113ni l\u012bdz m\u0113reni p\u016bt\u012bs no dienvidiem, dienvidaustrumiem.<\/p>\n<p>Minim\u0101l\u0101 <a href=\"https:\/\/nra.lv\/laika-zinas\/511383-laika-prognoze-latvija-saulains-un-auksts-lidz-nedelas-beigam.htm\" data-item-link=\"true\" data-item-id=\"511383\" rel=\"nofollow noopener\" target=\"_blank\">gaisa temperat\u016bra<\/a> nakt\u012b b\u016bs -4..-10 gr\u0101di, valsts austrumu da\u013c\u0101 &#8211; l\u012bdz -15 gr\u0101diem, viet\u0101m Latgales dienvidos &#8211; l\u012bdz -20 gr\u0101diem. Maksim\u0101l\u0101 temperat\u016bra dien\u0101 b\u016bs -3..-9 gr\u0101di, austrumu novados &#8211; l\u012bdz -13 gr\u0101diem.<\/p>\n<p>R\u012bg\u0101 16. janv\u0101r\u012b galvenok\u0101rt gaid\u0101ms m\u0101ko\u0146ains laiks, bez b\u016btiskiem nokri\u0161\u0146iem. P\u016bt\u012bs m\u0113rens dienvidu, dienvidaustrumu v\u0113j\u0161. Gaisa temperat\u016bra nakt\u012b un dien\u0101 b\u016bs -7..-9 gr\u0101di.<\/p>\n<p>\t\t\t\t\t\tinfo<\/p>\n<p>Uzzini pirmais<br \/>kas interesants noticis Latvij\u0101 un pasaul\u0113,<br \/>pievienojoties mums <a href=\"https:\/\/t.me\/neatkariga\" rel=\"nofollow\">Telegram<\/a> vai <a href=\"https:\/\/whatsapp.com\/channel\/0029VaMLFUH5K3zLU5s4wm3y\" rel=\"nofollow noopener\" target=\"_blank\">Whatsapp<\/a> kan\u0101l\u0101<\/p>\n","protected":false},"excerpt":{"rendered":"Piektdien Latgal\u0113 saglab\u0101sies auksts un saulains laiks, p\u0101r\u0113j\u0101 valst\u012b b\u016bs daudz m\u0101ko\u0146u, prognoz\u0113 sinopti\u0137i. Viet\u0101m mazliet snigs. V\u0113j\u0161&hellip;\n","protected":false},"author":2,"featured_media":106702,"comment_status":"","ping_status":"","sticky":false,"template":"","format":"standard","meta":{"footnotes":""},"categories":[12],"tags":[23,28,29,32,33,22,30,31,35,39,38,36,37,34,40,20,26,27,24,25,21],"class_list":{"0":"post-106701","1":"post","2":"type-post","3":"status-publish","4":"format-standard","5":"has-post-thumbnail","7":"category-latvija","8":"tag-aktualitates","9":"tag-breaking-news","10":"tag-breakingnews","11":"tag-featured-news","12":"tag-featurednews","13":"tag-headlines","14":"tag-latest-news","15":"tag-latestnews","16":"tag-latvia","17":"tag-latvian","18":"tag-latviesu","19":"tag-latviesu-valoda","20":"tag-latviesuvaloda","21":"tag-latvija","22":"tag-lv","23":"tag-news","24":"tag-popularakas-zinas","25":"tag-popularakaszinas","26":"tag-top-stories","27":"tag-topstories","28":"tag-zinas"},"share_on_mastodon":{"url":"https:\/\/pubeurope.com\/@lv\/115906318461326415","error":""},"_links":{"self":[{"href":"https:\/\/www.europesays.com\/lv\/wp-json\/wp\/v2\/posts\/106701","targetHints":{"allow":["GET"]}}],"collection":[{"href":"https:\/\/www.europesays.com\/lv\/wp-json\/wp\/v2\/posts"}],"about":[{"href":"https:\/\/www.europesays.com\/lv\/wp-json\/wp\/v2\/types\/post"}],"author":[{"embeddable":true,"href":"https:\/\/www.europesays.com\/lv\/wp-json\/wp\/v2\/users\/2"}],"replies":[{"embeddable":true,"href":"https:\/\/www.europesays.com\/lv\/wp-json\/wp\/v2\/comments?post=106701"}],"version-history":[{"count":0,"href":"https:\/\/www.europesays.com\/lv\/wp-json\/wp\/v2\/posts\/106701\/revisions"}],"wp:featuredmedia":[{"embeddable":true,"href":"https:\/\/www.europesays.com\/lv\/wp-json\/wp\/v2\/media\/106702"}],"wp:attachment":[{"href":"https:\/\/www.europesays.com\/lv\/wp-json\/wp\/v2\/media?parent=106701"}],"wp:term":[{"taxonomy":"category","embeddable":true,"href":"https:\/\/www.europesays.com\/lv\/wp-json\/wp\/v2\/categories?post=106701"},{"taxonomy":"post_tag","embeddable":true,"href":"https:\/\/www.europesays.com\/lv\/wp-json\/wp\/v2\/tags?post=106701"}],"curies":[{"name":"wp","href":"https:\/\/api.w.org\/{rel}","templated":true}]}}