{"id":106703,"date":"2026-01-16T19:00:08","date_gmt":"2026-01-16T19:00:08","guid":{"rendered":"https:\/\/www.europesays.com\/lv\/106703\/"},"modified":"2026-01-16T19:00:08","modified_gmt":"2026-01-16T19:00:08","slug":"francijas-jaunais-dailslidosanas-veteranu-duets-ritma-deja-uzveic-visus-konkurentus-spozakie-mirkli-lsm","status":"publish","type":"post","link":"https:\/\/www.europesays.com\/lv\/106703\/","title":{"rendered":"Francijas jaunais dai\u013cslido\u0161anas veter\u0101nu duets ritma dej\u0101 uzveic visus konkurentus. Spo\u017e\u0101kie mirk\u013ci &#8211; LSM"},"content":{"rendered":"<ol>\n<li><a href=\"https:\/\/news.google.com\/rss\/articles\/CBMi-gFBVV95cUxNM29fWV9KVU1mWlNwcVpJVW94YklUYUFfNXJwY3N0SVVRb3A1T3dteE81Vl9lcHNJc0JSdnBHZFlSeTJHazRHWUZjSVpzbmRENGk1Yzc0emJwaE85TXFlcnpwRE8wRUJ6Q2JjX2VuN3M4RDJTUVZzbTJFTzJfcnBmSlZoMTVqVk9NZEdxbmVaYVRfUUFoVG8zcUFHT2dtUWRRc0VHWW1ZS3dRWGlEek43MG1IU1hibzJHZDRGaUI1ZVkwLW5xMFZhQ1ZteEtnbDlYYmx2OXFrVGNjSHFDSW5JendGNzVLZkRBa1hLZEo3M2xqaUUzV3RTY2FB?oc=5\" target=\"_blank\" rel=\"nofollow noopener\">Francijas jaunais dai\u013cslido\u0161anas veter\u0101nu duets ritma dej\u0101 uzveic visus konkurentus. Spo\u017e\u0101kie mirk\u013ci<\/a>&nbsp;&nbsp;LSM<\/li>\n<li><a href=\"https:\/\/news.google.com\/rss\/articles\/CBMipgFBVV95cUxPVXRvVEluR2I3Q3B2dnBCd183TU1YSThjZE5XQUktRHFZZld0TjV2czhzM0RmMHctY3MtQXRsNGlKRG4yWk9rV2FYMGo4R3B1cnNMeDN0dGNqMVFWVlY4QUZNdDh1UmZHa3BJOTNNaEhYSFhHZHp3Q0ZtdHRrNDYxNFhpNXRYZk9jZFJhZXFVR045bGZsSUh2NlRoYkY2dWFHeXRMZUxB?oc=5\" target=\"_blank\" rel=\"nofollow noopener\">&#8220;Vien\u012bgais \u0161aj\u0101 Eiropas \u010dempion\u0101t\u0101 ar paties\u0101m ov\u0101cij\u0101m.&#8221; Fani par Vasi\u013cjevu<\/a>&nbsp;&nbsp;Apollo.lv<\/li>\n<li><a href=\"https:\/\/news.google.com\/rss\/articles\/CBMi0wFBVV95cUxPdUQ3aGtPS0ZGeUMzYzBnTTBfNk1tcUFjWWFad2QxLUs3akhMMy1oVEFBSWdncGMwMGJKRVlLb1FnUXVmNjNtcUdUMDdzQ0VEamt2T3RRT3d5RE1Pd3dNNTVTR1hkMjlLR1kxRldDY3JpZVE0SndlWWJUMUFYNlBHdmRlSlh6eUlpR1FiOHRkYVAtUUdfM2Z1S25aajJHV2lRT09oT21iZVN5QkhpMG9IM2psU3BTVmwzbDRRQjFrdTNzWG5VVzkxVFB4ajhFNXNRYnZB?oc=5\" target=\"_blank\" rel=\"nofollow noopener\">TIE\u0160RAIDE: Eiropas \u010dempion\u0101ts dai\u013cslido\u0161an\u0101. Izv\u0113les programma sieviet\u0113m \/ Raksts<\/a>&nbsp;&nbsp;LSM<\/li>\n<li><a href=\"https:\/\/news.google.com\/rss\/articles\/CBMivwFBVV95cUxOUHEyNW11T3daRmlaN2Job01ibEJ2UVdTM2tqc3R2YlNPM0xPU2JJNHlnaFRBTXd5SkRQSVZkWWJPbkllQW9aY0dyeFJBX0lReHdiUzlKQUt5dExObjZldHZ2Z1ExTUJSUFN1RC1oTG1VQTdMWUFBbXN2ejhyYUVMbzVBM01aMXNVanRuNkQ0Z3hMa1p5bkRSaTZHS0h3ZlpzdmQ1OE9QckdIMzBFVkRvS2JwRjF4bHpienRBZDFnbw?oc=5\" target=\"_blank\" rel=\"nofollow noopener\">&#8220;Dom\u0101ju, ka b\u016bs vair\u0101k!&#8221; Dai\u013cslidot\u0101js Deniss Vasi\u013cjevs neizpratn\u0113 par tiesne\u0161u verdiktu<\/a>&nbsp;&nbsp;Jauns.lv<\/li>\n<li><a href=\"https:\/\/news.google.com\/rss\/articles\/CBMioAFBVV95cUxNY3J5WVR1WVBvekFtOXFBOUVydVk1ZDdjM21lMFNNWllQeVg5NXhfaVhSaXJISzNwSDdBd2tIUFNKTlp1bjh3NXdDQXNxeUstbjNFeDB4S3gySDFnWjJSQWZrN3VqelVkbkNJcHVTOWpmMHdLSkxZQWp6dm5WZmhEZnhaeUlDNVRwaFhIUW1NQ2RVeFQyNGtjc1R3ZEc0Zk9J?oc=5\" target=\"_blank\" rel=\"nofollow noopener\">Debitante Fom\u010denkova E\u010c dai\u013cslido\u0161an\u0101 \u012bsaj\u0101 programm\u0101 tuvu sezonas rekordam \u2013 Ziemas sports<\/a>&nbsp;&nbsp;Sportacentrs.com<\/li>\n<\/ol>\n","protected":false},"excerpt":{"rendered":"Francijas jaunais dai\u013cslido\u0161anas veter\u0101nu duets ritma dej\u0101 uzveic visus konkurentus. Spo\u017e\u0101kie mirk\u013ci&nbsp;&nbsp;LSM &#8220;Vien\u012bgais \u0161aj\u0101 Eiropas \u010dempion\u0101t\u0101 ar paties\u0101m&hellip;\n","protected":false},"author":2,"featured_media":106700,"comment_status":"","ping_status":"","sticky":false,"template":"","format":"standard","meta":{"footnotes":""},"categories":[5],"tags":[23,28,29,32,33,22,30,31,35,39,38,36,37,34,40,20,26,27,24,25,21],"class_list":{"0":"post-106703","1":"post","2":"type-post","3":"status-publish","4":"format-standard","5":"has-post-thumbnail","7":"category-aktualitates","8":"tag-aktualitates","9":"tag-breaking-news","10":"tag-breakingnews","11":"tag-featured-news","12":"tag-featurednews","13":"tag-headlines","14":"tag-latest-news","15":"tag-latestnews","16":"tag-latvia","17":"tag-latvian","18":"tag-latviesu","19":"tag-latviesu-valoda","20":"tag-latviesuvaloda","21":"tag-latvija","22":"tag-lv","23":"tag-news","24":"tag-popularakas-zinas","25":"tag-popularakaszinas","26":"tag-top-stories","27":"tag-topstories","28":"tag-zinas"},"share_on_mastodon":{"url":"https:\/\/pubeurope.com\/@lv\/115906322243795835","error":""},"_links":{"self":[{"href":"https:\/\/www.europesays.com\/lv\/wp-json\/wp\/v2\/posts\/106703","targetHints":{"allow":["GET"]}}],"collection":[{"href":"https:\/\/www.europesays.com\/lv\/wp-json\/wp\/v2\/posts"}],"about":[{"href":"https:\/\/www.europesays.com\/lv\/wp-json\/wp\/v2\/types\/post"}],"author":[{"embeddable":true,"href":"https:\/\/www.europesays.com\/lv\/wp-json\/wp\/v2\/users\/2"}],"replies":[{"embeddable":true,"href":"https:\/\/www.europesays.com\/lv\/wp-json\/wp\/v2\/comments?post=106703"}],"version-history":[{"count":0,"href":"https:\/\/www.europesays.com\/lv\/wp-json\/wp\/v2\/posts\/106703\/revisions"}],"wp:featuredmedia":[{"embeddable":true,"href":"https:\/\/www.europesays.com\/lv\/wp-json\/wp\/v2\/media\/106700"}],"wp:attachment":[{"href":"https:\/\/www.europesays.com\/lv\/wp-json\/wp\/v2\/media?parent=106703"}],"wp:term":[{"taxonomy":"category","embeddable":true,"href":"https:\/\/www.europesays.com\/lv\/wp-json\/wp\/v2\/categories?post=106703"},{"taxonomy":"post_tag","embeddable":true,"href":"https:\/\/www.europesays.com\/lv\/wp-json\/wp\/v2\/tags?post=106703"}],"curies":[{"name":"wp","href":"https:\/\/api.w.org\/{rel}","templated":true}]}}