{"id":106704,"date":"2026-01-16T19:06:05","date_gmt":"2026-01-16T19:06:05","guid":{"rendered":"https:\/\/www.europesays.com\/lv\/106704\/"},"modified":"2026-01-16T19:06:05","modified_gmt":"2026-01-16T19:06:05","slug":"latvijas-udenos-sak-patrulet-atrakais-robezsardzes-patrulkugis-valsti-barta-raksts","status":"publish","type":"post","link":"https:\/\/www.europesays.com\/lv\/106704\/","title":{"rendered":"Latvijas \u016bde\u0146os s\u0101k patrul\u0113t \u0101tr\u0101kais robe\u017esardzes patru\u013cku\u0123is valst\u012b \u2013 \u00abB\u0101rta\u00bb \/ Raksts"},"content":{"rendered":"<p>Liep\u0101jas ost\u0101 svin\u012bg\u0101 ceremonij\u0101 pacelts karogs jaunam robe\u017esardzes patru\u013cku\u0123im &#8220;B\u0101rta&#8221;. Tagad ku\u0123is ir gatavs s\u0101kt patrul\u0113t Latvijas \u016bde\u0146os, uzraudz\u012bt Kurzemes piekrasti un veikt gl\u0101b\u0161anas oper\u0101cijas. Apr\u012bkota ar trim dzin\u0113jiem, &#8220;B\u0101rta&#8221; sp\u0113j att\u012bst\u012bt \u0101trumu l\u012bdz 30 mezgliem \u2013\u00a0aptuveni 60 kilometriem stund\u0101. Viens no ku\u0123a uzdevumiem b\u016bs rea\u0123\u0113t ar\u012b uz t\u0101 d\u0113v\u0113to \u0113nu ku\u0123u par\u0101d\u012b\u0161anos kritisk\u0101s infrastrukt\u016bras tuvum\u0101.\u00a0<\/p>\n<p style=\"margin-left:0cm; margin-right:0cm\">Pace\u013cot karogu, ir iesv\u0113t\u012bts robe\u017epatru\u013cas ku\u0123is &#8220;B\u0101rta&#8221;. Tas patlaban ir \u0101tr\u0101kais Latvijas \u016bde\u0146os, sp\u0113jot att\u012bst\u012bt \u0101trumu gandr\u012bz 60 kilometri stund\u0101, k\u0101 ar\u012b var uz\u0146emt uz kl\u0101ja l\u012bdz 100\u00a0 cilv\u0113ku. Ku\u0123is b\u016bv\u0113ts 2015.\u00a0gad\u0101 Singap\u016br\u0101, un p\u0113rn tam veikta piln\u012bga renov\u0101cija.\u00a0<\/p>\n<p style=\"margin-left:0cm; margin-right:0cm\"><img decoding=\"async\" src=\"https:\/\/www.europesays.com\/lv\/wp-content\/uploads\/2026\/01\/sh95.jpg\" alt=\"Patru\u013cku\u0123is &quot;B\u0101rta&quot;\"\/>Patru\u013cku\u0123is &#8220;B\u0101rta&#8221;<\/p>\n<p>Foto: ARTIS VITOLS\/ Valsts robe\u017esardze<\/p>\n<p><img decoding=\"async\" src=\"https:\/\/www.europesays.com\/lv\/wp-content\/uploads\/2026\/01\/sh94.jpg\" alt=\"Iek\u0161lietu ministrs Rihards Kozlovskis patru\u013cku\u0123a &quot;B\u0101rta&quot; pacel\u0161anas ceremonij\u0101\"\/>Iek\u0161lietu ministrs Rihards Kozlovskis patru\u013cku\u0123a &#8220;B\u0101rta&#8221; pacel\u0161anas ceremonij\u0101<\/p>\n<p>Foto: ARTIS VITOLS\/ Valsts robe\u017esardze<\/p>\n<p><img decoding=\"async\" src=\"https:\/\/www.europesays.com\/lv\/wp-content\/uploads\/2026\/01\/sh98.jpg\" alt=\"Patru\u013cku\u0123is &quot;B\u0101rta&quot;\"\/>Patru\u013cku\u0123is &#8220;B\u0101rta&#8221;<\/p>\n<p>Foto: ARTIS VITOLS\/ Valsts robe\u017esardze<\/p>\n<p><img decoding=\"async\" src=\"https:\/\/www.europesays.com\/lv\/wp-content\/uploads\/2026\/01\/sh96.jpg\" alt=\"Patru\u013cku\u0123is &quot;B\u0101rta&quot;\"\/>Patru\u013cku\u0123is &#8220;B\u0101rta&#8221;<\/p>\n<p>Foto: ARTIS VITOLS\/ Valsts robe\u017esardze<\/p>\n<p><img decoding=\"async\" src=\"https:\/\/www.europesays.com\/lv\/wp-content\/uploads\/2026\/01\/sh97.jpg\" alt=\"Patru\u013cku\u0123is &quot;B\u0101rta&quot;\"\/>Patru\u013cku\u0123is &#8220;B\u0101rta&#8221;<\/p>\n<p>Foto: ARTIS VITOLS\/ Valsts robe\u017esardze<\/p>\n<\/p>\n<p style=\"margin-left:0cm; margin-right:0cm\">&#8220;Ku\u0123is b\u016bs disloc\u0113ts Liep\u0101j\u0101. Attiec\u012bgi ku\u0123a uzdevums b\u016bs patrul\u0113t Kurzemes j\u016bras piekrast\u0113 un rea\u0123\u0113t uz izaicin\u0101jumiem \u2013 uz \u0113nu ku\u0123u par\u0101d\u012b\u0161anos kritisk\u0101s infrastrukt\u016bras tuvum\u0101, uz pies\u0101r\u0146ojumu vai uz malu zvejniekiem. Ku\u0123is past\u0101v\u012bgi uzraudz\u012bs gan Liep\u0101jas ostas akvatoriju, gan Kurzemes \u016bde\u0146us,&#8221; st\u0101st\u012bja Valsts robe\u017esardzes priek\u0161nieks, \u0123ener\u0101lis Guntis Puj\u0101ts.\u00a0<\/p>\n<p style=\"margin-left:0cm; margin-right:0cm\">Iek\u0161lietu ministrs Rihards Kozlovskis (&#8220;Jaun\u0101 Vienot\u012bba&#8221;)a: &#8220;Tas dod iesp\u0113ju uzraudz\u012bt m\u016bsu robe\u017eu efekt\u012bv\u0101k, ar\u012b pietiekami liela kapacit\u0101te vi\u0146am ir gl\u0101b\u0161anas darbos. Tas var uz\u0146emt uz kl\u0101ja vair\u0101k nek\u0101 100 cilv\u0113kus. L\u012bdz ar to es dom\u0101ju, tas ir ne tikai robe\u017eapsardz\u012bbas jaut\u0101jums, bet kopum\u0101 dro\u0161\u012bbas.&#8221;\u00a0<\/p>\n<p style=\"margin-left:0cm; margin-right:0cm\">Iecer\u0113ts, ka katr\u0101 no lielaj\u0101m Latvijas ost\u0101m b\u016btu robe\u017esardzes ku\u0123is.\u00a0<\/p>\n<p style=\"margin-left:0cm; margin-right:0cm\">Valsts robe\u017esardzes Ventspils p\u0101rvaldes priek\u0161nieka vietnieks, pulkve\u017eleitnants Raimonds Garais sac\u012bja: &#8220;Valsts robe\u017esardze att\u012bst\u0101s ne tikai uz sauszemes robe\u017eas, bet Valsts robe\u017esardze neaizmirst ar\u012b to, ka mums ir j\u016bras robe\u017ea un j\u016bras dro\u0161\u012bba ar\u012b ir viena no m\u016bsu priorit\u0101t\u0113m. \u0160obr\u012bd es ar lepnumu varu teikt, ka \u0161is patru\u013cku\u0123is ir pats \u0101tr\u0101kais un pats lab\u0101kais patru\u013cku\u0123is Latvij\u0101, t\u0101p\u0113c ka vi\u0146\u0161 ir paredz\u0113ts tie\u0161i patrul\u0113\u0161anai un ar\u012b p\u0101rk\u0101p\u0113ju aiztur\u0113\u0161anai.&#8221;\u00a0<\/p>\n<p style=\"margin-left:0cm; margin-right:0cm\">Projekta kop\u0113j\u0101s izmaksas ir 6,3 miljoni eiro, kur liel\u0101k\u0101 da\u013ca \u2013 4,7 miljoni \u2013\u00a0ieg\u016bta no Eiropas Savien\u012bbas finans\u0113juma. P\u0101r\u0113j\u0101 nauda ir no valsts bud\u017eeta.\u00a0<\/p>\n<p style=\"margin-left:0cm; margin-right:0cm\">Iek\u0161lietu ministrs skaidroja: &#8220;\u0145emot v\u0113r\u0101, ka Latvijas robe\u017esardze dod ar\u012b lielu ieguld\u012bjumu Eiropas savien\u012bbas misij\u0101s, &#8220;Frontex&#8221; a\u0123ent\u016bras misij\u0101s, t\u0101p\u0113c protams, da\u013ca finans\u0113juma n\u0101k no Eiropas Savien\u012bbas.&#8221;\u00a0<\/p>\n<p style=\"margin-left:0cm; margin-right:0cm\">Dom\u0101jot par valsts dro\u0161\u012bbas stiprin\u0101\u0161anu, iecer\u0113ta ar\u012b turpm\u0101ka robe\u017esardzes apr\u012bkojuma un bru\u0146ojuma moderniz\u0101cija. Tuv\u0101k\u0101 no iecer\u0113m \u2013 ar l\u012bdzv\u0113rt\u012bgu ku\u0123i v\u0113las nomain\u012bt ar\u012b robe\u017esardzes ku\u0123i &#8220;Valpas&#8221; .<\/p>\n<p>                    Valodas k\u013c\u016bda rakst\u0101?<\/p>\n<p class=\"d-none d-md-block\">Iez\u012bm\u0113jiet tekstu un spiediet Ctrl+Enter, lai nos\u016bt\u012btu labojamo teksta fragmentu redaktoram! Par faktu k\u013c\u016bd\u0101m l\u016bdzam zi\u0146ot e-past\u0101 <a href=\"https:\/\/www.lsm.lv\/cdn-cgi\/l\/email-protection\" class=\"__cf_email__\" data-cfemail=\"cebcabaaafa5ada7a4af8ea2bda3e0a2b8\" rel=\"nofollow noopener\" target=\"_blank\">[email\u00a0protected]<\/a>.<\/p>\n<p class=\"d-md-none\">Iez\u012bm\u0113jiet tekstu un spiediet uz Zi\u0146ot par k\u013c\u016bdu pogas, lai nos\u016bt\u012btu labojamo teksta fragmentu redaktoram!<\/p>\n<p>\n                    Zi\u0146ot par k\u013c\u016bdu\n                <\/p>\n","protected":false},"excerpt":{"rendered":"Liep\u0101jas ost\u0101 svin\u012bg\u0101 ceremonij\u0101 pacelts karogs jaunam robe\u017esardzes patru\u013cku\u0123im &#8220;B\u0101rta&#8221;. Tagad ku\u0123is ir gatavs s\u0101kt patrul\u0113t Latvijas \u016bde\u0146os,&hellip;\n","protected":false},"author":2,"featured_media":106705,"comment_status":"","ping_status":"","sticky":false,"template":"","format":"standard","meta":{"footnotes":""},"categories":[5],"tags":[23,28,29,32,33,22,30,31,35,39,38,36,37,34,40,20,26,27,24,25,21],"class_list":{"0":"post-106704","1":"post","2":"type-post","3":"status-publish","4":"format-standard","5":"has-post-thumbnail","7":"category-aktualitates","8":"tag-aktualitates","9":"tag-breaking-news","10":"tag-breakingnews","11":"tag-featured-news","12":"tag-featurednews","13":"tag-headlines","14":"tag-latest-news","15":"tag-latestnews","16":"tag-latvia","17":"tag-latvian","18":"tag-latviesu","19":"tag-latviesu-valoda","20":"tag-latviesuvaloda","21":"tag-latvija","22":"tag-lv","23":"tag-news","24":"tag-popularakas-zinas","25":"tag-popularakaszinas","26":"tag-top-stories","27":"tag-topstories","28":"tag-zinas"},"share_on_mastodon":{"url":"https:\/\/pubeurope.com\/@lv\/115906345875620001","error":""},"_links":{"self":[{"href":"https:\/\/www.europesays.com\/lv\/wp-json\/wp\/v2\/posts\/106704","targetHints":{"allow":["GET"]}}],"collection":[{"href":"https:\/\/www.europesays.com\/lv\/wp-json\/wp\/v2\/posts"}],"about":[{"href":"https:\/\/www.europesays.com\/lv\/wp-json\/wp\/v2\/types\/post"}],"author":[{"embeddable":true,"href":"https:\/\/www.europesays.com\/lv\/wp-json\/wp\/v2\/users\/2"}],"replies":[{"embeddable":true,"href":"https:\/\/www.europesays.com\/lv\/wp-json\/wp\/v2\/comments?post=106704"}],"version-history":[{"count":0,"href":"https:\/\/www.europesays.com\/lv\/wp-json\/wp\/v2\/posts\/106704\/revisions"}],"wp:featuredmedia":[{"embeddable":true,"href":"https:\/\/www.europesays.com\/lv\/wp-json\/wp\/v2\/media\/106705"}],"wp:attachment":[{"href":"https:\/\/www.europesays.com\/lv\/wp-json\/wp\/v2\/media?parent=106704"}],"wp:term":[{"taxonomy":"category","embeddable":true,"href":"https:\/\/www.europesays.com\/lv\/wp-json\/wp\/v2\/categories?post=106704"},{"taxonomy":"post_tag","embeddable":true,"href":"https:\/\/www.europesays.com\/lv\/wp-json\/wp\/v2\/tags?post=106704"}],"curies":[{"name":"wp","href":"https:\/\/api.w.org\/{rel}","templated":true}]}}