{"id":106710,"date":"2026-01-16T19:16:08","date_gmt":"2026-01-16T19:16:08","guid":{"rendered":"https:\/\/www.europesays.com\/lv\/106710\/"},"modified":"2026-01-16T19:16:08","modified_gmt":"2026-01-16T19:16:08","slug":"eiropas-karaviri-slepena-nometne-arktika-gatavojas-karam-spriedzes-limenis-loti-atri-var-mainities","status":"publish","type":"post","link":"https:\/\/www.europesays.com\/lv\/106710\/","title":{"rendered":"Eiropas karav\u012bri slepen\u0101 nometn\u0113 Arktik\u0101 gatavojas karam: spriedzes l\u012bmenis \u013coti \u0101tri var main\u012bties"},"content":{"rendered":"<p>    <img decoding=\"async\" src=\"https:\/\/www.europesays.com\/lv\/wp-content\/uploads\/2026\/01\/afp_34ka97y-1024x683.jpg\" alt=\"&#10;Zviedrijas karav\u012bri.&#10;\"\/><\/p>\n<p>Zviedrijas karav\u012bri.<\/p>\n<p>Foto. Scanpix\/Jonathan NACKSTRAND \/ AFP)\n<\/p>\n<p>19:42, 16. janv\u0101ris 2026<\/p>\n<p>Nometn\u0113 \u201cViking\u201d Norv\u0113\u0123ij\u0101 Eiropas milit\u0101rpersonas gatavojas iesp\u0113jamam konfliktam ar Krieviju. M\u0101c\u012bbas imit\u0113 misijas, kuras karasp\u0113ks veiktu NATO kolekt\u012bv\u0101s aizsardz\u012bbas 5. panta aktiviz\u0113\u0161anas gad\u012bjum\u0101.<\/p>\n<p>        Las\u012bt\u0101kie<br \/>\n        <a data-imagesrc=\"{&quot;300&quot;:&quot;https:\\\/\\\/lastatic.ams3.cdn.digitaloceanspaces.com\\\/2025\\\/12\\\/open-fridge-with-plastic-food-co-300x200.jpg&quot;,&quot;1024&quot;:&quot;https:\\\/\\\/lastatic.ams3.cdn.digitaloceanspaces.com\\\/2025\\\/12\\\/open-fridge-with-plastic-food-co-1024x683.jpg&quot;,&quot;1536&quot;:&quot;https:\\\/\\\/lastatic.ams3.cdn.digitaloceanspaces.com\\\/2025\\\/12\\\/open-fridge-with-plastic-food-co-1536x1024.jpg&quot;,&quot;500&quot;:&quot;https:\\\/\\\/lastatic.ams3.cdn.digitaloceanspaces.com\\\/2025\\\/12\\\/open-fridge-with-plastic-food-co-500x333.jpg&quot;,&quot;800&quot;:&quot;https:\\\/\\\/lastatic.ams3.cdn.digitaloceanspaces.com\\\/2025\\\/12\\\/open-fridge-with-plastic-food-co-800x533.jpg&quot;,&quot;2560&quot;:&quot;https:\\\/\\\/lastatic.ams3.cdn.digitaloceanspaces.com\\\/2025\\\/12\\\/open-fridge-with-plastic-food-co-scaled.jpg&quot;}\" data-focuspoint=\"&quot;&quot;\" data-p=\"2479736\" href=\"https:\/\/www.la.lv\/vai-zinaji-ka-ir-partikas-produkti-kurus-absoluti-nevajadzetu-uzglabat-ledusskapi-par-daziem-no-tiem-jus-busiet-parsteigti\" class=\"content-item lazy-load\" wp_automatic_readability=\"27.5\" rel=\"nofollow noopener\" target=\"_blank\"><\/p>\n<p>                                <img decoding=\"async\" src=\"\" alt=\"\" style=\"\" data-imageid=\"\"\/><\/p>\n<p>\n                                                Vai zin\u0101ji, ka ir p\u0101rtikas produkti, kurus absol\u016bti nevajadz\u0113tu uzglab\u0101t ledusskap\u012b? Par da\u017eiem no tiem j\u016bs b\u016bsiet p\u0101rsteigti\n                            <\/p>\n<p><\/a><a data-imagesrc=\"{&quot;300&quot;:&quot;https:\\\/\\\/lastatic.ams3.cdn.digitaloceanspaces.com\\\/2025\\\/12\\\/afp_88np7kh-300x216.jpg&quot;,&quot;1024&quot;:&quot;https:\\\/\\\/lastatic.ams3.cdn.digitaloceanspaces.com\\\/2025\\\/12\\\/afp_88np7kh-1024x738.jpg&quot;,&quot;1536&quot;:&quot;https:\\\/\\\/lastatic.ams3.cdn.digitaloceanspaces.com\\\/2025\\\/12\\\/afp_88np7kh-1536x1107.jpg&quot;,&quot;500&quot;:&quot;https:\\\/\\\/lastatic.ams3.cdn.digitaloceanspaces.com\\\/2025\\\/12\\\/afp_88np7kh-500x360.jpg&quot;,&quot;800&quot;:&quot;https:\\\/\\\/lastatic.ams3.cdn.digitaloceanspaces.com\\\/2025\\\/12\\\/afp_88np7kh-800x577.jpg&quot;,&quot;2560&quot;:&quot;https:\\\/\\\/lastatic.ams3.cdn.digitaloceanspaces.com\\\/2025\\\/12\\\/afp_88np7kh-scaled.jpg&quot;}\" data-focuspoint=\"&quot;&quot;\" data-p=\"2495863\" href=\"https:\/\/www.la.lv\/driz-ukraina-iestasies-miers-un-putins-pazudis-ukrainu-astrologs-nosauc-kura-menesi-sogad-viss-mainisies\" class=\"content-item lazy-load\" wp_automatic_readability=\"26.5\" rel=\"nofollow noopener\" target=\"_blank\"><\/p>\n<p>                                <img decoding=\"async\" src=\"\" alt=\"\" style=\"\" data-imageid=\"\"\/><\/p>\n<p>\n                                                Dr\u012bz Ukrain\u0101 iest\u0101sies miers un Putins pazud\u012bs: ukrai\u0146u astrologs nosauc kur\u0101 m\u0113nes\u012b \u0161ogad viss main\u012bsies\n                            <\/p>\n<p><\/a><a data-imagesrc=\"{&quot;300&quot;:&quot;https:\\\/\\\/lastatic.ams3.cdn.digitaloceanspaces.com\\\/2024\\\/11\\\/11679291-1-300x208.jpg&quot;,&quot;768&quot;:&quot;https:\\\/\\\/lastatic.ams3.cdn.digitaloceanspaces.com\\\/2024\\\/11\\\/11679291-1-768x533.jpg&quot;,&quot;200&quot;:&quot;https:\\\/\\\/lastatic.ams3.cdn.digitaloceanspaces.com\\\/2024\\\/11\\\/11679291-1-200x139.jpg&quot;,&quot;400&quot;:&quot;https:\\\/\\\/lastatic.ams3.cdn.digitaloceanspaces.com\\\/2024\\\/11\\\/11679291-1-400x278.jpg&quot;,&quot;500&quot;:&quot;https:\\\/\\\/lastatic.ams3.cdn.digitaloceanspaces.com\\\/2024\\\/11\\\/11679291-1-500x347.jpg&quot;,&quot;800&quot;:&quot;https:\\\/\\\/lastatic.ams3.cdn.digitaloceanspaces.com\\\/2024\\\/11\\\/11679291-1-800x555.jpg&quot;,&quot;1000&quot;:&quot;https:\\\/\\\/lastatic.ams3.cdn.digitaloceanspaces.com\\\/2024\\\/11\\\/11679291-1.jpg&quot;}\" data-focuspoint=\"{&quot;x&quot;:&quot;51.65993570206584&quot;,&quot;y&quot;:&quot;30.26416701886696&quot;}\" data-p=\"2496001\" href=\"https:\/\/www.la.lv\/kina-pilniba-partrauc-elektroenergijas-iegades-no-krievijas-iemesls-var-parsteigt\" class=\"content-item lazy-load\" wp_automatic_readability=\"26\" rel=\"nofollow noopener\" target=\"_blank\"><\/p>\n<p>                                <img decoding=\"async\" src=\"\" alt=\"\" style=\"object-position: 51.65993570206584% 30.26416701886696%\" data-imageid=\"\"\/><\/p>\n<p>\n                                                \u0136\u012bna piln\u012bb\u0101 p\u0101rtrauc elektroener\u0123ijas ieg\u0101des no Krievijas \u2013 iemesls var p\u0101rsteigt\n                            <\/p>\n<p><\/a><br \/>\n        <a class=\"read-more\" href=\"https:\/\/www.la.lv\/top\" rel=\"nofollow noopener\" target=\"_blank\">Las\u012bt citas zi\u0146as<\/a><\/p>\n<p>K\u0101 raksta izdevums Politico, \u0161\u012b britu milit\u0101rperson\u0101m paredz\u0113t\u0101 treni\u0146nometne tika atkl\u0101ta 2023. gad\u0101 p\u0113c Krievijas pilna m\u0113roga iebrukuma Ukrain\u0101, un paredzams, ka \u0161opavasar karav\u012bru skaits taj\u0101 sasniegs 1500, bet n\u0101kamgad \u2013 2000.<\/p>\n<p>\u0160obr\u012bd Eiropai n\u0101kas piev\u0113rst uzman\u012bbu ar\u012b citam puslod\u0113m \u2013 tur, kur ASV prezidents Donalds Tramps kurina kr\u012bzi, izvirzot pretenzijas Grenlandei. \u0160aj\u0101 kontekst\u0101 Norv\u0113\u0123ijas \u0101rlietu ministrs Espens Barts Eide nor\u0101d\u012bja, ka vi\u0146i vairs nevar koncentr\u0113ties tikai uz Ukrainu un \u201cmaz\u0101k uz cit\u0101m liet\u0101m\u201d \u2013 Tramps neatst\u0101j citu izv\u0113li.<\/p>\n<p>    CITI \u0160OBR\u012aD LASA<\/p>\n<p>Lielbrit\u0101nijas \u0101rlietu ministre Iveta K\u016bpere pazi\u0146oja, ka Arktikas dro\u0161\u012bba ir savstarp\u0113ji saist\u012bta.<\/p>\n<blockquote><p>\u201cPaskatieties uz Arktikas karti un j\u016bras ce\u013cu izvietojumu. Arktikas dro\u0161\u012bbu nevar uzskat\u012bt par atsevi\u0161\u0137u probl\u0113mu, jo visa Arktikas dro\u0161\u012bbas b\u016bt\u012bba ietekm\u0113 m\u016bsu transatlantisko dro\u0161\u012bbu kopum\u0101. Ir skaidrs, ka nevar vienk\u0101r\u0161i pa\u013cauties tikai uz Eiropas aizsardz\u012bbu,\u201d vi\u0146a sac\u012bja.<\/p><\/blockquote>\n<p>Savuk\u0101rt Norv\u0113\u0123ijas \u0101rlietu ministrs nor\u0101d\u012bja, ka risks vi\u0146a valsts Arktikas da\u013cai ir tie\u0161\u0101ks: \u201cUz austrumiem no m\u016bsu austrumu robe\u017eas atrodas Kolas pussala un Murmanska. \u0160aj\u0101 re\u0123ion\u0101 ir koncentr\u0113ts liel\u0101kais kodoliero\u010du daudzums pasaul\u0113 \u2013 Krievijas atbildes trieciena potenci\u0101ls. Vi\u0146iem ir nepiecie\u0161ama piek\u013cuve atkl\u0101tajam oke\u0101nam, un kara apst\u0101k\u013cos m\u0113s nev\u0113lamies, lai vi\u0146iem \u0161\u0101da piek\u013cuve b\u016btu,\u201d vi\u0146\u0161 uzsv\u0113ra.<\/p>\n<p>P\u0113c vi\u0146a teikt\u0101, ja izceltos kr\u012bze, \u0161is re\u0123ions nekav\u0113joties k\u013c\u016btu par uzman\u012bbas centru Krievijas kodolpotenci\u0101la un zem\u016bdens b\u0101zu noz\u012bm\u012bguma d\u0113\u013c: \u201cSpriedzes l\u012bmenis \u013coti \u0101tri var p\u0101riet no zema uz augstu. T\u0101p\u0113c mums ir j\u0101pl\u0101no strauja sp\u0113ku palielin\u0101\u0161ana, k\u0101 ar\u012b past\u0101v\u012bga milit\u0101r\u0101 kl\u0101tb\u016btne \u0161aj\u0101 re\u0123ion\u0101.\u201d<\/p>\n<p>K\u0101 iepriek\u0161 zi\u0146ots, Tramps ASV kontroles p\u0101r\u0146em\u0161anu p\u0101r Grenlandi pamato ar nacion\u0101l\u0101s dro\u0161\u012bbas interes\u0113m. P\u0113c vi\u0146a p\u0101rliec\u012bbas, \u0136\u012bna vai Krievija var\u0113tu m\u0113\u0123in\u0101t sagr\u0101bt salu, ta\u010du ASV to nepie\u013caus.<\/p>\n<p>Lai mazin\u0101tu Trampa ba\u017eas un stiprin\u0101tu dro\u0161\u012bbas pas\u0101kumus, D\u0101nija kop\u0101 ar NATO sabiedrotajiem pie\u0146\u0113musi l\u0113mumu nos\u016bt\u012bt uz salu papildu karasp\u0113ku un izvietot to tur past\u0101v\u012bgi.<\/p>\n<p>T\u0113mas<\/p>\n<p>    SAIST\u012aTIE RAKSTI<\/p>\n","protected":false},"excerpt":{"rendered":"Zviedrijas karav\u012bri. Foto. Scanpix\/Jonathan NACKSTRAND \/ AFP) 19:42, 16. janv\u0101ris 2026 Nometn\u0113 \u201cViking\u201d Norv\u0113\u0123ij\u0101 Eiropas milit\u0101rpersonas gatavojas iesp\u0113jamam&hellip;\n","protected":false},"author":2,"featured_media":106711,"comment_status":"","ping_status":"","sticky":false,"template":"","format":"standard","meta":{"footnotes":""},"categories":[14],"tags":[23,57,28,29,32,33,22,30,31,35,39,38,36,37,34,40,20,26,27,24,25,54,55,56,21,58],"class_list":{"0":"post-106710","1":"post","2":"type-post","3":"status-publish","4":"format-standard","5":"has-post-thumbnail","7":"category-zinas-no-arvalstim","8":"tag-aktualitates","9":"tag-arvalstim","10":"tag-breaking-news","11":"tag-breakingnews","12":"tag-featured-news","13":"tag-featurednews","14":"tag-headlines","15":"tag-latest-news","16":"tag-latestnews","17":"tag-latvia","18":"tag-latvian","19":"tag-latviesu","20":"tag-latviesu-valoda","21":"tag-latviesuvaloda","22":"tag-latvija","23":"tag-lv","24":"tag-news","25":"tag-popularakas-zinas","26":"tag-popularakaszinas","27":"tag-top-stories","28":"tag-topstories","29":"tag-world","30":"tag-world-news","31":"tag-worldnews","32":"tag-zinas","33":"tag-zinas-no-arvalstim"},"share_on_mastodon":{"url":"https:\/\/pubeurope.com\/@lv\/115906385201821044","error":""},"_links":{"self":[{"href":"https:\/\/www.europesays.com\/lv\/wp-json\/wp\/v2\/posts\/106710","targetHints":{"allow":["GET"]}}],"collection":[{"href":"https:\/\/www.europesays.com\/lv\/wp-json\/wp\/v2\/posts"}],"about":[{"href":"https:\/\/www.europesays.com\/lv\/wp-json\/wp\/v2\/types\/post"}],"author":[{"embeddable":true,"href":"https:\/\/www.europesays.com\/lv\/wp-json\/wp\/v2\/users\/2"}],"replies":[{"embeddable":true,"href":"https:\/\/www.europesays.com\/lv\/wp-json\/wp\/v2\/comments?post=106710"}],"version-history":[{"count":0,"href":"https:\/\/www.europesays.com\/lv\/wp-json\/wp\/v2\/posts\/106710\/revisions"}],"wp:featuredmedia":[{"embeddable":true,"href":"https:\/\/www.europesays.com\/lv\/wp-json\/wp\/v2\/media\/106711"}],"wp:attachment":[{"href":"https:\/\/www.europesays.com\/lv\/wp-json\/wp\/v2\/media?parent=106710"}],"wp:term":[{"taxonomy":"category","embeddable":true,"href":"https:\/\/www.europesays.com\/lv\/wp-json\/wp\/v2\/categories?post=106710"},{"taxonomy":"post_tag","embeddable":true,"href":"https:\/\/www.europesays.com\/lv\/wp-json\/wp\/v2\/tags?post=106710"}],"curies":[{"name":"wp","href":"https:\/\/api.w.org\/{rel}","templated":true}]}}