{"id":106712,"date":"2026-01-16T19:18:13","date_gmt":"2026-01-16T19:18:13","guid":{"rendered":"https:\/\/www.europesays.com\/lv\/106712\/"},"modified":"2026-01-16T19:18:13","modified_gmt":"2026-01-16T19:18:13","slug":"liepaja-iesvetija-valsts-robezsardzes-kuga-barta-karogu-un-nosledza-projektu-patrulkuga-iegade-valsts-robezsardzes-vajadzibam","status":"publish","type":"post","link":"https:\/\/www.europesays.com\/lv\/106712\/","title":{"rendered":"Liep\u0101j\u0101 iesv\u0113t\u012bja Valsts robe\u017esardzes ku\u0123a \u201cB\u0100RTA\u201d karogu un nosl\u0113dza projektu \u201cPatru\u013cku\u0123a ieg\u0101de Valsts robe\u017esardzes vajadz\u012bb\u0101m\u201d"},"content":{"rendered":"<p>Piektdien, 16. janv\u0101r\u012b, Liep\u0101j\u0101 norisin\u0101j\u0101s projekta ietvaros ieg\u0101d\u0101t\u0101 Valsts robe\u017esardzes patru\u013cku\u0123a \u201cB\u0100RTA\u201d ku\u0123a karoga iesv\u0113t\u012b\u0161anai un projekta nosl\u0113gumam velt\u012btie pas\u0101kumi, kuros piedal\u012bj\u0101s iek\u0161lietu ministrs Rihards Kozlovskis, Iek\u0161lietu ministrijas valsts sekret\u0101rs Dimitrijs Trofimovs un Valsts robe\u017esardzes priek\u0161nieks \u0123ener\u0101lis Guntis Puj\u0101ts.<\/p>\n<p>Liep\u0101jas ost\u0101 norisin\u0101j\u0101s patru\u013cku\u0123a \u201cB\u0100RTA\u201d ku\u0123a karoga iesv\u0113t\u012b\u0161anas svin\u012bg\u0101 ceremonija un patru\u013cku\u0123a apskate, savuk\u0101rt Liep\u0101jas koncertz\u0101l\u0113 \u201cLielais Dzintars\u201d notika projekta \u201cPatru\u013cku\u0123a ieg\u0101de Valsts robe\u017esardzes vajadz\u012bb\u0101m\u201d nosl\u0113guma pas\u0101kums ar sarun\u0101m par projekta \u012bsteno\u0161anu, sasniegtajiem rezult\u0101tiem un t\u0101 noz\u012bmi Valsts robe\u017esardzes kapacit\u0101tes stiprin\u0101\u0161an\u0101. T\u0101pat ikviens interesents var\u0113ja apl\u016bkot un iepaz\u012bties ar specializ\u0113tajiem Valsts robe\u017esardzes transportl\u012bdzek\u013ciem, k\u0101 ar\u012b speci\u0101lo ekip\u0113jumu.<\/p>\n<p>\u201cJaunais patru\u013cku\u0123is \u201cB\u0100RTA\u201d b\u016btiski uzlabo Valsts robe\u017esardzes praktisk\u0101s sp\u0113jas j\u016bras robe\u017eas uzraudz\u012bb\u0101 un operat\u012bvaj\u0101 darb\u012bb\u0101. Tas nodro\u0161ina iesp\u0113ju savlaic\u012bgi un profesion\u0101li rea\u0123\u0113t uz dro\u0161\u012bbas izaicin\u0101jumiem, vienlaikus pildot Latvijas saist\u012bbas Eiropas Savien\u012bbas \u0101r\u0113j\u0101s robe\u017eas aizsardz\u012bb\u0101,\u201d uzskata Valsts robe\u017esardzes priek\u0161nieks \u0123ener\u0101lis Guntis Puj\u0101ts.<\/p>\n<p>2024. gada 7. j\u016bnij\u0101 Iek\u0161lietu ministrija un Valsts robe\u017esardze parakst\u012bja vieno\u0161anos par projekta \u201cPatru\u013cku\u0123a ieg\u0101de Valsts robe\u017esardzes vajadz\u012bb\u0101m\u201d \u012bsteno\u0161anu. Valsts robe\u017esardzes r\u012bkot\u0101s iepirkuma proced\u016bras rezult\u0101t\u0101 2024. gada 3. oktobr\u012b ar Igaunijas ku\u0123u b\u016bves uz\u0146\u0113mumu \u201cBaltic Workboats\u201d nosl\u0113gts l\u012bgums par patru\u013cku\u0123a pieg\u0101di. 2024. gada decembr\u012b ku\u0123is nog\u0101d\u0101ts \u201cBaltic Workboats\u201d ku\u0123u b\u016bv\u0113tavai Nasv\u0101, kur uzs\u0101kta t\u0101 piel\u0101go\u0161ana Valsts robe\u017esardzes vajadz\u012bb\u0101m. Savuk\u0101rt p\u0113rn\u0101 gada decembr\u012b ku\u0123is pieg\u0101d\u0101ts uz Latviju \u2013 Liep\u0101jas ostu, kur norisin\u0101j\u0101s Valsts robe\u017esardzes amatpersonu apm\u0101c\u012bbas par pieg\u0101d\u0101t\u0101 patru\u013cku\u0123a uzb\u016bvi, t\u0101 apr\u012bkojumu, invent\u0101ra lieto\u0161anu un ikdienas apkopi, k\u0101 ar\u012b veikta ku\u0123a atbilst\u012bbas p\u0101rbaude, kuras rezult\u0101t\u0101 2025. gada 19. decembr\u012b parakst\u012bts ku\u0123a pie\u0146em\u0161anas \u2013 nodo\u0161anas akts.<\/p>\n<p>Ieg\u0101d\u0101joties patru\u013cku\u0123i tiek stiprin\u0101ta Valsts robe\u017esardzes j\u016bras robe\u017euzraudz\u012bbas kapacit\u0101te \u2013 palielin\u0101s detekt\u0113\u0161anas, kontroles un rea\u0123\u0113\u0161anas sp\u0113jas uz Eiropas Savien\u012bbas \u0101r\u0113j\u0101s robe\u017eas, k\u0101 ar\u012b tiek uzlabotas prasmes eso\u0161o un potenci\u0101lo dro\u0161\u012bbas apdraud\u0113jumu un provok\u0101ciju \u0101trai un t\u016bl\u012bt\u0113jai nov\u0113r\u0161anai.<\/p>\n<p>Ieg\u0101d\u0101tais patru\u013cku\u0123is neatsverami pal\u012bdz\u0113s kvalitat\u012bvi un operat\u012bvi pild\u012bt Valsts robe\u017esardzei noteiktos uzdevumus ne vien Baltijas j\u016bras re\u0123ion\u0101, bet ar\u012b sniegs atbalstu Eiropas Robe\u017eu un krasta apsardzes a\u0123ent\u016bras (Frontex) un cit\u0101m Vidusj\u016bras re\u0123iona Eiropas Savien\u012bbas\u00a0 dal\u012bbvalst\u012bm Frontex koordin\u0113to aktivit\u0101\u0161u ietvaros, k\u0101 ar\u012b stiprin\u0101s Latvijas Republikas \u2013 k\u0101 Eiropas Savien\u012bbas dal\u012bbvalsts \u2013 sp\u0113jas pild\u012bt savus pien\u0101kumus attiec\u012bb\u0101 uz Eiropas Savien\u012bbas \u0101r\u0113jo robe\u017eu kontroli un tikt gal\u0101 ar izaicin\u0101jumiem pie Eiropas Savien\u012bbas \u0101r\u0113j\u0101m robe\u017e\u0101m.<\/p>\n<p>Projekta Nr. VRS\/RPVP\/2024\/4 \u201cPatru\u013cku\u0123a ieg\u0101de Valsts robe\u017esardzes vajadz\u012bb\u0101m\u201d kop\u0113j\u0101s izmaksas ir EUR 6\u00a0 360 370, taj\u0101 skait\u0101 Eiropas Savien\u012bbas Finansi\u0101la atbalsta instrumenta robe\u017eu p\u0101rvald\u012bbai un v\u012bzu politikai 2021. \u2013 2027. gadam finans\u0113jums \u2013 EUR 4 770 277, savuk\u0101rt valsts bud\u017eeta l\u012bdzfinans\u0113jums sast\u0101da EUR 1 590 093.<\/p>\n<p>Projekts tiek \u012bstenots Finansi\u0101la atbalsta instrumenta robe\u017eu p\u0101rvald\u012bbai un v\u012bzu politikai\u00a0 2021.-2027. gada perioda ietvaros, kura vado\u0161\u0101 iest\u0101de Latvij\u0101 ir Iek\u0161lietu ministrija.<\/p>\n<p>\u00a0<\/p>\n","protected":false},"excerpt":{"rendered":"Piektdien, 16. janv\u0101r\u012b, Liep\u0101j\u0101 norisin\u0101j\u0101s projekta ietvaros ieg\u0101d\u0101t\u0101 Valsts robe\u017esardzes patru\u013cku\u0123a \u201cB\u0100RTA\u201d ku\u0123a karoga iesv\u0113t\u012b\u0161anai un projekta nosl\u0113gumam&hellip;\n","protected":false},"author":2,"featured_media":106713,"comment_status":"","ping_status":"","sticky":false,"template":"","format":"standard","meta":{"footnotes":""},"categories":[5],"tags":[23,28,29,32,33,22,30,31,35,39,38,36,37,34,40,20,26,27,24,25,21],"class_list":{"0":"post-106712","1":"post","2":"type-post","3":"status-publish","4":"format-standard","5":"has-post-thumbnail","7":"category-aktualitates","8":"tag-aktualitates","9":"tag-breaking-news","10":"tag-breakingnews","11":"tag-featured-news","12":"tag-featurednews","13":"tag-headlines","14":"tag-latest-news","15":"tag-latestnews","16":"tag-latvia","17":"tag-latvian","18":"tag-latviesu","19":"tag-latviesu-valoda","20":"tag-latviesuvaloda","21":"tag-latvija","22":"tag-lv","23":"tag-news","24":"tag-popularakas-zinas","25":"tag-popularakaszinas","26":"tag-top-stories","27":"tag-topstories","28":"tag-zinas"},"share_on_mastodon":{"url":"https:\/\/pubeurope.com\/@lv\/115906392948895542","error":""},"_links":{"self":[{"href":"https:\/\/www.europesays.com\/lv\/wp-json\/wp\/v2\/posts\/106712","targetHints":{"allow":["GET"]}}],"collection":[{"href":"https:\/\/www.europesays.com\/lv\/wp-json\/wp\/v2\/posts"}],"about":[{"href":"https:\/\/www.europesays.com\/lv\/wp-json\/wp\/v2\/types\/post"}],"author":[{"embeddable":true,"href":"https:\/\/www.europesays.com\/lv\/wp-json\/wp\/v2\/users\/2"}],"replies":[{"embeddable":true,"href":"https:\/\/www.europesays.com\/lv\/wp-json\/wp\/v2\/comments?post=106712"}],"version-history":[{"count":0,"href":"https:\/\/www.europesays.com\/lv\/wp-json\/wp\/v2\/posts\/106712\/revisions"}],"wp:featuredmedia":[{"embeddable":true,"href":"https:\/\/www.europesays.com\/lv\/wp-json\/wp\/v2\/media\/106713"}],"wp:attachment":[{"href":"https:\/\/www.europesays.com\/lv\/wp-json\/wp\/v2\/media?parent=106712"}],"wp:term":[{"taxonomy":"category","embeddable":true,"href":"https:\/\/www.europesays.com\/lv\/wp-json\/wp\/v2\/categories?post=106712"},{"taxonomy":"post_tag","embeddable":true,"href":"https:\/\/www.europesays.com\/lv\/wp-json\/wp\/v2\/tags?post=106712"}],"curies":[{"name":"wp","href":"https:\/\/api.w.org\/{rel}","templated":true}]}}