{"id":106714,"date":"2026-01-16T19:27:06","date_gmt":"2026-01-16T19:27:06","guid":{"rendered":"https:\/\/www.europesays.com\/lv\/106714\/"},"modified":"2026-01-16T19:27:06","modified_gmt":"2026-01-16T19:27:06","slug":"apple-davinajuma-nomaina-vecu-macbook-pro-pret-jaudigu-m4-max-modeli-lente-lv","status":"publish","type":"post","link":"https:\/\/www.europesays.com\/lv\/106714\/","title":{"rendered":"Apple d\u0101vin\u0101jum\u0101 nomaina vecu MacBook Pro pret jaud\u012bgu M4 Max modeli\u00a0\u2014\u00a0Lente.lv"},"content":{"rendered":"<p>Neveiksm\u012bgs remonts vainagojas ar d\u0101snu d\u0101vanu<\/p>\n<p>Lietot\u0101js Reddit, paz\u012bstams ar segv\u0101rdu otto-mate, piedz\u012bvojis negaid\u012btu p\u0101rsteigumu no Apple. Vi\u0146a 2018. gada MacBook Pro bija nepiecie\u0161ama vien neliela akumulatora nomai\u0146a. S\u0101kotn\u0113ji vi\u0146\u0161 m\u0113\u0123in\u0101ja veikt remontu neatkar\u012bg\u0101 servis\u0101, kur par to piepras\u012bja 200 sterli\u0146u m\u0101rci\u0146u. P\u0113c tam vi\u0146\u0161 v\u0113rs\u0101s ofici\u0101laj\u0101 Apple veikal\u0101, kur \u0161\u012b proced\u016bra bija pl\u0101nota par 45 m\u0101rci\u0146\u0101m. Darbinieki br\u012bdin\u0101ja, ka deta\u013cu pas\u016bt\u012b\u0161anas un darbu veik\u0161anas d\u0113\u013c n\u0101ksies pagaid\u012bt da\u017eas dienas.<\/p>\n<p>P\u0113c ned\u0113\u013cas tika sa\u0146emts zvans no veikala par deta\u013cu sa\u0146em\u0161anu, ta\u010du v\u0113l p\u0113c ned\u0113\u013cas darbinieki ar no\u017e\u0113lu zi\u0146oja, ka remonta laik\u0101 dators vairs nedarbojas. Neskatoties uz papildu p\u016bli\u0146iem, ier\u012bces darb\u012bbu neizdev\u0101s atjaunot.<\/p>\n<p>Negaid\u012bta kompens\u0101cija: vair\u0101k nek\u0101 cer\u0113ts<\/p>\n<p>Lai gan situ\u0101cija izklaus\u0101s vienk\u0101r\u0161a \u2013 klientam pien\u0101kas jauns dators ar l\u012bdz\u012bg\u0101m specifik\u0101cij\u0101m \u2013 Apple pied\u0101v\u0101jums p\u0101rsniedza visas gaidas. Klientam tika pied\u0101v\u0101ts 16 collu MacBook Pro ar M4 Max procesoru. Pats lietot\u0101js pat bija gatavs piemaks\u0101t 245 m\u0101rci\u0146as par jauno akumulatoru un pie\u0161\u0137irt 150 m\u0101rci\u0146u kred\u012btu par nano-tekstur\u0113t\u0101 displeja opciju. Tom\u0113r galu gal\u0101 Apple no vi\u0146a nepras\u012bja ne centa, d\u0101vinot jaunu konfigur\u0101ciju, kuras v\u0113rt\u012bba tiek l\u0113sta 3249 sterli\u0146u m\u0101rci\u0146u apm\u0113r\u0101, kas ir aptuveni 4353 ASV dol\u0101ri.<\/p>\n<p>P\u0113c port\u0101la Wccftech apl\u0113s\u0113m, \u0161\u012b ir mode\u013ca konfigur\u0101cija ar M4 Max, 48 GB vienot\u0101s operat\u012bv\u0101s atmi\u0146as un 2 TB SSD.<\/p>\n<p>Ne pirmais \u0161\u0101ds gad\u012bjums<\/p>\n<p>\u0160\u012b nav pirm\u0101 reize, kad Apple bez maksas pie\u0161\u0137ir iev\u0113rojami jaud\u012bg\u0101ku MacBook Pro modeli. Novembr\u012b k\u0101dam citam lietot\u0101jam vi\u0146a 2019. gada kl\u0113pjdators ar Intel procesoru tika nomain\u012bts pret MacBook Pro ar M5 mikrosh\u0113mu. Koment\u0113t\u0101ji bie\u017ei vien pie\u013cauj, ka \u0161\u0101dos gad\u012bjumos servisa darbinieki nejau\u0161i boj\u0101ju\u0161i vec\u0101kos datorus, t\u0101d\u0113j\u0101di rosinot \u0161\u0101du d\u0101snu kompens\u0101cijas politiku.<\/p>\n","protected":false},"excerpt":{"rendered":"Neveiksm\u012bgs remonts vainagojas ar d\u0101snu d\u0101vanu Lietot\u0101js Reddit, paz\u012bstams ar segv\u0101rdu otto-mate, piedz\u012bvojis negaid\u012btu p\u0101rsteigumu no Apple. Vi\u0146a&hellip;\n","protected":false},"author":2,"featured_media":106715,"comment_status":"","ping_status":"","sticky":false,"template":"","format":"standard","meta":{"footnotes":""},"categories":[16],"tags":[2122,25461,77,76,35,39,38,36,37,34,40,25460,6572,6523],"class_list":{"0":"post-106714","1":"post","2":"type-post","3":"status-publish","4":"format-standard","5":"has-post-thumbnail","7":"category-bizness","8":"tag-apple","9":"tag-bezmaksas-dators","10":"tag-bizness","11":"tag-business","12":"tag-latvia","13":"tag-latvian","14":"tag-latviesu","15":"tag-latviesu-valoda","16":"tag-latviesuvaloda","17":"tag-latvija","18":"tag-lv","19":"tag-m4-max","20":"tag-macbook-pro","21":"tag-tehnologiju-jaunumi"},"share_on_mastodon":{"url":"https:\/\/pubeurope.com\/@lv\/115906428411686668","error":""},"_links":{"self":[{"href":"https:\/\/www.europesays.com\/lv\/wp-json\/wp\/v2\/posts\/106714","targetHints":{"allow":["GET"]}}],"collection":[{"href":"https:\/\/www.europesays.com\/lv\/wp-json\/wp\/v2\/posts"}],"about":[{"href":"https:\/\/www.europesays.com\/lv\/wp-json\/wp\/v2\/types\/post"}],"author":[{"embeddable":true,"href":"https:\/\/www.europesays.com\/lv\/wp-json\/wp\/v2\/users\/2"}],"replies":[{"embeddable":true,"href":"https:\/\/www.europesays.com\/lv\/wp-json\/wp\/v2\/comments?post=106714"}],"version-history":[{"count":0,"href":"https:\/\/www.europesays.com\/lv\/wp-json\/wp\/v2\/posts\/106714\/revisions"}],"wp:featuredmedia":[{"embeddable":true,"href":"https:\/\/www.europesays.com\/lv\/wp-json\/wp\/v2\/media\/106715"}],"wp:attachment":[{"href":"https:\/\/www.europesays.com\/lv\/wp-json\/wp\/v2\/media?parent=106714"}],"wp:term":[{"taxonomy":"category","embeddable":true,"href":"https:\/\/www.europesays.com\/lv\/wp-json\/wp\/v2\/categories?post=106714"},{"taxonomy":"post_tag","embeddable":true,"href":"https:\/\/www.europesays.com\/lv\/wp-json\/wp\/v2\/tags?post=106714"}],"curies":[{"name":"wp","href":"https:\/\/api.w.org\/{rel}","templated":true}]}}