{"id":106716,"date":"2026-01-16T19:30:07","date_gmt":"2026-01-16T19:30:07","guid":{"rendered":"https:\/\/www.europesays.com\/lv\/106716\/"},"modified":"2026-01-16T19:30:07","modified_gmt":"2026-01-16T19:30:07","slug":"berna-tevs-publiski-saka-skola-znaugt-skolotaju-inga-vanaga-atklaj-sokejosas-detalas-par-gimeni-kura-gadiem-ilgi-palikusi-nesodita","status":"publish","type":"post","link":"https:\/\/www.europesays.com\/lv\/106716\/","title":{"rendered":"\u201cB\u0113rna t\u0113vs publiski s\u0101ka skol\u0101 \u017e\u0146augt skolot\u0101ju\u201d \u2013 Inga Vanaga atkl\u0101j \u0161ok\u0113jo\u0161as deta\u013cas par \u0123imeni, kura gadiem ilgi palikusi nesod\u012bta"},"content":{"rendered":"<p>    <img decoding=\"async\" src=\"https:\/\/www.europesays.com\/lv\/wp-content\/uploads\/2026\/01\/FotoJet-2026-01-16T203100.421-1024x683.jpg\" alt=\"&#10;\"\/><\/p>\n<p>Foto: Ekr\u0101nuz\u0146\u0113mums no \u201cFacebook\u201d\/LETA\n<\/p>\n<p>20:36, 16. janv\u0101ris 2026<\/p>\n<p>P\u0113c tam, kad <a href=\"https:\/\/www.la.lv\/vina-vareja-palikt-par-invalidi-vareja-notikt-jebkas-pirmklasnieces-vecaki-atklaj-sausmas-ko-vinu-bernam-nacas-pieredzet-skolas-telpas\" target=\"_blank\" rel=\"noopener nofollow\">\u0123imenes st\u0101sts par vardarb\u012bbu skol\u0101<\/a> izrais\u012bja pla\u0161u rezonansi soci\u0101lajos medijos, ar izv\u0113rstu viedokli n\u0101kusi klaj\u0101 ar\u012b Latvijas Izgl\u012bt\u012bbas un zin\u0101tnes darbinieku arodbiedr\u012bbas priek\u0161s\u0113d\u0113t\u0101ja Inga Vanaga, atkl\u0101jot, ka vec\u0101ki, b\u0113rni un pedagogi cie\u0161, jo k\u0101ds \u013coti v\u0113las nosarg\u0101t savu kr\u0113slu.<\/p>\n<p>        Las\u012bt\u0101kie<br \/>\n        <a data-imagesrc=\"{&quot;300&quot;:&quot;https:\\\/\\\/lastatic.ams3.cdn.digitaloceanspaces.com\\\/2025\\\/12\\\/open-fridge-with-plastic-food-co-300x200.jpg&quot;,&quot;1024&quot;:&quot;https:\\\/\\\/lastatic.ams3.cdn.digitaloceanspaces.com\\\/2025\\\/12\\\/open-fridge-with-plastic-food-co-1024x683.jpg&quot;,&quot;1536&quot;:&quot;https:\\\/\\\/lastatic.ams3.cdn.digitaloceanspaces.com\\\/2025\\\/12\\\/open-fridge-with-plastic-food-co-1536x1024.jpg&quot;,&quot;500&quot;:&quot;https:\\\/\\\/lastatic.ams3.cdn.digitaloceanspaces.com\\\/2025\\\/12\\\/open-fridge-with-plastic-food-co-500x333.jpg&quot;,&quot;800&quot;:&quot;https:\\\/\\\/lastatic.ams3.cdn.digitaloceanspaces.com\\\/2025\\\/12\\\/open-fridge-with-plastic-food-co-800x533.jpg&quot;,&quot;2560&quot;:&quot;https:\\\/\\\/lastatic.ams3.cdn.digitaloceanspaces.com\\\/2025\\\/12\\\/open-fridge-with-plastic-food-co-scaled.jpg&quot;}\" data-focuspoint=\"&quot;&quot;\" data-p=\"2479736\" href=\"https:\/\/www.la.lv\/vai-zinaji-ka-ir-partikas-produkti-kurus-absoluti-nevajadzetu-uzglabat-ledusskapi-par-daziem-no-tiem-jus-busiet-parsteigti\" class=\"content-item lazy-load\" wp_automatic_readability=\"27.5\" rel=\"nofollow noopener\" target=\"_blank\"><\/p>\n<p>                                <img decoding=\"async\" src=\"\" alt=\"\" style=\"\" data-imageid=\"\"\/><\/p>\n<p>\n                                                Vai zin\u0101ji, ka ir p\u0101rtikas produkti, kurus absol\u016bti nevajadz\u0113tu uzglab\u0101t ledusskap\u012b? Par da\u017eiem no tiem j\u016bs b\u016bsiet p\u0101rsteigti\n                            <\/p>\n<p><\/a><a data-imagesrc=\"{&quot;300&quot;:&quot;https:\\\/\\\/lastatic.ams3.cdn.digitaloceanspaces.com\\\/2025\\\/12\\\/afp_88np7kh-300x216.jpg&quot;,&quot;1024&quot;:&quot;https:\\\/\\\/lastatic.ams3.cdn.digitaloceanspaces.com\\\/2025\\\/12\\\/afp_88np7kh-1024x738.jpg&quot;,&quot;1536&quot;:&quot;https:\\\/\\\/lastatic.ams3.cdn.digitaloceanspaces.com\\\/2025\\\/12\\\/afp_88np7kh-1536x1107.jpg&quot;,&quot;500&quot;:&quot;https:\\\/\\\/lastatic.ams3.cdn.digitaloceanspaces.com\\\/2025\\\/12\\\/afp_88np7kh-500x360.jpg&quot;,&quot;800&quot;:&quot;https:\\\/\\\/lastatic.ams3.cdn.digitaloceanspaces.com\\\/2025\\\/12\\\/afp_88np7kh-800x577.jpg&quot;,&quot;2560&quot;:&quot;https:\\\/\\\/lastatic.ams3.cdn.digitaloceanspaces.com\\\/2025\\\/12\\\/afp_88np7kh-scaled.jpg&quot;}\" data-focuspoint=\"&quot;&quot;\" data-p=\"2495863\" href=\"https:\/\/www.la.lv\/driz-ukraina-iestasies-miers-un-putins-pazudis-ukrainu-astrologs-nosauc-kura-menesi-sogad-viss-mainisies\" class=\"content-item lazy-load\" wp_automatic_readability=\"26.5\" rel=\"nofollow noopener\" target=\"_blank\"><\/p>\n<p>                                <img decoding=\"async\" src=\"\" alt=\"\" style=\"\" data-imageid=\"\"\/><\/p>\n<p>\n                                                Dr\u012bz Ukrain\u0101 iest\u0101sies miers un Putins pazud\u012bs: ukrai\u0146u astrologs nosauc kur\u0101 m\u0113nes\u012b \u0161ogad viss main\u012bsies\n                            <\/p>\n<p><\/a><a data-imagesrc=\"{&quot;300&quot;:&quot;https:\\\/\\\/lastatic.ams3.cdn.digitaloceanspaces.com\\\/2024\\\/11\\\/11679291-1-300x208.jpg&quot;,&quot;768&quot;:&quot;https:\\\/\\\/lastatic.ams3.cdn.digitaloceanspaces.com\\\/2024\\\/11\\\/11679291-1-768x533.jpg&quot;,&quot;200&quot;:&quot;https:\\\/\\\/lastatic.ams3.cdn.digitaloceanspaces.com\\\/2024\\\/11\\\/11679291-1-200x139.jpg&quot;,&quot;400&quot;:&quot;https:\\\/\\\/lastatic.ams3.cdn.digitaloceanspaces.com\\\/2024\\\/11\\\/11679291-1-400x278.jpg&quot;,&quot;500&quot;:&quot;https:\\\/\\\/lastatic.ams3.cdn.digitaloceanspaces.com\\\/2024\\\/11\\\/11679291-1-500x347.jpg&quot;,&quot;800&quot;:&quot;https:\\\/\\\/lastatic.ams3.cdn.digitaloceanspaces.com\\\/2024\\\/11\\\/11679291-1-800x555.jpg&quot;,&quot;1000&quot;:&quot;https:\\\/\\\/lastatic.ams3.cdn.digitaloceanspaces.com\\\/2024\\\/11\\\/11679291-1.jpg&quot;}\" data-focuspoint=\"{&quot;x&quot;:&quot;51.65993570206584&quot;,&quot;y&quot;:&quot;30.26416701886696&quot;}\" data-p=\"2496001\" href=\"https:\/\/www.la.lv\/kina-pilniba-partrauc-elektroenergijas-iegades-no-krievijas-iemesls-var-parsteigt\" class=\"content-item lazy-load\" wp_automatic_readability=\"26\" rel=\"nofollow noopener\" target=\"_blank\"><\/p>\n<p>                                <img decoding=\"async\" src=\"\" alt=\"\" style=\"object-position: 51.65993570206584% 30.26416701886696%\" data-imageid=\"\"\/><\/p>\n<p>\n                                                \u0136\u012bna piln\u012bb\u0101 p\u0101rtrauc elektroener\u0123ijas ieg\u0101des no Krievijas \u2013 iemesls var p\u0101rsteigt\n                            <\/p>\n<p><\/a><br \/>\n        <a class=\"read-more\" href=\"https:\/\/www.la.lv\/top\" rel=\"nofollow noopener\" target=\"_blank\">Las\u012bt citas zi\u0146as<\/a><\/p>\n<p>Vi\u0146as ieraksts soci\u0101laj\u0101 t\u012bkl\u0101 \u201cFacebook\u201d izgaismo gadiem ilgu sist\u0113misku nesp\u0113ju r\u012bkoties situ\u0101cij\u0101, kuras centr\u0101 ir viena \u0123imene, bet sekas izj\u016bt desmitiem b\u0113rnu, pedagogu un vec\u0101ku vair\u0101k\u0101s izgl\u012bt\u012bbas iest\u0101d\u0113s.<\/p>\n<p>Inga Vanaga raksta: \u201cJa jau, tad jau\u2026.<\/p>\n<p>    CITI \u0160OBR\u012aD LASA<\/p>\n<p>\u0160is b\u016bs laikam gar\u0101kais st\u0101sts Facebook no manis par vardarb\u012bbu no vienas \u0123imenes, no kuras cietu\u0161i un cie\u0161 \u013coti daudzi joproj\u0101m. Vai un kad tas viss beigsies? Nezinu, jo vieni noguru\u0161i, citi baid\u0101s, vair\u0101ki skolot\u0101ji p\u0101rtrauku\u0161i darbu skol\u0101, citi negrib vairs risin\u0101t, tad pa vidu politisk\u0101s sp\u0113l\u012btes, tad k\u0101ds grib savu kr\u0113slu nosarg\u0101t, bet tikm\u0113r cie\u0161 daudzi b\u0113rni, pedagogi, vec\u0101ki, ar v\u0113stul\u0113m daudzu gadu garum\u0101 apmain\u0101s instit\u016bcijas, ik pa laikam kontrol\u0113jo\u0161\u0101s instit\u016bcijas kaut ko p\u0101rbauda\u2026.Un t\u0101 gadiem.<\/p>\n<p>Paldies Zinta Skangale par viedodkli un atbalstu! Paldies \u0123imenei par uzdro\u0161in\u0101\u0161anos, drosmi, aicin\u0101jumu! \u2764\ufe0f\ud83d\ude4f<\/p>\n<p><a href=\"https:\/\/www.facebook.com\/story.php?story_fbid=4246880455556673&amp;id=100007042804885&amp;rdid=Fcv8vi1XG0swWolG#\" target=\"_blank\" rel=\"noopener nofollow\">https:\/\/www.facebook.com\/share\/p\/1BuTXKg8Me\/<\/a><\/p>\n<p>Pateicoties tam, nol\u0113mu public\u0113t vienu st\u0101stu. Varb\u016bt tas iedro\u0161in\u0101s citus neklus\u0113t un r\u012bkoties?<\/p>\n<p>\u0160aj\u0101 st\u0101st\u0101 nemin\u0113\u0161u ne pa\u0161vald\u012bbas, ne skolas, jo man nav dots t\u0101ds mand\u0101ts. Un abas \u0161\u012bs pa\u0161vald\u012bbas ir dar\u012bju\u0161as un dara visu, lai tikai neviens neuzzina, ka tas ir noticis un notiek joproj\u0101m. Likums man neaizliedz nosaukt pa\u0161vald\u012bbas, bet vienai no t\u0101m esmu pateikusi, ka publiski pa\u0161vald\u012bbu nemin\u0113\u0161u, kam\u0113r t\u0101s p\u0101rst\u0101vji to ne\u013caus. Viena pa\u0161vald\u012bba turpina c\u012b\u0146u, otra pa\u0161vald\u012bba ir priec\u012bga, ka tikusi va\u013c\u0101 no b\u0113rna, \u0123imenes, kura gadiem bija vardarb\u012bga un sag\u0101d\u0101ja probl\u0113mas ne reizi vien.<\/p>\n<p>Jau pirmsskol\u0101 tika konstat\u0113ts, ka b\u0113rnam ir nepiecie\u0161ams atbalsts. Vai tas tika pien\u0101c\u012bgi \u0123imen\u0113 sniegts? Visticam\u0101k, ka netika, ko apliecina t\u0101l\u0101kais. Vai citas atbild\u012bg\u0101s instit\u016bcijas ir pien\u0101c\u012bgi savu darbu veiku\u0161as? Visticam\u0101k, ka nav, jo viss k\u013c\u016bst tikai sare\u017e\u0123\u012bt\u0101k un vardarb\u012bba piedz\u012bvota 3 izgl\u012bt\u012bbas iest\u0101d\u0113s no vienas un t\u0101s pa\u0161as \u0123imenes.<\/p>\n<p>K\u0101du dienu arodbiedr\u012bb\u0101 sa\u0146\u0113m\u0101m biedra l\u016bgumu p\u0113c konsult\u0101cijas, pal\u012bdz\u0113t vardarb\u012bbas gad\u012bjum\u0101. Biedrs jaut\u0101ja, kur v\u0113l v\u0113rsties, ja ar vardarb\u012bbu netiek gal\u0101 skola, izgl\u012bt\u012bbas p\u0101rvalde.<\/p>\n<p>Viens b\u0113rns bija regul\u0101ri, ilgsto\u0161i vardarb\u012bgs pret klases biedriem, skolot\u0101jiem. Ar\u012b b\u0113rna vec\u0101ki bija vardarb\u012bgi pret klases audzin\u0101t\u0101ju. Skolas komanda cent\u0101s pal\u012bdz\u0113t, risin\u0101t probl\u0113mas. Viss non\u0101ca tik t\u0101lu, ka citu b\u0113rnu vec\u0101ki un skolot\u0101ji iest\u0101j\u0101s par skolot\u0101ju, pret kuru tika izv\u0113rsta re\u0101la, ilgsto\u0161a vardarb\u012bba. Direktore r\u012bkoj\u0101s skolas ietvaros un v\u0113rs\u0101s p\u0113c pal\u012bdz\u012bbas pie izgl\u012bt\u012bbas p\u0101rvaldes.<\/p>\n<p>Ko dar\u012bja p\u0101rvalde? Liel\u0101koties ku\u0161in\u0101ja. Ko dar\u012bja b\u0101ri\u0146tiesa? Praktiski neko. Papildu emocion\u0101lajai vardarb\u012bbai skolot\u0101jai k\u0101du dienu \u0161is b\u0113rns pien\u0101ca kl\u0101t ar z\u012bmuli un pajaut\u0101ja, vai vi\u0146a zina, kas ar vi\u0146u notiks, ja vi\u0146\u0161 to iedurs vi\u0146ai kakl\u0101.<\/p>\n<p>Mest ar k\u0101du viegl\u0101ku priek\u0161metu ar\u012b bija jau norma.<\/p>\n<p>Visam pa vidu bija garas sarakstes ar vec\u0101kiem, regul\u0101ras tik\u0161an\u0101s un konflikti tikai eskal\u0113j\u0101s. B\u016bt\u012bb\u0101 visi m\u0101c\u012bbu priek\u0161metu skolot\u0101ji bija novesti l\u012bdz baltkv\u0113lei. Divi skolot\u0101ji aizg\u0101ja prom no \u0161\u012bs skolas. Citi skolot\u0101ji turpin\u0101ja m\u0101c\u012bt, bet esot divat\u0101 ar b\u0113rnu, jo pa vienam bija bail b\u016bt ar vi\u0146u. Izdariet secin\u0101jumus, k\u0101da ir b\u0113rna uzved\u012bba, ja pieaugu\u0161ais viens baid\u0101s b\u016bt telp\u0101 ar vienu b\u0113rnu. Skolas psihologs ar\u012b cieta no vec\u0101ku uzbrukumiem, kontroles. Ar dokumentiem par b\u0113rna vesel\u012bbu viss ir k\u0101rt\u012bb\u0101-b\u0113rnam ofici\u0101li joproj\u0101m nav nek\u0101da diagnoze, kas liecin\u0101tu par nopietn\u0101m probl\u0113m\u0101m. Ticiet, ar\u012b to var nok\u0101rtot, ja vec\u0101kiem ir sakari. Un t\u0101di vi\u0146iem tie\u0161\u0101m ir.<\/p>\n<blockquote><p>Un tad pien\u0101ca diena, kad b\u0113rna t\u0113vs publiski, liecinieku kl\u0101tb\u016btn\u0113 s\u0101ka skol\u0101 \u017e\u0146augt skolot\u0101ju( klases audzin\u0101t\u0101ju). Tas bija ar\u012b skolas gl\u0101bi\u0146\u0161. P\u0101rvald\u0113 vienoj\u0101s, ka vec\u0101ki iz\u0146em no skolas b\u0113rnu, direktorei un skolot\u0101jai pal\u016bdza noklus\u0113t, jo viss ta\u010du \u201claim\u012bgi\u201d beidzies. T\u0101 bija liel\u0101k\u0101 k\u013c\u016bda. Vajadz\u0113ja zi\u0146ot policijai.<\/p><\/blockquote>\n<p>Kas notika t\u0101l\u0101k? B\u0113rns s\u0101ka m\u0101c\u012bties citas pa\u0161vald\u012bbas skol\u0101. M\u0113s jau tad saprat\u0101m, ka tas ir tikai laika jaut\u0101jums un viss turpin\u0101sies. T\u0101 diem\u017e\u0113l ar\u012b notika.<br \/>B\u0113rns ir k\u013cuvis liel\u0101ks, fiziski sp\u0113c\u012bg\u0101ks. Ar\u012b \u0161aj\u0101 skol\u0101 cie\u0161 skol\u0113ni, pedagogi, k\u0101ds no skolas aizg\u0101jis. Psihologam vec\u0101ki ne\u013cauj str\u0101d\u0101t ar b\u0113rnu, soci\u0101lais pedagogs ir aizg\u0101jis no skolas, cits atsak\u0101s str\u0101d\u0101t ar \u0161o \u0123imeni. Citu b\u0113rnu vec\u0101ki iedro\u0161ina savus b\u0113rnus, lai vi\u0146i nebaid\u0101s iet uz skolu. K\u0101dam skol\u0113nam smadze\u0146u satricin\u0101jums, k\u0101dam pedagogam p\u0101rsista galva, k\u0101dam iesists, k\u0101dam izteikts seksu\u0101la rakstura v\u0113st\u012bjums, ir tiesved\u012bbas. T\u0101 var\u0113tu turpin\u0101t.<\/p>\n<p>B\u0113rna vec\u0101ki turpina rakst\u012bt vis\u0101m iesp\u0113jam\u0101m instit\u016bcij\u0101m, ka vi\u0146u b\u0113rnam tiekot dar\u012bts p\u0101ri. Skolas vad\u012bba un komanda mekl\u0113 risin\u0101jumus, k\u0101 pal\u012bdz\u0113t b\u0113rnam, k\u0101 sadarboties ar vec\u0101kiem. \u0160aj\u0101 pa\u0161vald\u012bb\u0101 vismaz izgl\u012bt\u012bbas p\u0101rvalde cen\u0161as rast ar\u012b lab\u0101kos risin\u0101jumus b\u0113rnam, visai skolas saimei, ta\u010du rokas ir par \u012bsu. Zin\u0101m\u0101 m\u0113r\u0101 ar\u012b pa\u0161vald\u012bbas politisk\u0101 vara var\u0113tu b\u016bt akt\u012bv\u0101ka un drosm\u012bg\u0101ka.<\/p>\n<blockquote><p>Un t\u0101 m\u0113s pa visiem neesam sp\u0113ju\u0161i tikt gal\u0101 ar vienu \u0123imeni tik daudzu gadu garum\u0101. Un t\u0101 m\u0113s gadiem neesam pan\u0101ku\u0161i b\u0101ri\u0146tiesas l\u0113mumu, lai b\u0113rnu izv\u0113rt\u0113 neatkar\u012bgi eksperti un nosaka diagnozi.<\/p><\/blockquote>\n<p>Neesam pan\u0101ku\u0161i, lai izv\u0113rt\u0113 ar\u012b vec\u0101ku r\u012bc\u012bbu, iztur\u0113\u0161anos m\u0101j\u0101s pret b\u0113rnu, jo pedagogi ir inform\u0113ju\u0161i par aizdom\u0101m, ka m\u0101j\u0101s vec\u0101ki pa\u0161i ir vardarb\u012bgi pret b\u0113rnu. Kontrol\u0113jo\u0161\u0101s instit\u016bcijas ir sp\u0113ju\u0161as tikai v\u0113l pakritiz\u0113t skolas vad\u012bbu, skolot\u0101jus un neviena no t\u0101m nav iedzi\u013cin\u0101jusies situ\u0101cij\u0101 p\u0113c b\u016bt\u012bbas. Neviena nav analiz\u0113jusi vec\u0101ku atbild\u012bbu, lomu.<\/p>\n<p>Vienas \u0123imenes d\u0113\u013c gadiem cietu\u0161i tik daudzi pedagogi, skol\u0113ni, risin\u0101jumu mekl\u0113\u0161an\u0101 iesaist\u012btas tik daudzas instit\u016bcijas, un m\u0113r\u0137is joproj\u0101m nav sasniegts \u2013 pal\u012bdz\u0113t \u0161im b\u0113rnam, pasarg\u0101t no vardarb\u012bbas citus, saukt pie atbild\u012bbas tos, kuriem t\u0101 j\u0101uz\u0146emas.<\/p>\n<p>Daudzi pedagogi var\u0113ja v\u0113rsties policij\u0101, ties\u0101, ta\u010du drosm\u012bgo ir maz. Liel\u0101kajai da\u013cai ir bailes un nogurums. K\u0101dam bail pazaud\u0113t darbu, k\u0101dam r\u016bp pa\u0161vald\u012bbas t\u0113ls, k\u0101dam ir bail no vec\u0101kiem, kuriem ir aizmugure un kontakti.<\/p>\n<p>K\u0101ds teiks, ja jau tik bail\u012bgi, tad ar\u012b cietiet un klus\u0113jiet.<\/p>\n<p>St\u0101sts turpin\u0101s, ta\u010du es \u013coti ceru, ka tas dr\u012bz beigsies. No arodbiedr\u012bbas puses, savu ties\u012bbu un iesp\u0113ju robe\u017e\u0101s, dar\u0101m visu, lai pan\u0101ktu \u0101tr\u0101kas \u0161\u012b st\u0101sta beigas.<br \/>Joproj\u0101m aicinu \u2013 neklus\u0113jam, nebaid\u0101mies. M\u0113s pieaugu\u0161ie esam atbild\u012bgi par m\u016bsu b\u0113rnu dro\u0161\u012bbu, ar\u012b par t\u0101 vardarb\u012bg\u0101 b\u0113rna dro\u0161\u012bbu vi\u0146a pa\u0161a \u0123imen\u0113.<br \/>Un kontrol\u0113jo\u0161\u0101s insit\u016bcijas aicinu r\u016bp\u012bg\u0101k sekot, kas notiek ar b\u0113rniem \u0123imen\u0113s.<\/p>\n<p>Nesaigaid\u0101m dienu, kad no\u017e\u0113losim visu atliku\u0161o dz\u012bvi, ka k\u0101du, \u012bpa\u0161i b\u0113rnu, nenosarg\u0101j\u0101m, bet var\u0113j\u0101m.\u201d<\/p>\n<p>T\u0113mas<\/p>\n<p>    SAIST\u012aTIE RAKSTI<\/p>\n","protected":false},"excerpt":{"rendered":"Foto: Ekr\u0101nuz\u0146\u0113mums no \u201cFacebook\u201d\/LETA 20:36, 16. janv\u0101ris 2026 P\u0113c tam, kad \u0123imenes st\u0101sts par vardarb\u012bbu skol\u0101 izrais\u012bja pla\u0161u&hellip;\n","protected":false},"author":2,"featured_media":106717,"comment_status":"","ping_status":"","sticky":false,"template":"","format":"standard","meta":{"footnotes":""},"categories":[5],"tags":[23,28,29,32,33,22,30,31,35,39,38,36,37,34,40,20,26,27,24,25,21],"class_list":{"0":"post-106716","1":"post","2":"type-post","3":"status-publish","4":"format-standard","5":"has-post-thumbnail","7":"category-aktualitates","8":"tag-aktualitates","9":"tag-breaking-news","10":"tag-breakingnews","11":"tag-featured-news","12":"tag-featurednews","13":"tag-headlines","14":"tag-latest-news","15":"tag-latestnews","16":"tag-latvia","17":"tag-latvian","18":"tag-latviesu","19":"tag-latviesu-valoda","20":"tag-latviesuvaloda","21":"tag-latvija","22":"tag-lv","23":"tag-news","24":"tag-popularakas-zinas","25":"tag-popularakaszinas","26":"tag-top-stories","27":"tag-topstories","28":"tag-zinas"},"share_on_mastodon":{"url":"https:\/\/pubeurope.com\/@lv\/115906440279263315","error":""},"_links":{"self":[{"href":"https:\/\/www.europesays.com\/lv\/wp-json\/wp\/v2\/posts\/106716","targetHints":{"allow":["GET"]}}],"collection":[{"href":"https:\/\/www.europesays.com\/lv\/wp-json\/wp\/v2\/posts"}],"about":[{"href":"https:\/\/www.europesays.com\/lv\/wp-json\/wp\/v2\/types\/post"}],"author":[{"embeddable":true,"href":"https:\/\/www.europesays.com\/lv\/wp-json\/wp\/v2\/users\/2"}],"replies":[{"embeddable":true,"href":"https:\/\/www.europesays.com\/lv\/wp-json\/wp\/v2\/comments?post=106716"}],"version-history":[{"count":0,"href":"https:\/\/www.europesays.com\/lv\/wp-json\/wp\/v2\/posts\/106716\/revisions"}],"wp:featuredmedia":[{"embeddable":true,"href":"https:\/\/www.europesays.com\/lv\/wp-json\/wp\/v2\/media\/106717"}],"wp:attachment":[{"href":"https:\/\/www.europesays.com\/lv\/wp-json\/wp\/v2\/media?parent=106716"}],"wp:term":[{"taxonomy":"category","embeddable":true,"href":"https:\/\/www.europesays.com\/lv\/wp-json\/wp\/v2\/categories?post=106716"},{"taxonomy":"post_tag","embeddable":true,"href":"https:\/\/www.europesays.com\/lv\/wp-json\/wp\/v2\/tags?post=106716"}],"curies":[{"name":"wp","href":"https:\/\/api.w.org\/{rel}","templated":true}]}}