{"id":106721,"date":"2026-01-16T19:45:03","date_gmt":"2026-01-16T19:45:03","guid":{"rendered":"https:\/\/www.europesays.com\/lv\/106721\/"},"modified":"2026-01-16T19:45:03","modified_gmt":"2026-01-16T19:45:03","slug":"spanu-dziedatajs-hulio-iglesiass-noraida-apsudzibas-seksuala-vardarbiba","status":"publish","type":"post","link":"https:\/\/www.europesays.com\/lv\/106721\/","title":{"rendered":"Sp\u0101\u0146u dzied\u0101t\u0101js Hulio Iglesiass noraida aps\u016bdz\u012bbas seksu\u0101l\u0101 vardarb\u012bb\u0101"},"content":{"rendered":"<p>\u0160oned\u0113\u013c medijos izskan\u0113ja inform\u0101cija, ka Iglesiass no 2021. gada janv\u0101ra l\u012bdz oktobrim seksu\u0101li un fiziski uzbrucis div\u0101m sieviet\u0113m, kas str\u0101d\u0101ja vi\u0146a rezidenc\u0113s Dominik\u0101n\u0101 un Bahamu sal\u0101s.<\/p>\n<p>Dienu v\u0113l\u0101k Sp\u0101nijas prokurori pazi\u0146oja, ka izskata \u0161\u012bs aps\u016bdz\u012bbas.<\/p>\n<p>&#8220;Ar dzi\u013c\u0101m skumj\u0101m rea\u0123\u0113ju uz aps\u016bdz\u012bb\u0101m, ko izvirz\u012bju\u0161as divas personas, kas iepriek\u0161 str\u0101d\u0101ju\u0161as man\u0101s m\u0101j\u0101s,&#8221; pazi\u0146ojum\u0101 platform\u0101 &#8220;Instagram&#8221; pauda pasaules slavu iemantoju\u0161ais dzied\u0101t\u0101js.<\/p>\n<p>&#8220;Es noliedzu, ka b\u016btu \u013caunpr\u0101t\u012bgi izmantojis, piespiedis vai izr\u0101d\u012bjis necie\u0146u k\u0101dai sievietei. \u0160\u012bs aps\u016bdz\u012bbas ir absol\u016bti nepatiesas un izraisa man lielas skumjas,&#8221; nor\u0101d\u012bja Iglesiass.<\/p>\n<p>Sp\u0101nijas zi\u0146u port\u0101ls &#8220;elDiario.es&#8221; un ASV telev\u012bzijas t\u012bkls &#8220;Univision Noticias&#8221; 13. janv\u0101r\u012b publiskoja materi\u0101lu par kop\u012bgu, tr\u012bs gadus ilgu\u0161u izmekl\u0113\u0161anu par iesp\u0113jamiem Iglesiasa p\u0101rk\u0101pumiem.<\/p>\n<p>Sp\u0101nijas augst\u0101k\u0101 tiesa ofici\u0101las aps\u016bdz\u012bbas pret Iglesiasu sa\u0146\u0113ma 5. janv\u0101r\u012b, pazi\u0146oja amatpersonas.<\/p>\n<p>Ties\u012bbu aizsardz\u012bbas organiz\u0101cija, kas p\u0101rst\u0101v abas sievietes, pazi\u0146oja, ka vi\u0146as aps\u016bdz Iglesiasu &#8220;noziegumos pret seksu\u0101lo br\u012bv\u012bbu un dzimumneaizskaram\u012bbu, t\u0101dos k\u0101 seksu\u0101la uzm\u0101k\u0161an\u0101s&#8221; un &#8220;cilv\u0113ku tirdzniec\u012bb\u0101 piespiedu darba un verdz\u012bbas nol\u016bk\u0101&#8221;.<\/p>\n<p>Organiz\u0101cija &#8220;Women&#8217;s Link Worldwide&#8221; pazi\u0146oja, ka abas sievietes ir iesniegu\u0161as s\u016bdz\u012bbu Sp\u0101nijas ties\u0101.<\/p>\n<p>82 gadus vecais dzied\u0101t\u0101js ir viens no pasaules veiksm\u012bg\u0101kajiem m\u016bzikas m\u0101ksliniekiem.<\/p>\n<p>S\u0101cis savu karjeru Sp\u0101nij\u0101, Iglesiass 70. un 80. gados ieguva milz\u012bgu popularit\u0101ti ASV un citviet pasaul\u0113. Karjeras gait\u0101 Iglesiass sa\u0146\u0113mis &#8220;Grammy&#8221; balvu, ar\u012b &#8220;Billboard&#8221; un daudzas citas godalgas.<\/p>\n<p>&#8220;Es nekad neesmu piedz\u012bvojis \u0161\u0101du \u013caunpr\u0101t\u012bbu, bet man joproj\u0101m ir sp\u0113ks, lai cilv\u0113ki uzzin\u0101tu visu paties\u012bbu un aizst\u0101v\u0113tu savu cie\u0146u pret tik nopietnu apvainojumu,&#8221; Iglesiass pauda soci\u0101lajos t\u012bklos.<\/p>\n","protected":false},"excerpt":{"rendered":"\u0160oned\u0113\u013c medijos izskan\u0113ja inform\u0101cija, ka Iglesiass no 2021. gada janv\u0101ra l\u012bdz oktobrim seksu\u0101li un fiziski uzbrucis div\u0101m sieviet\u0113m,&hellip;\n","protected":false},"author":2,"featured_media":106722,"comment_status":"","ping_status":"","sticky":false,"template":"","format":"standard","meta":{"footnotes":""},"categories":[19],"tags":[89,90,35,39,38,36,37,34,40,103,504],"class_list":{"0":"post-106721","1":"post","2":"type-post","3":"status-publish","4":"format-standard","5":"has-post-thumbnail","7":"category-izklaide","8":"tag-entertainment","9":"tag-izklaide","10":"tag-latvia","11":"tag-latvian","12":"tag-latviesu","13":"tag-latviesu-valoda","14":"tag-latviesuvaloda","15":"tag-latvija","16":"tag-lv","17":"tag-muzika","18":"tag-seksuala-vardarbiba"},"share_on_mastodon":{"url":"https:\/\/pubeurope.com\/@lv\/115906499235678759","error":""},"_links":{"self":[{"href":"https:\/\/www.europesays.com\/lv\/wp-json\/wp\/v2\/posts\/106721","targetHints":{"allow":["GET"]}}],"collection":[{"href":"https:\/\/www.europesays.com\/lv\/wp-json\/wp\/v2\/posts"}],"about":[{"href":"https:\/\/www.europesays.com\/lv\/wp-json\/wp\/v2\/types\/post"}],"author":[{"embeddable":true,"href":"https:\/\/www.europesays.com\/lv\/wp-json\/wp\/v2\/users\/2"}],"replies":[{"embeddable":true,"href":"https:\/\/www.europesays.com\/lv\/wp-json\/wp\/v2\/comments?post=106721"}],"version-history":[{"count":0,"href":"https:\/\/www.europesays.com\/lv\/wp-json\/wp\/v2\/posts\/106721\/revisions"}],"wp:featuredmedia":[{"embeddable":true,"href":"https:\/\/www.europesays.com\/lv\/wp-json\/wp\/v2\/media\/106722"}],"wp:attachment":[{"href":"https:\/\/www.europesays.com\/lv\/wp-json\/wp\/v2\/media?parent=106721"}],"wp:term":[{"taxonomy":"category","embeddable":true,"href":"https:\/\/www.europesays.com\/lv\/wp-json\/wp\/v2\/categories?post=106721"},{"taxonomy":"post_tag","embeddable":true,"href":"https:\/\/www.europesays.com\/lv\/wp-json\/wp\/v2\/tags?post=106721"}],"curies":[{"name":"wp","href":"https:\/\/api.w.org\/{rel}","templated":true}]}}