{"id":106731,"date":"2026-01-16T20:12:03","date_gmt":"2026-01-16T20:12:03","guid":{"rendered":"https:\/\/www.europesays.com\/lv\/106731\/"},"modified":"2026-01-16T20:12:03","modified_gmt":"2026-01-16T20:12:03","slug":"cecenijas-lidera-kadirova-dels-adams-kadirovs-smagi-cietis-autoavarija","status":"publish","type":"post","link":"https:\/\/www.europesays.com\/lv\/106731\/","title":{"rendered":"\u010ce\u010denijas l\u012bdera Kadirova d\u0113ls Adams Kadirovs smagi cietis autoav\u0101rij\u0101"},"content":{"rendered":"<p class=\"descr\">\u010ce\u010denijas l\u012bdera d\u0113ls Adams Kadirovs nog\u0101d\u0101ts slimn\u012bc\u0101 p\u0113c autoav\u0101rijas Groznij\u0101, 16. janv\u0101r\u012b zi\u0146oja \u010ce\u010denijas opoz\u012bcijas Telegram kan\u0101ls Niyso un Kavkaz.Realii, atsaucoties uz avotiem. Par to zi\u0146o ar\u012b Meduza.<\/p>\n<p>Saska\u0146\u0101 ar vi\u0146u sniegto inform\u0101ciju, <a href=\"https:\/\/nra.lv\/birka\/adams-kadirovs\/\" rel=\"nofollow noopener\" target=\"_blank\">Adams Kadirovs<\/a> tika hospitaliz\u0113ts smag\u0101 st\u0101vokl\u012b un bezsama\u0146\u0101. Vi\u0146\u0161 tiek \u0101rst\u0113ts Republik\u0101\u0146u slimn\u012bc\u0101 Groznij\u0101. Niyso apgalvo, ka vi\u0146\u0161 tiek reanim\u0113ts un sagatavots transport\u0113\u0161anai uz Maskavu.<\/p>\n<p>Saska\u0146\u0101 ar avotu sniegto inform\u0101ciju, Kadirova autokolonna brauca liel\u0101 \u0101trum\u0101, un negad\u012bjum\u0101 bija iesaist\u012bti vair\u0101ki transportl\u012bdzek\u013ci, ievainojot vair\u0101kus cilv\u0113kus.<\/p>\n<p>P\u0113c negad\u012bjuma Groznija ir sl\u0113gta. Jo \u012bpa\u0161i ir sl\u0113gti ce\u013ci, kas ved uz slimn\u012bcu, kur tika nog\u0101d\u0101ts Kadirovs.<\/p>\n<p>Asto\u0146padsmit gadus vecais Adams Kadirovs ir viens no slaven\u0101kajiem \u010ce\u010denijas l\u012bdera Ramzana Kadirova b\u0113rniem. 2023. gada septembr\u012b Kadirovs vec\u0101kais public\u0113ja video, kur\u0101 redzams, k\u0101 toreiz 15 gadus vecais Adams pirmstiesas apcietin\u0101juma centr\u0101 piekauj\u0145ikitu \u017duravelu, kur\u0161 tika aps\u016bdz\u0113ts Kor\u0101na dedzin\u0101\u0161an\u0101. P\u0113c tam \u010ce\u010denijas l\u012bderis sac\u012bja, ka lepojas ar savu d\u0113lu. Kop\u0161 t\u0101 laika Adams Kadirovs ir sa\u0146\u0113mis da\u017e\u0101dus apbalvojumus un ie\u0146\u0113mis vair\u0101kus augstus amatus \u010ce\u010denij\u0101. Pa\u0161laik vi\u0146\u0161 ir \u010ce\u010denijas Dro\u0161\u012bbas padomes sekret\u0101rs un republikas Iek\u0161lietu ministrijas kurators.<\/p>\n<p>\t\t\t\t\t\tinfo<\/p>\n<p>Uzzini pirmais<br \/>kas interesants noticis Latvij\u0101 un pasaul\u0113,<br \/>pievienojoties mums <a href=\"https:\/\/t.me\/neatkariga\" rel=\"nofollow\">Telegram<\/a> vai <a href=\"https:\/\/whatsapp.com\/channel\/0029VaMLFUH5K3zLU5s4wm3y\" rel=\"nofollow noopener\" target=\"_blank\">Whatsapp<\/a> kan\u0101l\u0101<\/p>\n","protected":false},"excerpt":{"rendered":"\u010ce\u010denijas l\u012bdera d\u0113ls Adams Kadirovs nog\u0101d\u0101ts slimn\u012bc\u0101 p\u0113c autoav\u0101rijas Groznij\u0101, 16. janv\u0101r\u012b zi\u0146oja \u010ce\u010denijas opoz\u012bcijas Telegram kan\u0101ls Niyso&hellip;\n","protected":false},"author":2,"featured_media":106732,"comment_status":"","ping_status":"","sticky":false,"template":"","format":"standard","meta":{"footnotes":""},"categories":[14],"tags":[23,57,28,29,32,33,22,30,31,35,39,38,36,37,34,40,20,26,27,24,25,54,55,56,21,58],"class_list":{"0":"post-106731","1":"post","2":"type-post","3":"status-publish","4":"format-standard","5":"has-post-thumbnail","7":"category-zinas-no-arvalstim","8":"tag-aktualitates","9":"tag-arvalstim","10":"tag-breaking-news","11":"tag-breakingnews","12":"tag-featured-news","13":"tag-featurednews","14":"tag-headlines","15":"tag-latest-news","16":"tag-latestnews","17":"tag-latvia","18":"tag-latvian","19":"tag-latviesu","20":"tag-latviesu-valoda","21":"tag-latviesuvaloda","22":"tag-latvija","23":"tag-lv","24":"tag-news","25":"tag-popularakas-zinas","26":"tag-popularakaszinas","27":"tag-top-stories","28":"tag-topstories","29":"tag-world","30":"tag-world-news","31":"tag-worldnews","32":"tag-zinas","33":"tag-zinas-no-arvalstim"},"share_on_mastodon":{"url":"https:\/\/pubeurope.com\/@lv\/115906605401804714","error":""},"_links":{"self":[{"href":"https:\/\/www.europesays.com\/lv\/wp-json\/wp\/v2\/posts\/106731","targetHints":{"allow":["GET"]}}],"collection":[{"href":"https:\/\/www.europesays.com\/lv\/wp-json\/wp\/v2\/posts"}],"about":[{"href":"https:\/\/www.europesays.com\/lv\/wp-json\/wp\/v2\/types\/post"}],"author":[{"embeddable":true,"href":"https:\/\/www.europesays.com\/lv\/wp-json\/wp\/v2\/users\/2"}],"replies":[{"embeddable":true,"href":"https:\/\/www.europesays.com\/lv\/wp-json\/wp\/v2\/comments?post=106731"}],"version-history":[{"count":0,"href":"https:\/\/www.europesays.com\/lv\/wp-json\/wp\/v2\/posts\/106731\/revisions"}],"wp:featuredmedia":[{"embeddable":true,"href":"https:\/\/www.europesays.com\/lv\/wp-json\/wp\/v2\/media\/106732"}],"wp:attachment":[{"href":"https:\/\/www.europesays.com\/lv\/wp-json\/wp\/v2\/media?parent=106731"}],"wp:term":[{"taxonomy":"category","embeddable":true,"href":"https:\/\/www.europesays.com\/lv\/wp-json\/wp\/v2\/categories?post=106731"},{"taxonomy":"post_tag","embeddable":true,"href":"https:\/\/www.europesays.com\/lv\/wp-json\/wp\/v2\/tags?post=106731"}],"curies":[{"name":"wp","href":"https:\/\/api.w.org\/{rel}","templated":true}]}}