{"id":106733,"date":"2026-01-16T20:14:04","date_gmt":"2026-01-16T20:14:04","guid":{"rendered":"https:\/\/www.europesays.com\/lv\/106733\/"},"modified":"2026-01-16T20:14:04","modified_gmt":"2026-01-16T20:14:04","slug":"policija-sakusi-kriminalprocesu-par-tragisko-ugunsgreku-kekavas-pagasta-jauns-lv","status":"publish","type":"post","link":"https:\/\/www.europesays.com\/lv\/106733\/","title":{"rendered":"Policija s\u0101kusi krimin\u0101lprocesu par tra\u0123isko ugunsgr\u0113ku \u0136ekavas pagast\u0101 &#8211; Jauns.lv"},"content":{"rendered":"<ol>\n<li><a href=\"https:\/\/news.google.com\/rss\/articles\/CBMirAFBVV95cUxNeVNpODg1YTYxSEhiY3g2UVozSlhhZjdQbDBsZ1ZncnJVdVBxb0FWcDROSUV4UkRmRlJkMlFCbDlLNjVfVURhakRxdWt6bFBOOTJRd1lwbVBNN1VTV2wxdzlzZE15UXZ5cGk0SVRhX29fWTJ5MUtPRGdyVlVPRVBYZXZfWG5PNUxUNTVJRjdEcm9KMkoteGlOTzNmNVJVSTdpdGNEbklNdTFSTHhz?oc=5\" target=\"_blank\" rel=\"nofollow noopener\">Policija s\u0101kusi krimin\u0101lprocesu par tra\u0123isko ugunsgr\u0113ku \u0136ekavas pagast\u0101<\/a>&nbsp;&nbsp;Jauns.lv<\/li>\n<li><a href=\"https:\/\/news.google.com\/rss\/articles\/CBMikANBVV95cUxPNW04N1NuWGo0S2c2MjM5aG1aYWJqb28zTFo4cU9RMnVRdnpTS0hkVnplVW81akJkOEdkX0dyNjdYaTdYR21PQjNsVFFwQ1E2YXdqdWlNalNGNzdNd3Zsb2Y2Rm54ekFLR19hZW1aOEZmNjU2blotV3k1TS1YdEg3WE8tWkhtR0xlcjVLUVRld08xanZGODl5Yk9CaUl1XzQtendNSmtnT0JRS3B4MjlHeTZRdXhDd1ZoRWFoZ1o0enJCWVVIQ1pXZE02SHFIVy1fVklVWno3YnAtamJxaG8xMlJPeE1LcTVpZmYtdlQyWWw3dGtKWUNGUlJyNllOTGZsYlRZejVmUU0zUXlTMWQ3SDJEMUR6SDcwNG4yTU9LUGY2dnNfbGUxOUJQTkNXQXUxMWtaQTU5a1lDYWgxOF9pdmptcUs4LTZmdktOWjRsNmE2VjZyaVEyMklUalcwZm1vUkc3ZFFuNHhOeFBuUVlrckNYYUEwZkVCYVkzSmt3RVhuYjQ3b0lFNzloUkdVaTFH?oc=5\" target=\"_blank\" rel=\"nofollow noopener\">FOTO: redz\u0113tais liek dzert nervu z\u0101les &#8211; kaimi\u0146i st\u0101sta par tra\u0123\u0113diju Krustkalnu ciem\u0101<\/a>&nbsp;&nbsp;Jauns.lv<\/li>\n<li><a href=\"https:\/\/news.google.com\/rss\/articles\/CBMi1wFBVV95cUxOb19QalNiLS1jcG5pMUlnYlhpcHFJaDJ0TklWU1RqclBuUHNZM29yT2g5LVhxX05jUDVWVUhYTE1hdVdNT1hVSWVJZWRRMFBtQlFwUkFPSzBqam9HVG9IcTc4VFpwLUxhVklvOEYwV2ZGWUwxeTBHT1dJMm0yQjNOd0stX0x6UkdCNUFuZ1ZNa1ZYdzJseUNqWXkyYmtmR2NxT2pOVWVCMlJaei1YWFlYWVB4dFhEVVFjcVdrNTI2dU40LWRoM24wMnQ3Nmdpbm41dGpOM09KQQ?oc=5\" target=\"_blank\" rel=\"nofollow noopener\">VIDEO &#8220;Pa logu dodat b\u0113rni\u0146u \u0101r\u0101.&#8221; Aculiecinieku video iem\u016b\u017eina dramatiskos mirk\u013cus \u0136ekavas tra\u0123iskaj\u0101 ugunsgr\u0113k\u0101<\/a>&nbsp;&nbsp;Apollo.lv<\/li>\n<li><a href=\"https:\/\/news.google.com\/rss\/articles\/CBMi4wFBVV95cUxNMGx4ZVpVa2J0ZlF1ZklxMGhiWWxveUU2Q1BMX1VsejdrNEVXblhuODh4RndEdi0ySUxUblNGLTJHazZjeWJ6R1VUdkpFcmhCMDB5Y1FOUnBLV184bHVmMVFVc1c0azlxc2tkUzVjZ1hUaDBvN0pLel9Ua1c4NklQcXFBaFdiSEZZSjJUZUl2Yk5tWXE4S1lNTWlGSXZDTV9FZ3ZDMk1ianRTTUNWajUtMTVocDZoSFR5cjVmdEZmRm5Wa3VRdHhMVDN5VVNJVUcxVEI0dlVsQ09aNFpzUXpQUnlSSQ?oc=5\" target=\"_blank\" rel=\"nofollow noopener\">Ugunsnelaime jaunaj\u0101 projekt\u0101 Krustkalnos: k\u0101du pal\u012bdz\u012bbu sola apdro\u0161in\u0101t\u0101ji? (plkst. 15.40)<\/a>&nbsp;&nbsp;Delfi<\/li>\n<li><a href=\"https:\/\/news.google.com\/rss\/articles\/CBMiqgFBVV95cUxQVkVrT205S084ZVg2YUM3NDBGWDdjZUFSb1VBaDVwM1J5eTJZSmg3Z3RvNjRFMTVzVFpyaVZuaWNjR2dQQzBGcHpLVGYwd1hybEVTUTdVMGtHc19BSEpMNjdONFBEclZ3VlAwTW00MzhVUW13a2I1aTZnWkNwd3FvVzFSbmlxSTBJamV4WTNMbHd6S3ZCN1VKajIxY2ZqSk5jOGtudU9OTTZkUQ?oc=5\" target=\"_blank\" rel=\"nofollow noopener\">Zi\u0146as vieglaj\u0101 valod\u0101 16. janv\u0101r\u012b \/ Raksts<\/a>&nbsp;&nbsp;LSM<\/li>\n<\/ol>\n","protected":false},"excerpt":{"rendered":"Policija s\u0101kusi krimin\u0101lprocesu par tra\u0123isko ugunsgr\u0113ku \u0136ekavas pagast\u0101&nbsp;&nbsp;Jauns.lv FOTO: redz\u0113tais liek dzert nervu z\u0101les &#8211; kaimi\u0146i st\u0101sta par&hellip;\n","protected":false},"author":2,"featured_media":106734,"comment_status":"","ping_status":"","sticky":false,"template":"","format":"standard","meta":{"footnotes":""},"categories":[5],"tags":[23,28,29,32,33,22,30,31,35,39,38,36,37,34,40,20,26,27,24,25,21],"class_list":{"0":"post-106733","1":"post","2":"type-post","3":"status-publish","4":"format-standard","5":"has-post-thumbnail","7":"category-aktualitates","8":"tag-aktualitates","9":"tag-breaking-news","10":"tag-breakingnews","11":"tag-featured-news","12":"tag-featurednews","13":"tag-headlines","14":"tag-latest-news","15":"tag-latestnews","16":"tag-latvia","17":"tag-latvian","18":"tag-latviesu","19":"tag-latviesu-valoda","20":"tag-latviesuvaloda","21":"tag-latvija","22":"tag-lv","23":"tag-news","24":"tag-popularakas-zinas","25":"tag-popularakaszinas","26":"tag-top-stories","27":"tag-topstories","28":"tag-zinas"},"share_on_mastodon":{"url":"https:\/\/pubeurope.com\/@lv\/115906613256773087","error":""},"_links":{"self":[{"href":"https:\/\/www.europesays.com\/lv\/wp-json\/wp\/v2\/posts\/106733","targetHints":{"allow":["GET"]}}],"collection":[{"href":"https:\/\/www.europesays.com\/lv\/wp-json\/wp\/v2\/posts"}],"about":[{"href":"https:\/\/www.europesays.com\/lv\/wp-json\/wp\/v2\/types\/post"}],"author":[{"embeddable":true,"href":"https:\/\/www.europesays.com\/lv\/wp-json\/wp\/v2\/users\/2"}],"replies":[{"embeddable":true,"href":"https:\/\/www.europesays.com\/lv\/wp-json\/wp\/v2\/comments?post=106733"}],"version-history":[{"count":0,"href":"https:\/\/www.europesays.com\/lv\/wp-json\/wp\/v2\/posts\/106733\/revisions"}],"wp:featuredmedia":[{"embeddable":true,"href":"https:\/\/www.europesays.com\/lv\/wp-json\/wp\/v2\/media\/106734"}],"wp:attachment":[{"href":"https:\/\/www.europesays.com\/lv\/wp-json\/wp\/v2\/media?parent=106733"}],"wp:term":[{"taxonomy":"category","embeddable":true,"href":"https:\/\/www.europesays.com\/lv\/wp-json\/wp\/v2\/categories?post=106733"},{"taxonomy":"post_tag","embeddable":true,"href":"https:\/\/www.europesays.com\/lv\/wp-json\/wp\/v2\/tags?post=106733"}],"curies":[{"name":"wp","href":"https:\/\/api.w.org\/{rel}","templated":true}]}}