{"id":106735,"date":"2026-01-16T20:20:20","date_gmt":"2026-01-16T20:20:20","guid":{"rendered":"https:\/\/www.europesays.com\/lv\/106735\/"},"modified":"2026-01-16T20:20:20","modified_gmt":"2026-01-16T20:20:20","slug":"jaunas-sudzibas-par-dailes-teatra-vadibas-komunikacijas-kulturu-oficialu-atvainosanos-pieprasa-gaismu-maksliniece-raksts","status":"publish","type":"post","link":"https:\/\/www.europesays.com\/lv\/106735\/","title":{"rendered":"Jaunas s\u016bdz\u012bbas par Dailes te\u0101tra vad\u012bbas komunik\u0101cijas kult\u016bru \u2013 ofici\u0101lu atvaino\u0161anos pieprasa gaismu m\u0101ksliniece \/ Raksts"},"content":{"rendered":"<p>Gaismu m\u0101ksliniece J\u016blija Bondarenko pieprasa ofici\u0101lu atvaino\u0161anos no Dailes te\u0101tra m\u0101ksliniecisk\u0101 direktora Viestura Kairi\u0161a par emocion\u0101lu vardarb\u012bbu, publisku pazemojumu un neprofesion\u0101lu iztur\u0113\u0161anos Ziemassv\u0113tku koncerta &#8220;P\u0113k\u0161\u0146i gaism\u0101&#8221; \u0123ener\u0101lm\u0113\u0123in\u0101juma laik\u0101. Viesturs Kairi\u0161s aps\u016bdz\u012bb\u0101m pamatojumu neredz, jo darba kvalit\u0101te bijusi nepie\u0146emama un vi\u0146\u0161 r\u012bkojies &#8220;\u0137irur\u0123iski&#8221;, lai gl\u0101btu situ\u0101ciju un cits gaismu m\u0101kslinieks var\u0113tu turpin\u0101t darbu. Kult\u016bras ministrija ir sa\u0146\u0113musi J\u016blijas Bondarenko s\u016bdz\u012bbu, bet virz\u012bba v\u0113l ir neskaidra, jo tiek gaid\u012bta inform\u0101cija no Dailes te\u0101tra.\u00a0<\/p>\n<p>\u012aSUM\u0100\u00a0<\/p>\n<ul>\n<li>Gaismu m\u0101ksliniece J\u016blija Bondarenko piekrita piedal\u012bties Dailes te\u0101tra Ziemassv\u0113tku koncert\u0101 &#8220;P\u0113k\u0161\u0146i gaism\u0101&#8221; oktobr\u012b, bet tika nomain\u012bta p\u0113c \u0123ener\u0101lm\u0113\u0123in\u0101juma decembra vid\u016b.\u00a0<\/li>\n<li>Dailes te\u0101tra m\u0101kslinieciskais direktors Viesturs Kairi\u0161s savas pretenzijas pret m\u0101kslinieces darbu izteica publiski, visai rado\u0161ajai grupai kl\u0101tesot.<\/li>\n<li>Latvijas Te\u0101tra darbinieku savien\u012bbas valdes priek\u0161s\u0113d\u0113t\u0101js Oj\u0101rs Rubenis uzskata, ka jaut\u0101jums par to, vai rado\u0161\u0101 procesa samezglojumos m\u0101kslinieks tiek pazemots, ir &#8220;\u013coti slidens&#8221;.\u00a0<\/li>\n<\/ul>\n<p>Gaismu m\u0101kslinieci negaid\u012bti nomaina p\u0113c \u0123ener\u0101lm\u0113\u0123in\u0101juma<\/p>\n<p>Gaismu m\u0101kslinieci J\u016bliju Bondarenko piedal\u012bties Ziemassv\u0113tku koncerta &#8220;P\u0113k\u0161\u0146i gaism\u0101&#8221; veido\u0161an\u0101 uzaicin\u0101ja re\u017eisors J\u0101nis Znoti\u0146\u0161. J\u016blija st\u0101sta, ka l\u012bdz \u0123ener\u0101lm\u0113\u0123in\u0101jumam, kuru film\u0113ja ar\u012b Latvijas Telev\u012bzijas Kult\u016bras zi\u0146as, pret vi\u0146as darbu neviens pretenzijas nebija izteicis \u2013 ne re\u017eisors, ne te\u0101tris. \u0122ener\u0101lm\u0113\u0123in\u0101juma dien\u0101 viss main\u012bjies. P\u0101rmai\u0146as biju\u0161as j\u016btamas jau pirms m\u0113\u0123in\u0101juma, bet skaidr\u012bbu, visai izr\u0101des komandai kl\u0101tesot, p\u0113c otr\u0101 c\u0113liena ieviesis te\u0101tra m\u0101kslinieciskais direktors Viesturs Kairi\u0161s.\u00a0<\/p>\n<p><img decoding=\"async\" src=\"https:\/\/www.europesays.com\/lv\/wp-content\/uploads\/2026\/01\/sh7w.png\" alt=\"J\u016blija Bondarenko, gaismu m\u0101ksliniece\"\/>J\u016blija Bondarenko, gaismu m\u0101ksliniece<\/p>\n<p>Foto: LTV<\/p>\n<\/p>\n<p>&#8220;S\u0101ka ar koment\u0101ru, n\u0113, bet komplimentu J\u0101\u0146a Znoti\u0146a darbam un tad uzreiz diezgan \u0101tri turpin\u0101ja princip\u0101 mana darba publisku pazemo\u0161anu. Vi\u0146\u0161 teica, ka tas neatbilst Dailes te\u0101tra standartiem, ka to nav iesp\u0113jams labot, ka tas ir veidots &#8220;cringe&#8221; est\u0113tik\u0101. Kaut gan j\u0101teic, ka ar Dailes te\u0101tra standartiem mani neviens nebija iepaz\u012bstin\u0101jis.\u00a0<\/p>\n<blockquote>\n<p>Man ir vair\u0101k nek\u0101 16 gadu st\u0101\u017es \u0161aj\u0101 profesij\u0101, un ar \u0161\u0101du situ\u0101ciju es saskaros pirmo reizi,&#8221; st\u0101sta J\u016blija Bondarenko.\u00a0<\/p>\n<\/blockquote>\n<p>Uz \u0123ener\u0101lm\u0113\u0123in\u0101jumu bija uzaicin\u0101ts gaismu m\u0101kslinieks Niks Cipruss, kas p\u0101r\u0146\u0113ma J\u016blijas darbu. Dailes te\u0101tra m\u0101kslinieciskais direktors Viesturs Kairi\u0161s nor\u0101da, ka vi\u0146u nav apmierin\u0101jis m\u0101kslinieces darbs un vajadz\u0113jis \u0101tri r\u012bkoties: &#8220;Man k\u0101 te\u0101tra m\u0101kslinieciskajam direktoram ir j\u0101pie\u0146em \u0161is l\u0113mums, un, apsprie\u017eoties ar gaismu cehu, ar te\u0101tra tehnisko vad\u012bbu un ar visiem, m\u0113s saprat\u0101m, ka mums ir kaut kas j\u0101dara. Ar\u012b saprotot, k\u0101d\u0101 veid\u0101 tiek uzliktas gaismas un tie\u0161i jau uzb\u016bv\u0113tas, ka tur nekas neb\u016bs. Un es sapratu, ka mums ir j\u0101mekl\u0113 risin\u0101jums. M\u0113s to atrad\u0101m, jo tas noz\u012bm\u0113 \u2013 viena lieta, ka m\u0113s no\u0146emam no darb\u012bbas m\u0101kslinieku, bet cita lieta, ka mums ir j\u0101dod kaut kas viet\u0101, jo mums ir koncerts n\u0101kamaj\u0101 dien\u0101, koncerti ir izpirkti, un mums ir j\u0101gl\u0101bj situ\u0101cija.&#8221;\u00a0<\/p>\n<p><img decoding=\"async\" src=\"https:\/\/www.europesays.com\/lv\/wp-content\/uploads\/2026\/01\/sh7x.png\" alt=\"Dailes te\u0101tris\"\/><\/p>\n<p>J\u016bliju Bondarenko \u0161ok\u0113ja nevis pretenzijas pret vi\u0146as darbu, par ko l\u012bdz tam neviens nebija s\u016bdz\u0113jies saist\u012bb\u0101 ar koncertuzvedumu, bet veids, k\u0101 tas notika: &#8220;Ir vis\u0101da pieredze bijusi komunik\u0101cij\u0101, \u0161itik traki nav bijis, jo, teiksim, ir re\u017eisori, ar kuriem str\u0101d\u0101jot, es zinu, ka vi\u0146i ir emocion\u0101li, vi\u0146i m\u0113dz pacelt balsi, bet p\u0113c tam t\u0101pat to visu var izrun\u0101t un atrisin\u0101t korekt\u0101, cilv\u0113c\u012bg\u0101 veid\u0101.\u00a0<\/p>\n<blockquote>\n<p>Bet d\u012bvain\u0101kais \u0161aj\u0101 situ\u0101cij\u0101 man liekas tas, ka \u0161\u012b bija mana pirm\u0101 komunik\u0101cija ar Kairi\u0161a kungu visp\u0101r man\u0101 dz\u012bv\u0113.\u00a0<\/p>\n<\/blockquote>\n<p>Man bija t\u0101ds \u0161oka st\u0101voklis.\u00a0Es \u012bsti nezin\u0101ju pirmaj\u0101 br\u012bd\u012b visp\u0101r, ko pateikt un k\u0101 r\u012bkoties, un k\u0101 \u0161o inform\u0101ciju uz\u0146emt. T\u012bri t\u0101 agres\u012bv\u0101 veida\u00a0d\u0113\u013c, k\u0101 t\u0101 inform\u0101cija tika pasniegta. Es m\u0113\u0123in\u0101ju ieskat\u012bties ac\u012bs v\u0113rot\u0101jiem, da\u017ei nov\u0113rs\u0101s, da\u017ei ne.&#8221;\u00a0<\/p>\n<p>J\u016blija Bondarenko nev\u0113las, ka piedz\u012bvot\u0101 attieksme k\u013c\u016bst par normu\u00a0<\/p>\n<p>Dailes te\u0101tra m\u0101kslinieciskais direktors Viesturs Kairi\u0161s, atceroties notiku\u0161o, nor\u0101da, ka run\u0101jis tikai par profesion\u0101l\u0101m liet\u0101m: &#8220;Es neko personisku nesk\u0101ru un ar\u012b nevar\u0113ju skart, jo es \u0161o cilv\u0113ku vienk\u0101r\u0161i nepaz\u012bstu, es vi\u0146u redzu pirmo reizi.\u00a0<\/p>\n<blockquote>\n<p>J\u0101, darba kvalit\u0101te bija nepie\u0146emama. J\u0101, man n\u0101c\u0101s to veikt ar\u012b psiholo\u0123iski sare\u017e\u0123\u012bt\u0101 situ\u0101cij\u0101, kad ar\u012b \u0161is l\u0113mums man bija j\u0101prezent\u0113 pa\u0161ai komandai, ar\u012b t\u0101p\u0113c tas bija publisks.\u00a0<\/p>\n<\/blockquote>\n<p>\u0160is, respekt\u012bvi, ir t\u0101ds \u0137irur\u0123iskas l\u0113mums, ko m\u0113s nevaram kaut k\u0101\u2026 Un es ar\u012b nepieminu intrigas, t\u0101 bija emocion\u0101la, profesion\u0101la un, es grib\u0113tu teikt, god\u012bga saruna.&#8221;<\/p>\n<p><img decoding=\"async\" src=\"https:\/\/www.europesays.com\/lv\/wp-content\/uploads\/2026\/01\/sh7y.png\" alt=\"Oj\u0101rs Rubenis, Latvijas Te\u0101tra darbinieku savien\u012bbas valdes priek\u0161s\u0113d\u0113t\u0101js\"\/>Oj\u0101rs Rubenis, Latvijas Te\u0101tra darbinieku savien\u012bbas valdes priek\u0161s\u0113d\u0113t\u0101js<\/p>\n<p>Foto: LTV<\/p>\n<\/p>\n<p>Latvijas Te\u0101tra darbinieku savien\u012bbas valdes priek\u0161s\u0113d\u0113t\u0101js Oj\u0101rs Rubenis uzsver, ka vienm\u0113r past\u0101v at\u0161\u0137ir\u012bbas, k\u0101 katrs uztver sarunu: &#8220;Un tur, man liekas, ir divas puses. Protams, ka mums visiem ir j\u0101iem\u0101c\u0101s ar saviem padotajiem vai sadarb\u012bbas partneriem run\u0101t daudzmaz toleranti.\u00a0<\/p>\n<blockquote>\n<p>Bet tan\u012b br\u012bd\u012b, kad m\u0101kslas darbs n\u0101k \u0101r\u0101 un r\u012bt n\u0101k iek\u0161\u0101 t\u016bkstotis skat\u012bt\u0101ju, un tev tas nav atrisin\u0101ts, un tu to nevari atrisin\u0101t, un tu pieaicini v\u0113l k\u0101du citu speci\u0101listu, vienm\u0113r rad\u012bsies konflikts.\u00a0<\/p>\n<\/blockquote>\n<p>Un tan\u012b br\u012bd\u012b visi cilv\u0113ki, gan viena, gan otra puse, rado\u0161ajos procesos ir \u013coti egocentriski cilv\u0113ki.&#8221;\u00a0<\/p>\n<p>J\u016blija Bondarenko &#8220;god\u012bgo sarunu&#8221; uztv\u0113ra k\u0101 emocion\u0101lu vardarb\u012bbu, publisku pazemojumu, neprofesion\u0101lu iztur\u0113\u0161anos un pieprasa ofici\u0101lu atvaino\u0161anos no Viestura Kairi\u0161a: &#8220;Man t\u0101 bija traumatiska [pieredze]. Man grib\u0113tos dom\u0101t, gan jau k\u0101 daudziem, ka citu cilv\u0113ku teiktais manu pa\u0161apzi\u0146u neietekm\u0113. Bet, saskaroties ar brut\u0101lu mobingu, \u012bpa\u0161i pie nevienl\u012bdz\u012bgas varas dinamikas, t\u0101 nav. Un tas ir s\u0101p\u012bgi.\u00a0<\/p>\n<blockquote>\n<p>Es grib\u0113tu, lai tas netiktu pie\u0146emts par normu.&#8221;<\/p>\n<\/blockquote>\n<p><img decoding=\"async\" src=\"https:\/\/www.europesays.com\/lv\/wp-content\/uploads\/2026\/01\/sh7z.png\" alt=\"J\u016blija Bondarenko, gaismu m\u0101ksliniece\"\/>J\u016blija Bondarenko, gaismu m\u0101ksliniece<\/p>\n<p>Foto: LTV<\/p>\n<\/p>\n<p>Dailes te\u0101tra m\u0101kslinieciskais direktors Viesturs Kairi\u0161s apvainojumus emocion\u0101l\u0101 vardarb\u012bb\u0101 noliedz: &#8220;Ja mani apvaino emocion\u0101l\u0101 vardarb\u012bb\u0101, bet vienlaic\u012bgi prasa tikai atvaino\u0161anos, nevis st\u0101\u0161anos tiesas priek\u0161\u0101, tad, man liekas, kaut kas nav lo\u0123iski sistem\u0101tiski k\u0101rt\u012bb\u0101 ar \u0161o visu. Es esmu cilv\u0113ks, kur\u0161 daudz str\u0101d\u0101 un pie\u013cauj k\u013c\u016bdas. Es k\u0101 persona esmu br\u012bvs un t\u0101ds, k\u0101ds es esmu. Man atvainoties nav probl\u0113ma, tie\u0161\u0101m.\u00a0\u0160eit diem\u017e\u0113l, ar visu savu m\u012blest\u012bbu pret nevain\u012bgiem cilv\u0113kiem, \u0161eit\u00a0<\/p>\n<blockquote>\n<p>es no varm\u0101kas esmu k\u013cuvis ar\u012b vienlaic\u012bgi par upuri, jo es tagad esmu publiskaj\u0101 sabiedrisk\u0101 medija ties\u0101 un man j\u0101aizst\u0101vas. Ja tiesa spried\u012bs, ka man j\u0101atvainojas, es to, protams, dar\u012b\u0161u.&#8221;\u00a0<\/p>\n<\/blockquote>\n<p>Liep\u0101jas te\u0101tra valdes loceklis m\u0101kslinieciskajos jaut\u0101jumos Valters S\u012blis atz\u012bst, ka rado\u0161aj\u0101 proces\u0101 gandr\u012bz vienm\u0113r k\u0101ds ciet\u012bs: &#8220;M\u0113s run\u0101jam par cilv\u0113kiem, kuri m\u0101kslas darbos ir iesaist\u012bti. T\u0101 teikt, rakstniekiem nav j\u0101uztraucas, vai vi\u0146i ir piekl\u0101j\u012bgi vai nav. Vi\u0146iem tikai pret las\u012bt\u0101ju ir \u0161\u012bs attiec\u012bbas. Bet ir pietieko\u0161i daudzi cilv\u0113ki, kas ir uzman\u012bgi, un t\u0101pat \u2013 lai cik tu b\u016btu uzman\u012bgs, negl\u0101bjami k\u0101ds tiks s\u0101pin\u0101ts. Jebkur\u0161 re\u017eisors st\u0101st\u012bs, ka jebkur\u0101 darb\u0101 nedaudz sirds l\u016bz\u012bs. Jebkur\u0161 kinore\u017eisors to teiks, ka vienm\u0113r kaut kur b\u016bs tas s\u0101pju punkts. T\u0101 ir negl\u0101bjam\u0101 zona.\u00a0<\/p>\n<blockquote>\n<p>Bet tu vari b\u016bt uzman\u012bgs taj\u0101 proces\u0101 un paman\u012bt, ka tava izv\u0113le ir s\u0101p\u012bga citam cilv\u0113kam. Un vismaz atvainoties par to ir v\u0113rts.&#8221;\u00a0<\/p>\n<\/blockquote>\n<p>Rietumu re\u017eisori Dail\u0113 r\u0101d\u012bju\u0161i priek\u0161z\u012bmi, k\u0101 iztur\u0113ties pret darbiniekiem\u00a0<\/p>\n<p>\u0160is nav vien\u012bgais gad\u012bjums, kad st\u0101sti par Dailes te\u0101tr\u012b valdo\u0161o komunik\u0101cijas kult\u016bru nepaliek \u0113kas sien\u0101s. Pag\u0101ju\u0161aj\u0101 ned\u0113\u013c\u0101 ar savu pazi\u0146ojumu n\u0101ca klaj\u0101 aktrise Lelde Dreimane. Aktrise p\u0101rmeta te\u0101tra direktoram Jurim \u017dagaram veidu, k\u0101 tika atlaista no darba, jo tas nav noticis profesion\u0101li un cie\u0146pilni.<\/p>\n<p><img decoding=\"async\" src=\"https:\/\/www.europesays.com\/lv\/wp-content\/uploads\/2026\/01\/sh80.png\" alt=\"D\u0101rta Danevi\u010da, aktrise\"\/>D\u0101rta Danevi\u010da, aktrise<\/p>\n<p>Foto: LTV<\/p>\n<\/p>\n<p>Par komunik\u0101cijas modeli te\u0101tr\u012b publiski gatava run\u0101t aktrise D\u0101rta Danevi\u010da, kura p\u0113c 13 darba gadiem Dailes te\u0101tri atst\u0101ja pati: &#8220;Te\u0101tris, t\u0101pat k\u0101 komandu sports vai daudzas citas vides, ir komandas darbs, un visi komandas elementi ir \u0101rk\u0101rt\u012bgi svar\u012bgi un b\u016btiski. Man ar\u012b to ir iem\u0101c\u012bju\u0161i vec\u0101k\u0101s paaudzes aktieri, ien\u0101kot te\u0101tr\u012b, cik b\u016btiski ir ar cie\u0146u un piet\u0101ti iztur\u0113ties pret p\u0101r\u0113jiem darbiniekiem, un tas, manupr\u0101t, \u013coti pieklibo. Un t\u0101 ir liela probl\u0113ma, ko es pati esmu savos beidzamajos darba gados te\u0101tr\u012b nov\u0113rojusi, kas man s\u0101p.\u00a0<\/p>\n<blockquote>\n<p>Man \u0161\u0137iet, ka galven\u0101 izmai\u0146a, kas man n\u0101k pr\u0101t\u0101, ir \u0161is cilv\u0113ka bezv\u0113rt\u012bgums.&#8221;\u00a0<\/p>\n<\/blockquote>\n<p>Aktrise uzsver, ka \u0161is nav st\u0101sts par rado\u0161\u0101m domstarp\u012bb\u0101m, emocion\u0101liem \u012bssavienojumiem vai slikt\u0101m dien\u0101m, kas gad\u0101s katram, bet par iedom\u0101tu kastu sist\u0113mu: &#8220;Cilv\u0113ki, kas nav redzam\u0101kie, ar\u012b paties\u012bb\u0101 redzamie aktieri, bie\u017ei vien ir k\u013cuvu\u0161i piln\u012bgi nenoz\u012bm\u012bgi. Un man liekas, ka m\u0101kslas pasaul\u0113 \u0161is rado\u0161ais faktors \u2013 nevar to izsl\u0113gt, jo mums ir vajadz\u012bgi visos cehos labi rado\u0161ie speci\u0101listi, un, ja pret vi\u0146iem s\u0101k iztur\u0113ties k\u0101 pret beznoz\u012bm\u012bgiem, noniecin\u0101t vai ne\u0146emt v\u0113r\u0101, vai regul\u0101ri veikt kaut k\u0101das rot\u0101cijas un visu laiku main\u012bt \u0161os kadrus, tad m\u0113s nevaram nodro\u0161in\u0101t ar\u012b ilgsto\u0161u kvalit\u0101ti, jo, visu laiku mainoties kadriem, lai cik labs b\u016btu jaunais kadrs, vi\u0146am ir nepiecie\u0161ams piel\u0101goties.&#8221;\u00a0<\/p>\n<p><img decoding=\"async\" src=\"https:\/\/www.europesays.com\/lv\/wp-content\/uploads\/2026\/01\/sh81.png\" alt=\"Raid\u012bjums &quot;Kult\u016br\u0161oks&quot;\"\/>Raid\u012bjums &#8220;Kult\u016br\u0161oks&#8221;<\/p>\n<p>Foto: LTV<\/p>\n<\/p>\n<p>Dailes te\u0101tra m\u0101kslinieciskais direktors Viesturs Kairi\u0161s nepiekr\u012bt \u0161im aktrises nov\u0113rojumam: &#8220;Jums t\u0101 liekas, ka t\u0101 ir? Ka D\u0101rta Danevi\u010da saka taisn\u012bbu? T\u0101 ir \u013coti skumja zi\u0146a. Es t\u0101 nej\u016btos \u0161aj\u0101 kolekt\u012bv\u0101. Es nej\u016btos, ka mums nav v\u0113rt\u012bbu.\u00a0<\/p>\n<blockquote>\n<p>T\u0101d\u0101 veid\u0101 j\u016bs tie\u0161\u0101m ap\u0161aub\u0101t ar\u012b manas cilv\u0113cisk\u0101s, ne profesion\u0101l\u0101s, bet cilv\u0113cisk\u0101s v\u0113rt\u012bbas un kvalit\u0101tes. Un kam\u0113r D\u0101rta str\u0101d\u0101ja, kam\u0113r vi\u0146ai bija galven\u0101s lomas, tad m\u0113s nebij\u0101m t\u0101di necilv\u0113ki?\u00a0<\/p>\n<\/blockquote>\n<p>Es nevaru tam piekrist. Bet, protams, ka mums nav labdar\u012bbas iest\u0101de. M\u0113s piepras\u0101m kvalit\u0101ti, ar\u012b profesion\u0101lo, un ar\u012b profesion\u0101li \u0113tisko.&#8221;<\/p>\n<p><img decoding=\"async\" src=\"https:\/\/www.europesays.com\/lv\/wp-content\/uploads\/2026\/01\/sh82.png\" alt=\"D\u0101rta Danevi\u010da, aktrise\"\/>D\u0101rta Danevi\u010da, aktrise<\/p>\n<p>Foto: LTV<\/p>\n<\/p>\n<p>D\u0101rta Danevi\u010da atz\u012bst, ka sav\u0101 zi\u0146\u0101 cie\u0146pilnas attieksmes piepras\u012b\u0161ana ir te\u0101tra vad\u012bbas nopelns: &#8220;Ironiski, ka Dailes te\u0101tris beidzamos gadus mums ar\u012b aktieriem ir alla\u017e uzsv\u0113ris, ka tiek vesti \u0161ie pasaules l\u012bme\u0146a re\u017eisori un komandas pie mums, lai m\u0113s iem\u0101c\u012btos \u0161o Rietumu kult\u016bru un redz\u0113tu, k\u0101 tad str\u0101d\u0101 cit\u0101s valst\u012bs un Rietumos. Nu tad beidzot m\u0113s esam iem\u0101c\u012bju\u0161ies to Rietumu kult\u016bru, un<\/p>\n<blockquote>\n<p>tur neviens re\u017eisors, neviens darbinieks pret mums nav iztur\u0113jies niev\u0101jo\u0161i, pazemojo\u0161i, ironiz\u0113jot vai k\u0101 cit\u0101di noniecinot ne m\u0101ksliniekus, ne p\u0101r\u0113jos rado\u0161os darbiniekus citos cehos.\u00a0<\/p>\n<\/blockquote>\n<p>Un to nu izskat\u0101s, ka m\u0113s esam iem\u0101c\u012bju\u0161ies.&#8221;\u00a0<\/p>\n<p>Sabiedr\u012bba main\u0101s un savstarp\u0113j\u0101 komunik\u0101cij\u0101 pieprasa cie\u0146u<\/p>\n<p>Filozofs Andrejs Balodis apliecina, ka l\u012bdz\u0161in\u0113jie komunik\u0101cijas mode\u013ci main\u0101s. Tas esot v\u0113rojams jau p\u0113d\u0113jos desmit, piecpadsmit gadus. &#8220;Cilv\u0113ki \u0161obr\u012bd aizvien vair\u0101k nov\u0113rt\u0113 pa\u0161i sevi, vi\u0146i nov\u0113rt\u0113 savas ties\u012bbas \u2013 ne tikai likumisk\u0101s ties\u012bbas, bet ar\u012b mor\u0101l\u0101s ties\u012bbas, ko vi\u0146i iemieso, lai netiktu p\u0101rk\u0101pta vi\u0146u br\u012bv\u0101 izpausme un cie\u0146a. Un, j\u0101, noteikti var\u0113tu teikt, ka t\u0101ds autoritat\u012bvais vai patern\u0101listiskais vad\u012bbas stils varb\u016bt nav tik popul\u0101rs vairs \u0161obr\u012bd, k\u0101 tas, iesp\u0113jams, bija k\u0101dreiz pag\u0101tn\u0113,&#8221; nor\u0101da Andrejs Balodis.\u00a0<\/p>\n<p><img decoding=\"async\" src=\"https:\/\/www.europesays.com\/lv\/wp-content\/uploads\/2026\/01\/sh83.png\" alt=\"Andrejs Balodis, filozofs, LKA asoci\u0113tais profesors\"\/>Andrejs Balodis, filozofs, LKA asoci\u0113tais profesors<\/p>\n<p>Foto: LTV<\/p>\n<\/p>\n<p>Latvijas Te\u0101tra darbinieku savien\u012bbas valdes priek\u0161s\u0113d\u0113t\u0101js Oj\u0101rs Rubenis uzskata, ka, vadot lielus kolekt\u012bvus, bez autorit\u0101ra\u00a0stila nav iesp\u0113jams iztikt: &#8220;Kolekt\u012bv\u0101 varb\u016bt, kur ir divi cilv\u0113ki vai mazs st\u012bgu kvartets, vai kaut kas taml\u012bdz\u012bgs, tas ir sav\u0101d\u0101k. Lielaj\u0101 tom\u0113r tai autorit\u0101tei ir j\u0101b\u016bt. K\u0101 vi\u0146a tiek izmantota? Es nerun\u0101ju par trampismu vai putinismu. Bet es piederu pie tiem, kas dom\u0101,\u00a0ja esi vad\u012bt\u0101js, tu uz\u0146emies atbild\u012bbu. Cik nav biju\u0161as t\u0101das situ\u0101cijas, ka, piem\u0113ram, izr\u0101de j\u016bk pa vis\u0101m \u0161uv\u0113m un veselu rado\u0161o brig\u0101di pieaicina un\u00a0s\u0101k \u0101trum\u0101 izmain\u012bt visu. Un tas viss ir rado\u0161\u0101 proces\u0101 pie\u0146emams.\u00a0<\/p>\n<blockquote>\n<p>Jaut\u0101jums ir tikai, pat piepaceltos to\u0146os, vai tu to otru cilv\u0113ku pazemo vai nepazemo. Man liekas, ka t\u0101 ir b\u016btiska lieta. T\u0101 ir t\u0101da \u013coti slidena, \u013coti slidena.&#8221;\u00a0<\/p>\n<\/blockquote>\n<p>Liep\u0101jas te\u0101tra valdes loceklis m\u0101kslinieciskajos jaut\u0101jumos Valters S\u012blis atz\u012bst, ka kult\u016bra \u013coti main\u0101s, visi s\u0101k apzin\u0101ties, ka ir savstarp\u0113ji atkar\u012bgi, atrodoties ar\u012b da\u017e\u0101d\u0101s varas poz\u012bcij\u0101s: &#8220;Un tad tas ir tavs l\u0113mums \u2013 vai tev vajag \u0161o pieredzi, kur\u0101 tas ir varb\u016bt ne\u017e\u0113l\u012bg\u0101k. Kad tu saproti, ka tev \u0161\u012b sapurin\u0101\u0161ana m\u0101kslinieciski ir vajadz\u012bga, jo nav nes\u0101p\u012bgi. Reti kur\u0161 m\u0101kslinieciskais process ir nes\u0101p\u012bgs, t\u0101di gad\u0101s \u013coti reti, ka tu neesi izmisum\u0101 kaut vai pats ar sevi. Un diezgan bie\u017ei cilv\u0113ki ar\u012b sagaida kaut ko.\u00a0<\/p>\n<blockquote>\n<p>Es esmu bijis situ\u0101cij\u0101s, ka no manis [gaida], t\u0101 teikt, &#8220;ja uz mani nekliedz, tad es varu dar\u012bt jebko&#8221;. Jo ir pierasts pie \u0161\u0101das pieejas.&#8221;<\/p>\n<\/blockquote>\n<p><img decoding=\"async\" src=\"https:\/\/www.europesays.com\/lv\/wp-content\/uploads\/2026\/01\/sh84.png\" alt=\"Andrejs Balodis, filozofs, LKA asoci\u0113tais profesors\"\/>Andrejs Balodis, filozofs, LKA asoci\u0113tais profesors<\/p>\n<p>Foto: LTV<\/p>\n<\/p>\n<p>Filozofs Andrejs Balodis uzskata, ka jebkur\u0101 situ\u0101cij\u0101 vajadz\u0113tu iev\u0113rot \u0113tikas pamatprincipus: &#8220;\u0112tika nekad nepateiks, kas ir pareizi vai nepareizi t\u0101d\u0101 piln\u012bgi definit\u012bv\u0101 noz\u012bm\u0113, nav t\u0101da priek\u0161raksta vai B\u012bbeles, kas pasaka mums, kas ir pareizi vai nepareizi, tom\u0113r noteikta veida mor\u0101l\u0101s normas past\u0101v, kur\u0101m vajadz\u0113tu sekot, tai skait\u0101 da\u017e\u0101d\u0101s profesion\u0101l\u0101s organiz\u0101cij\u0101s.\u00a0<\/p>\n<blockquote>\n<p>Man \u0161\u0137iet, ka viens no principiem dro\u0161i vien ir cie\u0146a pret ikvienu darbinieku. Tas b\u016btu taisn\u012bgums.\u00a0<\/p>\n<\/blockquote>\n<p>Proti, lai ar\u012b cilv\u0113ki ie\u0146em da\u017e\u0101dus amatus, tik un t\u0101 attieksme pret vi\u0146iem ir vienl\u012bdz taisn\u012bga un tiek iev\u0113rots vienl\u012bdz\u012bbas princips.&#8221;\u00a0<\/p>\n<p>\u012asta m\u0101ksla un piekl\u0101j\u012bba nav nesavienojami lielumi\u00a0<\/p>\n<p>Dailes te\u0101tra m\u0101kslinieciskais direktors Viesturs Kairi\u0161s ir p\u0101rliecin\u0101ts, ka probl\u0113mu atrisin\u0101jis, cik labi sp\u0113jis: &#8220;Un ziniet, kas ir \u0161\u012bs situ\u0101cijas\u00a0<\/p>\n<blockquote>\n<p>sausais atlikums \u2013 ka viegl\u0101k ir neiejaukties, neko nedar\u012bt, cilv\u0113kiem ir jauka psiholo\u0123iska atmosf\u0113ra, un darbs nav kvalitat\u012bvs.\u00a0<\/p>\n<\/blockquote>\n<p>Es negribu piedz\u012bvot \u0161\u0101du situ\u0101ciju, tad es nevaru dar\u012bt savu darbu p\u0113c savas lab\u0101k\u0101s sirdsapzi\u0146as. Es dom\u0101ju, ka \u0161ie ir t\u0101di precedenti sabiedr\u012bb\u0101, kas, manupr\u0101t, m\u016bs vienk\u0101r\u0161i noved\u012bs dr\u012bz l\u012bdz kaut k\u0101dam, nezinu, kaut k\u0101dai neiesp\u0113jamai [situ\u0101cijai], kur visp\u0101r nevar\u0113s pie\u0146emt profesion\u0101lus l\u0113mumus.&#8221;<\/p>\n<p><img decoding=\"async\" src=\"https:\/\/www.europesays.com\/lv\/wp-content\/uploads\/2026\/01\/sh8e.png\" alt=\"Dailes te\u0101tris\"\/><\/p>\n<p>Lai gan valda pie\u0146\u0113mums, ka \u012bsta m\u0101ksla var tapt, tikai robe\u017eas p\u0101rk\u0101pjot, filozofs Andrejs Balodis tam \u012bsti nepiekr\u012bt: &#8220;\u0112tika neizsl\u0113dz diskusiju, sarunu, tai skait\u0101 ar\u012b ekspres\u012bvu sarunu. T\u0101du sarunu, kur var b\u016bt str\u012bdu par daudz\u0101m liet\u0101m un m\u0113\u0123in\u0101jumi uzlabot, perfekcion\u0113t kaut k\u0101das lietas, kas vajadz\u012bgas m\u0101ksl\u0101.\u00a0<\/p>\n<blockquote>\n<p>Bet tas nek\u0101d\u0101 veid\u0101 nepieprasa kaut k\u0101du \u0113tikas normu p\u0101rk\u0101p\u0161anu, ieskaitot vardarb\u012bbu, diskrimin\u0101ciju, netaisn\u012bgu attieksmi, pazemo\u0161anu un t\u0101 t\u0101l\u0101k.\u00a0<\/p>\n<\/blockquote>\n<p>\u0160\u0101da veida elementi, manupr\u0101t, nav nepiecie\u0161ami, lai taptu laba, kvalitat\u012bva m\u0101ksla.&#8221;\u00a0<\/p>\n<p>Veidojot \u0161o raid\u012bjumu, &#8220;Kult\u016br\u0161oks&#8221; sa\u0146\u0113ma koment\u0101rus, vai tie\u0161\u0101m par vienu konfliktsitu\u0101ciju ir j\u0101taisa raid\u012bjums. S\u016bdz\u012bbas par l\u012bdz\u012bg\u0101m situ\u0101cij\u0101m Kult\u016bras ministrij\u0101 sa\u0146emtas reti. Te\u0101tra darbinieku savien\u012bb\u0101 \u2013 nekad. &#8220;Es ticu, ka cilv\u0113kiem ir bail pazaud\u0113t darba kontaktus, iesp\u0113jams, pat pazaud\u0113t darbavietu, jo vis\u0101di var b\u016bt, bet tas nenoz\u012bm\u0113, ka tas nav j\u0101dara.\u00a0<\/p>\n<blockquote>\n<p>Es negrib\u0113tu, lai ar k\u0101du citu ar\u012b t\u0101 izr\u012bkojas. Man liekas, lai tas nek\u013c\u016btu par normu, par \u0161\u0101d\u0101m liet\u0101m ir j\u0101run\u0101,&#8221; ir p\u0101rliecin\u0101ta gaismu m\u0101ksliniece J\u016blija Bondarenko.<\/p>\n<\/blockquote>\n","protected":false},"excerpt":{"rendered":"Gaismu m\u0101ksliniece J\u016blija Bondarenko pieprasa ofici\u0101lu atvaino\u0161anos no Dailes te\u0101tra m\u0101ksliniecisk\u0101 direktora Viestura Kairi\u0161a par emocion\u0101lu vardarb\u012bbu, publisku&hellip;\n","protected":false},"author":2,"featured_media":106736,"comment_status":"","ping_status":"","sticky":false,"template":"","format":"standard","meta":{"footnotes":""},"categories":[5],"tags":[23,28,29,32,33,22,30,31,35,39,38,36,37,34,40,20,26,27,24,25,21],"class_list":{"0":"post-106735","1":"post","2":"type-post","3":"status-publish","4":"format-standard","5":"has-post-thumbnail","7":"category-aktualitates","8":"tag-aktualitates","9":"tag-breaking-news","10":"tag-breakingnews","11":"tag-featured-news","12":"tag-featurednews","13":"tag-headlines","14":"tag-latest-news","15":"tag-latestnews","16":"tag-latvia","17":"tag-latvian","18":"tag-latviesu","19":"tag-latviesu-valoda","20":"tag-latviesuvaloda","21":"tag-latvija","22":"tag-lv","23":"tag-news","24":"tag-popularakas-zinas","25":"tag-popularakaszinas","26":"tag-top-stories","27":"tag-topstories","28":"tag-zinas"},"share_on_mastodon":{"url":"https:\/\/pubeurope.com\/@lv\/115906637001159345","error":""},"_links":{"self":[{"href":"https:\/\/www.europesays.com\/lv\/wp-json\/wp\/v2\/posts\/106735","targetHints":{"allow":["GET"]}}],"collection":[{"href":"https:\/\/www.europesays.com\/lv\/wp-json\/wp\/v2\/posts"}],"about":[{"href":"https:\/\/www.europesays.com\/lv\/wp-json\/wp\/v2\/types\/post"}],"author":[{"embeddable":true,"href":"https:\/\/www.europesays.com\/lv\/wp-json\/wp\/v2\/users\/2"}],"replies":[{"embeddable":true,"href":"https:\/\/www.europesays.com\/lv\/wp-json\/wp\/v2\/comments?post=106735"}],"version-history":[{"count":0,"href":"https:\/\/www.europesays.com\/lv\/wp-json\/wp\/v2\/posts\/106735\/revisions"}],"wp:featuredmedia":[{"embeddable":true,"href":"https:\/\/www.europesays.com\/lv\/wp-json\/wp\/v2\/media\/106736"}],"wp:attachment":[{"href":"https:\/\/www.europesays.com\/lv\/wp-json\/wp\/v2\/media?parent=106735"}],"wp:term":[{"taxonomy":"category","embeddable":true,"href":"https:\/\/www.europesays.com\/lv\/wp-json\/wp\/v2\/categories?post=106735"},{"taxonomy":"post_tag","embeddable":true,"href":"https:\/\/www.europesays.com\/lv\/wp-json\/wp\/v2\/tags?post=106735"}],"curies":[{"name":"wp","href":"https:\/\/api.w.org\/{rel}","templated":true}]}}