{"id":106739,"date":"2026-01-16T20:24:08","date_gmt":"2026-01-16T20:24:08","guid":{"rendered":"https:\/\/www.europesays.com\/lv\/106739\/"},"modified":"2026-01-16T20:24:08","modified_gmt":"2026-01-16T20:24:08","slug":"vacijas-policija-baltijas-jura-veic-operacijas-saistiba-ar-krievijas-kugiem","status":"publish","type":"post","link":"https:\/\/www.europesays.com\/lv\/106739\/","title":{"rendered":"V\u0101cijas policija Baltijas j\u016br\u0101 veic oper\u0101cijas saist\u012bb\u0101 ar Krievijas ku\u0123iem"},"content":{"rendered":"<p>Taktisku apsv\u0113rumu d\u0113\u013c patlaban notieko\u0161\u0101s oper\u0101cijas vi\u0146\u0161 s\u012bk\u0101k nekoment\u0113ja.<\/p>\n<p>Ministrijas p\u0101rst\u0101vis atbild\u0113ja uz jaut\u0101jumu, vai feder\u0101l\u0101 policija p\u0113d\u0113j\u0101s dien\u0101s vair\u0101kas reizes ir aizkav\u0113jusi Krievijas ku\u0123u caurbrauk\u0161anu.<\/p>\n<p>K\u0101 sac\u012bja preses sekret\u0101rs, policijai &#8220;uzdots uzraudz\u012bt ku\u0123u satiksmi Zieme\u013cj\u016br\u0101 un Baltijas j\u016br\u0101, un t\u0101 \u0161o uzdevumu veic&#8221;, \u0161\u0101di ministrijas p\u0101rst\u0101vim izsakoties par V\u0101cijas piekrastes \u016bde\u0146iem un ekskluz\u012bvo ekonomisko zonu.<\/p>\n<p>Vien\u012bbas &#8220;veic nepiecie\u0161amos pas\u0101kumus, lai nov\u0113rstu potenci\u0101l\u0101s briesmas&#8221;, vi\u0146\u0161 piebilda.<\/p>\n<p>P\u0113d\u0113j\u0101s dien\u0101s V\u0101cijas medijos vair\u0101kk\u0101rt piemin\u0113tas oper\u0101cijas saist\u012bb\u0101 ar tankku\u0123iem, kas, dom\u0101jams, pieder Krievijas \u0113nu flotei un ku\u0123o ar ne\u012bstiem karogiem vai viltotiem identifik\u0101cijas numuriem.<\/p>\n","protected":false},"excerpt":{"rendered":"Taktisku apsv\u0113rumu d\u0113\u013c patlaban notieko\u0161\u0101s oper\u0101cijas vi\u0146\u0161 s\u012bk\u0101k nekoment\u0113ja. Ministrijas p\u0101rst\u0101vis atbild\u0113ja uz jaut\u0101jumu, vai feder\u0101l\u0101 policija p\u0113d\u0113j\u0101s&hellip;\n","protected":false},"author":2,"featured_media":106740,"comment_status":"","ping_status":"","sticky":false,"template":"","format":"standard","meta":{"footnotes":""},"categories":[14],"tags":[23,57,1934,28,29,32,33,22,234,74,30,31,35,39,38,36,37,34,40,20,26,27,24,25,299,54,55,56,21,58],"class_list":{"0":"post-106739","1":"post","2":"type-post","3":"status-publish","4":"format-standard","5":"has-post-thumbnail","7":"category-zinas-no-arvalstim","8":"tag-aktualitates","9":"tag-arvalstim","10":"tag-baltijas-jura","11":"tag-breaking-news","12":"tag-breakingnews","13":"tag-featured-news","14":"tag-featurednews","15":"tag-headlines","16":"tag-krievija","17":"tag-krievijas-iebrukums-ukraina","18":"tag-latest-news","19":"tag-latestnews","20":"tag-latvia","21":"tag-latvian","22":"tag-latviesu","23":"tag-latviesu-valoda","24":"tag-latviesuvaloda","25":"tag-latvija","26":"tag-lv","27":"tag-news","28":"tag-popularakas-zinas","29":"tag-popularakaszinas","30":"tag-top-stories","31":"tag-topstories","32":"tag-vacija","33":"tag-world","34":"tag-world-news","35":"tag-worldnews","36":"tag-zinas","37":"tag-zinas-no-arvalstim"},"share_on_mastodon":{"url":"https:\/\/pubeurope.com\/@lv\/115906652548322097","error":""},"_links":{"self":[{"href":"https:\/\/www.europesays.com\/lv\/wp-json\/wp\/v2\/posts\/106739","targetHints":{"allow":["GET"]}}],"collection":[{"href":"https:\/\/www.europesays.com\/lv\/wp-json\/wp\/v2\/posts"}],"about":[{"href":"https:\/\/www.europesays.com\/lv\/wp-json\/wp\/v2\/types\/post"}],"author":[{"embeddable":true,"href":"https:\/\/www.europesays.com\/lv\/wp-json\/wp\/v2\/users\/2"}],"replies":[{"embeddable":true,"href":"https:\/\/www.europesays.com\/lv\/wp-json\/wp\/v2\/comments?post=106739"}],"version-history":[{"count":0,"href":"https:\/\/www.europesays.com\/lv\/wp-json\/wp\/v2\/posts\/106739\/revisions"}],"wp:featuredmedia":[{"embeddable":true,"href":"https:\/\/www.europesays.com\/lv\/wp-json\/wp\/v2\/media\/106740"}],"wp:attachment":[{"href":"https:\/\/www.europesays.com\/lv\/wp-json\/wp\/v2\/media?parent=106739"}],"wp:term":[{"taxonomy":"category","embeddable":true,"href":"https:\/\/www.europesays.com\/lv\/wp-json\/wp\/v2\/categories?post=106739"},{"taxonomy":"post_tag","embeddable":true,"href":"https:\/\/www.europesays.com\/lv\/wp-json\/wp\/v2\/tags?post=106739"}],"curies":[{"name":"wp","href":"https:\/\/api.w.org\/{rel}","templated":true}]}}