{"id":106741,"date":"2026-01-16T20:29:07","date_gmt":"2026-01-16T20:29:07","guid":{"rendered":"https:\/\/www.europesays.com\/lv\/106741\/"},"modified":"2026-01-16T20:29:07","modified_gmt":"2026-01-16T20:29:07","slug":"uldrikis-pec-atlabsanas-no-smagas-traumas-debite-vacijas-otraja-bundesliga","status":"publish","type":"post","link":"https:\/\/www.europesays.com\/lv\/106741\/","title":{"rendered":"Uldri\u0137is p\u0113c atlab\u0161anas no smag\u0101s traumas debit\u0113 V\u0101cijas otraj\u0101 bundesl\u012bg\u0101"},"content":{"rendered":"<p>                                <img decoding=\"async\" src=\"https:\/\/www.europesays.com\/lv\/wp-content\/uploads\/2026\/01\/uldrikis-sportazinas-com-750x450.jpeg\"   alt=\"Roberts Uldri\u0137is\" class=\"post-featured-image\"\/><\/p>\n<p>Roberts Uldri\u0137is | Foto: &#8220;Arminia&#8221;<\/p>\n<p>Latvijas futbola izlases uzbruc\u0113js <a href=\"https:\/\/www.sportazinas.com\/atsl%C4%93gv%C4%81rdi\/roberts-uldrikis\/\" rel=\"nofollow noopener\" target=\"_blank\">Roberts Uldri\u0137is<\/a> \u0161ovakar aizvad\u012bja savu pirmo ofici\u0101lo sp\u0113li kop\u0161 febru\u0101ra beig\u0101m un B\u012blefeldes \u201cArminia\u201d komandas rind\u0101s debit\u0113ja V\u0101cijas otraj\u0101 bundesl\u012bg\u0101. \u201cArminia\u201d viesos ar rezult\u0101tu 0:1 zaud\u0113ja \u201cDusseldorf\u201d futbolistiem.<\/p>\n<p>Uldri\u0137is uz \u201cArminia\u201d komandu p\u0101rc\u0113l\u0101s p\u0113rn janv\u0101r\u012b, bet n\u0101kamaj\u0101 m\u0113nes\u012b sar\u0101va ce\u013cgala krustenisk\u0101s saites. \u0160aj\u0101 laik\u0101 B\u012blefeldes vien\u012bba atgriez\u0101s V\u0101cijas p\u0113c sp\u0113ka otraj\u0101 l\u012bg\u0101.<\/p>\n<p>Uldri\u0137is \u0161ovakar sav\u0101 pirmaj\u0101 ofici\u0101laj\u0101 sp\u0113l\u0113 p\u0113c vair\u0101k nek\u0101 desmit m\u0113ne\u0161u pauzes dev\u0101s laukum\u0101 uz mai\u0146u sp\u0113les 83. min\u016bt\u0113. Tr\u012bs min\u016btes v\u0113l\u0101k p\u0113c st\u016bra sitiena Sedriks Itens ar galvu guva sp\u0113les vien\u012bgos v\u0101rtus, uzvarot gaisa divc\u012b\u0146\u0101 ar Uldri\u0137i.<\/p>\n<p>\u201cArminia\u201d ar 19 punktiem 18 sp\u0113l\u0113s ie\u0146em 16. vietu 18 komandu konkurenc\u0113.<\/p>\n","protected":false},"excerpt":{"rendered":"Roberts Uldri\u0137is | Foto: &#8220;Arminia&#8221; Latvijas futbola izlases uzbruc\u0113js Roberts Uldri\u0137is \u0161ovakar aizvad\u012bja savu pirmo ofici\u0101lo sp\u0113li kop\u0161&hellip;\n","protected":false},"author":2,"featured_media":106742,"comment_status":"","ping_status":"","sticky":false,"template":"","format":"standard","meta":{"footnotes":""},"categories":[17],"tags":[35,39,38,36,37,34,40,67],"class_list":{"0":"post-106741","1":"post","2":"type-post","3":"status-publish","4":"format-standard","5":"has-post-thumbnail","7":"category-sports","8":"tag-latvia","9":"tag-latvian","10":"tag-latviesu","11":"tag-latviesu-valoda","12":"tag-latviesuvaloda","13":"tag-latvija","14":"tag-lv","15":"tag-sports"},"share_on_mastodon":{"url":"https:\/\/pubeurope.com\/@lv\/115906672222805944","error":""},"_links":{"self":[{"href":"https:\/\/www.europesays.com\/lv\/wp-json\/wp\/v2\/posts\/106741","targetHints":{"allow":["GET"]}}],"collection":[{"href":"https:\/\/www.europesays.com\/lv\/wp-json\/wp\/v2\/posts"}],"about":[{"href":"https:\/\/www.europesays.com\/lv\/wp-json\/wp\/v2\/types\/post"}],"author":[{"embeddable":true,"href":"https:\/\/www.europesays.com\/lv\/wp-json\/wp\/v2\/users\/2"}],"replies":[{"embeddable":true,"href":"https:\/\/www.europesays.com\/lv\/wp-json\/wp\/v2\/comments?post=106741"}],"version-history":[{"count":0,"href":"https:\/\/www.europesays.com\/lv\/wp-json\/wp\/v2\/posts\/106741\/revisions"}],"wp:featuredmedia":[{"embeddable":true,"href":"https:\/\/www.europesays.com\/lv\/wp-json\/wp\/v2\/media\/106742"}],"wp:attachment":[{"href":"https:\/\/www.europesays.com\/lv\/wp-json\/wp\/v2\/media?parent=106741"}],"wp:term":[{"taxonomy":"category","embeddable":true,"href":"https:\/\/www.europesays.com\/lv\/wp-json\/wp\/v2\/categories?post=106741"},{"taxonomy":"post_tag","embeddable":true,"href":"https:\/\/www.europesays.com\/lv\/wp-json\/wp\/v2\/tags?post=106741"}],"curies":[{"name":"wp","href":"https:\/\/api.w.org\/{rel}","templated":true}]}}