{"id":106743,"date":"2026-01-16T20:35:07","date_gmt":"2026-01-16T20:35:07","guid":{"rendered":"https:\/\/www.europesays.com\/lv\/106743\/"},"modified":"2026-01-16T20:35:07","modified_gmt":"2026-01-16T20:35:07","slug":"u18-hokeja-izlases-jaunietes-iepazist-zalu-razosanas-uznemuma-olpha-ikdienu-2","status":"publish","type":"post","link":"https:\/\/www.europesays.com\/lv\/106743\/","title":{"rendered":"U18 hokeja izlases jaunietes iepaz\u012bst z\u0101\u013cu ra\u017eo\u0161anas uz\u0146\u0113muma \u201cOlpha\u201d ikdienu"},"content":{"rendered":"<p>Pirms do\u0161an\u0101s uz U18 sievie\u0161u hokeja izlases Pasaules \u010dempion\u0101tu Turcijas pils\u0113t\u0101 Stambul\u0101, jaunaj\u0101m sportist\u0113m bija iesp\u0113ja iepaz\u012bt medikamentu izstr\u0101des un ra\u017eo\u0161anas procesus viet\u0113j\u0101 z\u0101\u013cu ra\u017eo\u0161anas uz\u0146\u0113mum\u0101 \u201cOlpha\u201d. Viz\u012btes laik\u0101 jaun\u0101s hokejistes ar\u012b piedal\u012bj\u0101s uz\u0146\u0113muma \u0137\u012bmi\u0137u sagatavotajos eksperimentos. <\/p>\n<p>\u201cIesp\u0113ja redz\u0113t z\u0101\u013cu ra\u017eo\u0161anas procesu un piedal\u012bties \u201cOlpha\u201d zin\u0101tnieku izstr\u0101d\u0101tajos eksperimentos man sniedza iesp\u0113ju pal\u016bkoties uz \u0137\u012bmiju no pavisam citas perspekt\u012bvas, jo skol\u0101 m\u0113s m\u0101c\u0101mies \u0137\u012bmisk\u0101s formulas, rakst\u0101m da\u017e\u0101das reakcijas, bet \u0161\u012b ekskursija par\u0101d\u012bja, cik da\u017e\u0101da un aizraujo\u0161a ir praktisk\u0101 \u0137\u012bmija,\u201d teic U18 sievie\u0161u izlases v\u0101rtsardze Ramona Putreniece.<\/p>\n<p>AS \u201cOlpha\u201d jau tre\u0161o sezonu p\u0113c k\u0101rtas ir galvenais Latvijas jaunie\u0161u un sievie\u0161u hokeja izla\u0161u komandu atbalst\u012bt\u0101js, stiprinot gan sportistu sagatavo\u0161an\u0101s procesu, gan vi\u0146u dal\u012bbu starptautiskos turn\u012bros.<\/p>\n<p>\u201cZ\u0101\u013cu ra\u017eo\u0161anai ir daudz kop\u012bga ar profesion\u0101lo sportu. Lai g\u016btu pan\u0101kumus, ir j\u0101str\u0101d\u0101 smagi, j\u0101izvirza ambiciozi m\u0113r\u0137i un nekad nedr\u012bkst padoties. Tie\u0161i t\u0101p\u0113c lepojamies, ka varam atbalst\u012bt un zin\u0101m\u0101 m\u0113r\u0101 b\u016bt l\u012bdzg\u0101j\u0113ji jaunajiem hokejistiem ce\u013c\u0101 uz vi\u0146u pan\u0101kumu virsotn\u0113m. Pag\u0101ju\u0161aj\u0101 Pasaules \u010dempion\u0101t\u0101 m\u016bsu jaunietes par\u0101d\u012bja lielisku sniegumu, t\u0101d\u0113\u013c aicinu atbalst\u012bt un sekot l\u012bdzi Pasaules \u010dempion\u0101ta norisei jau s\u0101kot no 19. janv\u0101ra,\u201d aicina AS \u201cOlpha\u201d valdes priek\u0161s\u0113d\u0113t\u0101js Juris Bundulis. <\/p>\n<p>J\u0101piebilst, ka 2025. gada Pasaules \u010dempion\u0101t\u0101 U18 sievie\u0161u hokeja izlase ierindoj\u0101s tre\u0161aj\u0101 viet\u0101 II div\u012bzijas A grup\u0101.<\/p>\n<p>Foto no U18 hokeja izlases meite\u0146u vieso\u0161an\u0101s AS \u201cOlpha\u201d var apskat\u012bt un lejupiel\u0101d\u0113t \u0161eit: <a href=\"https:\/\/failiem.lv\/u\/u4nuvwy9dd\" rel=\"nofollow noopener\" target=\"_blank\"><a href=\"https:\/\/failiem.lv\/u\/u4nuvwy9dd\" target=\"_blank\" rel=\"nofollow noopener\">https:\/\/failiem.lv\/u\/u4nuvwy9dd<\/a><\/p>\n","protected":false},"excerpt":{"rendered":"Pirms do\u0161an\u0101s uz U18 sievie\u0161u hokeja izlases Pasaules \u010dempion\u0101tu Turcijas pils\u0113t\u0101 Stambul\u0101, jaunaj\u0101m sportist\u0113m bija iesp\u0113ja iepaz\u012bt medikamentu&hellip;\n","protected":false},"author":2,"featured_media":106216,"comment_status":"","ping_status":"","sticky":false,"template":"","format":"standard","meta":{"footnotes":""},"categories":[17],"tags":[35,39,38,36,37,34,40,67],"class_list":{"0":"post-106743","1":"post","2":"type-post","3":"status-publish","4":"format-standard","5":"has-post-thumbnail","7":"category-sports","8":"tag-latvia","9":"tag-latvian","10":"tag-latviesu","11":"tag-latviesu-valoda","12":"tag-latviesuvaloda","13":"tag-latvija","14":"tag-lv","15":"tag-sports"},"share_on_mastodon":{"url":"https:\/\/pubeurope.com\/@lv\/115906695809909052","error":""},"_links":{"self":[{"href":"https:\/\/www.europesays.com\/lv\/wp-json\/wp\/v2\/posts\/106743","targetHints":{"allow":["GET"]}}],"collection":[{"href":"https:\/\/www.europesays.com\/lv\/wp-json\/wp\/v2\/posts"}],"about":[{"href":"https:\/\/www.europesays.com\/lv\/wp-json\/wp\/v2\/types\/post"}],"author":[{"embeddable":true,"href":"https:\/\/www.europesays.com\/lv\/wp-json\/wp\/v2\/users\/2"}],"replies":[{"embeddable":true,"href":"https:\/\/www.europesays.com\/lv\/wp-json\/wp\/v2\/comments?post=106743"}],"version-history":[{"count":0,"href":"https:\/\/www.europesays.com\/lv\/wp-json\/wp\/v2\/posts\/106743\/revisions"}],"wp:featuredmedia":[{"embeddable":true,"href":"https:\/\/www.europesays.com\/lv\/wp-json\/wp\/v2\/media\/106216"}],"wp:attachment":[{"href":"https:\/\/www.europesays.com\/lv\/wp-json\/wp\/v2\/media?parent=106743"}],"wp:term":[{"taxonomy":"category","embeddable":true,"href":"https:\/\/www.europesays.com\/lv\/wp-json\/wp\/v2\/categories?post=106743"},{"taxonomy":"post_tag","embeddable":true,"href":"https:\/\/www.europesays.com\/lv\/wp-json\/wp\/v2\/tags?post=106743"}],"curies":[{"name":"wp","href":"https:\/\/api.w.org\/{rel}","templated":true}]}}