{"id":106744,"date":"2026-01-16T21:06:04","date_gmt":"2026-01-16T21:06:04","guid":{"rendered":"https:\/\/www.europesays.com\/lv\/106744\/"},"modified":"2026-01-16T21:06:04","modified_gmt":"2026-01-16T21:06:04","slug":"klepjdatoru-cenas-saglabasies-stabilas-pateicoties-pietiekamiem-atminas-krajumiem-lente-lv","status":"publish","type":"post","link":"https:\/\/www.europesays.com\/lv\/106744\/","title":{"rendered":"kl\u0113pjdatoru cenas saglab\u0101sies stabilas, pateicoties pietiekamiem atmi\u0146as kr\u0101jumiem\u00a0\u2014\u00a0Lente.lv"},"content":{"rendered":"<p>Intel nov\u0113r\u0161 ba\u017eas par kl\u0113pjdatoru cenu k\u0101pumu<\/p>\n<p>Komp\u0101nija Intel cen\u0161as mazin\u0101t satraukumu par iesp\u0113jamo atmi\u0146as komponentu defic\u012btu un cenu pieaugumu, kas var\u0113tu ietekm\u0113t kl\u0113pjdatoru tirgu. Lai gan da\u017ei anal\u012bti\u0137i prognoz\u0113ja strauju cenu cel\u0161anos un pat tehnisko specifik\u0101ciju pazemin\u0101\u0161anu jaunajos kl\u0113pjdatoru mode\u013cos, Intel vec\u0101kais produktu vad\u012bbas direktors Ni\u0161s Nilalod\u017eanans uzsver, ka situ\u0101cija kopum\u0101 paliks stabila.<\/p>\n<p>\u00abJa k\u0101ds sp\u0113tu paredz\u0113t atmi\u0146as tirgus situ\u0101ciju, vi\u0146\u0161 jau b\u016btu k\u013cuvis bag\u0101ts,\u00bb jokojot atzina Nilalod\u017eanans nesen\u0101 intervij\u0101. Vi\u0146\u0161 skaidro, ka kl\u0113pjdatoru ra\u017eot\u0101ji ir veiku\u0161i pietiekamus atmi\u0146as (DRAM un citu veidu) kr\u0101jumus, kas nodro\u0161in\u0101s pieg\u0101des aptuveni devi\u0146iem l\u012bdz divpadsmit m\u0113ne\u0161iem. \u0160ie pla\u0161ie kr\u0101jumi pasarg\u0101 nozares no pieg\u0101\u017eu \u0137\u0113\u017eu trauc\u0113jumiem un \u013cauj jaunajiem kl\u0113pjdatoru mode\u013ciem tikt laistiem tirg\u016b pl\u0101notaj\u0101 laik\u0101.<\/p>\n<p>Ra\u017eot\u0101ji veic strat\u0113\u0123iskus pas\u0101kumus<\/p>\n<p>Komp\u0101nijas, kas ra\u017eo ori\u0123in\u0101lapr\u012bkojumu (OEM), parasti veic prognozes vair\u0101kus gadus uz priek\u0161u, nodro\u0161inot pieg\u0101des v\u0113l ilgi pirms produkta izlai\u0161anas. \u0160\u012b strat\u0113\u0123ija \u013cauj uztur\u0113t ra\u017eo\u0161anas pl\u016bsmu un nodro\u0161in\u0101t klientiem stabilu pieejam\u012bbu.<\/p>\n<p>Piem\u0113ram, kad uz\u0146\u0113mums Dell prezent\u0113ja savus jaun\u0101kos XPS mode\u013cus janv\u0101ra s\u0101kum\u0101, da\u017ei nov\u0113rot\u0101ji gaid\u012bja iev\u0113rojami augst\u0101kas cenas sal\u012bdzin\u0101jum\u0101 ar iepriek\u0161\u0113jiem mode\u013ciem. Tom\u0113r Dell skaidroja, ka s\u0101kotn\u0113ji bija orient\u0113ju\u0161ies uz augst\u0101k\u0101s klases konfigur\u0101cij\u0101m, bet pieejam\u0101kus mode\u013cus sol\u012bja laist tirg\u016b tuv\u0101ko ned\u0113\u013cu laik\u0101.<\/p>\n<p>Tehnolo\u0123iskie risin\u0101jumi atmi\u0146as defic\u012bta mazin\u0101\u0161anai<\/p>\n<p>Intel vec\u0101kais direktors ar\u012b nor\u0101d\u012bja uz papildu pas\u0101kumiem, ko ra\u017eot\u0101ji veic, lai risin\u0101tu atmi\u0146as defic\u012bta probl\u0113mu. Viens no risin\u0101jumiem ir Intel Core Ultra Series 3 procesoru izlaiduma izmai\u0146as, tostarp palielin\u0101ts kop\u0113jais L3 ke\u0161atmi\u0146as apjoms l\u012bdz 18 MB. \u0160\u012bs izmai\u0146as ir pieejamas gan jaud\u012bgajiem, gan energoefekt\u012bvajiem kodoliem, un t\u0101m ir paredz\u0113ts palielin\u0101t veiktsp\u0113ju, vienlaikus samazinot atkar\u012bbu no sist\u0113mas atmi\u0146as.<\/p>\n<p>Ar\u012b Microsoft akt\u012bvi str\u0101d\u0101 pie efektivit\u0101tes uzlabo\u0161anas. Uz\u0146\u0113mums izstr\u0101d\u0101 jaunus r\u012bkus, kas \u013caus programmat\u016bras izstr\u0101d\u0101t\u0101jiem prec\u012bz\u0101k noteikt, kuras lietojumprogrammas izmanto sist\u0113mas operat\u012bvo atmi\u0146u (RAM). \u0160ie centieni ir \u012bpa\u0161i noz\u012bm\u012bgi, \u0146emot v\u0113r\u0101, ka daudzi Windows lietot\u0101ji ir v\u012blu\u0161ies par oper\u0113t\u0101jsist\u0113mas uzticam\u012bbas un efektivit\u0101tes probl\u0113m\u0101m.<\/p>\n<p>Re\u0101l\u0101 situ\u0101cija un n\u0101kotnes prognozes<\/p>\n<p>Nesen tika izskan\u0113ju\u0161as prognozes par MI (m\u0101ksl\u012bg\u0101 intelekta) \u201cburbu\u013ca\u201d p\u0101rspr\u0101g\u0161anu jau \u0161ogad. Tiek uzskat\u012bts, ka tas mudin\u0101s nozari p\u0101rorient\u0113ties uz pat\u0113r\u0113t\u0101ju re\u0101laj\u0101m vajadz\u012bb\u0101m. Uz\u0146\u0113mum\u0101 Dell nesen atz\u012bts, ka neliela da\u013ca pat\u0113r\u0113t\u0101ju izv\u0113las pirkt person\u0101los datorus ar integr\u0113tu MI, jo uzskata \u0161os komponentus par p\u0101rlieku sare\u017e\u0123\u012btiem un maz\u0101k aktu\u0101liem, sal\u012bdzinot ar veiktsp\u0113ju, akumulatora darb\u012bbas laiku un cit\u0101m praktisk\u0101m \u012bpa\u0161\u012bb\u0101m.<\/p>\n<p>Iepriek\u0161 tika zi\u0146ots, ka pat vec\u0101kas paaudzes operat\u012bv\u0101 atmi\u0146a DDR4 vairs nav efekt\u012bvs risin\u0101jums pret DDR5 defic\u012btu, jo t\u0101 k\u013c\u016bst arvien maz\u0101k pieejama. Tiek nov\u0113rots ar\u012b DDR3 m\u0101tespla\u0161u p\u0101rdo\u0161anas pieaugums. Savuk\u0101rt DDR5 atmi\u0146a k\u013cuvusi \u013coti d\u0101rga \u2013 da\u017ei komplekti maks\u0101 tikpat cik sporta auto, veikali paaugstina cenas jau veiktajiem pas\u016bt\u012bjumiem, un pirc\u0113ji m\u0113dz sa\u0146emt viltojumus.<\/p>\n","protected":false},"excerpt":{"rendered":"Intel nov\u0113r\u0161 ba\u017eas par kl\u0113pjdatoru cenu k\u0101pumu Komp\u0101nija Intel cen\u0161as mazin\u0101t satraukumu par iesp\u0113jamo atmi\u0146as komponentu defic\u012btu un&hellip;\n","protected":false},"author":2,"featured_media":106745,"comment_status":"","ping_status":"","sticky":false,"template":"","format":"standard","meta":{"footnotes":""},"categories":[16],"tags":[16946,77,76,25470,196,25469,35,39,38,36,37,34,40,25471],"class_list":{"0":"post-106744","1":"post","2":"type-post","3":"status-publish","4":"format-standard","5":"has-post-thumbnail","7":"category-bizness","8":"tag-atminas-deficits","9":"tag-bizness","10":"tag-business","11":"tag-cenu-stabilitate","12":"tag-intel","13":"tag-klepjdatori","14":"tag-latvia","15":"tag-latvian","16":"tag-latviesu","17":"tag-latviesu-valoda","18":"tag-latviesuvaloda","19":"tag-latvija","20":"tag-lv","21":"tag-razosanas-krajumi"},"share_on_mastodon":{"url":"https:\/\/pubeurope.com\/@lv\/115906817738998691","error":""},"_links":{"self":[{"href":"https:\/\/www.europesays.com\/lv\/wp-json\/wp\/v2\/posts\/106744","targetHints":{"allow":["GET"]}}],"collection":[{"href":"https:\/\/www.europesays.com\/lv\/wp-json\/wp\/v2\/posts"}],"about":[{"href":"https:\/\/www.europesays.com\/lv\/wp-json\/wp\/v2\/types\/post"}],"author":[{"embeddable":true,"href":"https:\/\/www.europesays.com\/lv\/wp-json\/wp\/v2\/users\/2"}],"replies":[{"embeddable":true,"href":"https:\/\/www.europesays.com\/lv\/wp-json\/wp\/v2\/comments?post=106744"}],"version-history":[{"count":0,"href":"https:\/\/www.europesays.com\/lv\/wp-json\/wp\/v2\/posts\/106744\/revisions"}],"wp:featuredmedia":[{"embeddable":true,"href":"https:\/\/www.europesays.com\/lv\/wp-json\/wp\/v2\/media\/106745"}],"wp:attachment":[{"href":"https:\/\/www.europesays.com\/lv\/wp-json\/wp\/v2\/media?parent=106744"}],"wp:term":[{"taxonomy":"category","embeddable":true,"href":"https:\/\/www.europesays.com\/lv\/wp-json\/wp\/v2\/categories?post=106744"},{"taxonomy":"post_tag","embeddable":true,"href":"https:\/\/www.europesays.com\/lv\/wp-json\/wp\/v2\/tags?post=106744"}],"curies":[{"name":"wp","href":"https:\/\/api.w.org\/{rel}","templated":true}]}}