{"id":106750,"date":"2026-01-16T21:27:13","date_gmt":"2026-01-16T21:27:13","guid":{"rendered":"https:\/\/www.europesays.com\/lv\/106750\/"},"modified":"2026-01-16T21:27:13","modified_gmt":"2026-01-16T21:27:13","slug":"lietuva-zemledus-nirsana-beidzas-ar-tragediju-miris-jauns-virietis","status":"publish","type":"post","link":"https:\/\/www.europesays.com\/lv\/106750\/","title":{"rendered":"Lietuv\u0101 zemledus nir\u0161ana beidzas ar tra\u0123\u0113diju \u2013 miris jauns v\u012brietis"},"content":{"rendered":"<p>Vi\u0146\u0161 bijis iesiets virv\u0113, ta\u010du t\u0101 bija atrais\u012bjusies. Gl\u0101b\u0113ji v\u012brie\u0161a \u0137ermeni zem ledus mekl\u0113ja vair\u0101k nek\u0101 \u010detras stundas.<\/p>\n<p>Lietuvas Nhat Nam C\u012b\u0146as m\u0101kslas feder\u0101cija pazi\u0146ojusi, ka miru\u0161ais v\u012brietis ir k\u0101dreiz\u0113jais treneris Adoms Miklis, vi\u0146\u0161 bija ar\u012b osteop\u0101ts un vesel\u012bbas speci\u0101lists.<\/p>\n<p>Port\u0101ls \u201ctv3.lt\u201d v\u0113sta, ka c\u012b\u0146as m\u0101kslas meistars bija 36 gadus vecs. Vi\u0146\u0161 nesen bija atgriezies no Lielbrit\u0101nijas un Lietuv\u0101 dz\u012bvoja ar savu sievu un trim maziem b\u0113rniem.<\/p>\n<p class=\"ad-desc ad-desc-main\">Saturs turpin\u0101s p\u0113c rekl\u0101mas<\/p>\n<p class=\"ad-desc ad-desc-sec\">Rekl\u0101ma<\/p>\n<p>\u201cM\u0113s izsak\u0101m visdzi\u013c\u0101ko l\u012bdzj\u016bt\u012bbu vi\u0146a tuviniekiem un visiem, kas vi\u0146u pazina,\u201d sac\u012bts teikts Lietuvas Nhat Nam feder\u0101cijas s\u0113ru zi\u0146\u0101 soci\u0101lajos t\u012bklos.<\/p>\n<p>V\u012brietis populariz\u0113ja vesel\u012bgu dz\u012bvesveidu. Pirms da\u017e\u0101m dien\u0101m soci\u0101lajos t\u012bklos public\u0113ja video, kur\u0101 redzams, k\u0101 peldas ar ledu kl\u0101t\u0101 ezer\u0101.<\/p>\n<p>Tra\u0137u Ugunsdz\u0113s\u012bbas un gl\u0101b\u0161anas dienest\u0101 LRT past\u0101st\u012bja, ka cilv\u0113ki izklaid\u0113j\u0101s, nirstot ezer\u0101. Vi\u0146i neizmantoja \u012bpa\u0161u apr\u012bkojumu, kas \u013cauj elpot zem \u016bdens, bet nir\u0161anas br\u012bd\u012b aiztur\u0113ja elpu. Dro\u0161\u012bbas nol\u016bk\u0101 tika izmantota virve, ko aps\u0113ja ap \u0137ermeni.<\/p>\n<p>Neskaidru iemeslu d\u0113\u013c virve nir\u0161anas laik\u0101 atrais\u012bj\u0101s. T\u0101pat papildu dro\u0161\u012bbai nir\u0113ji izmantoja oran\u017eu mar\u0137ieri, atz\u012bm\u0113jot vietu, kur j\u0101nirst zem ledus. Tas pal\u012bdz\u0113ja p\u0101rredz\u0113t ezeru.<\/p>\n<p class=\"tv3-fw-500\">Zi\u0146o par k\u013c\u016bdu rakst\u0101<\/p>\n<p class=\"d-md-block d-none\">Iez\u012bm\u0113 k\u013c\u016bdaino tekstu un spied Ctrl+Enter.<\/p>\n<p class=\"d-md-none d-block\">Iez\u012bm\u0113 k\u013c\u016bdaino tekstu un zi\u0146o par to!<\/p>\n","protected":false},"excerpt":{"rendered":"Vi\u0146\u0161 bijis iesiets virv\u0113, ta\u010du t\u0101 bija atrais\u012bjusies. Gl\u0101b\u0113ji v\u012brie\u0161a \u0137ermeni zem ledus mekl\u0113ja vair\u0101k nek\u0101 \u010detras stundas.&hellip;\n","protected":false},"author":2,"featured_media":106751,"comment_status":"","ping_status":"","sticky":false,"template":"","format":"standard","meta":{"footnotes":""},"categories":[5],"tags":[23,25472,28,29,32,33,22,30,31,35,39,38,36,37,34,40,20,26,27,24,25,21],"class_list":{"0":"post-106750","1":"post","2":"type-post","3":"status-publish","4":"format-standard","5":"has-post-thumbnail","7":"category-aktualitates","8":"tag-aktualitates","9":"tag-austrumu-cinas-makslalietuvanoslikusie","10":"tag-breaking-news","11":"tag-breakingnews","12":"tag-featured-news","13":"tag-featurednews","14":"tag-headlines","15":"tag-latest-news","16":"tag-latestnews","17":"tag-latvia","18":"tag-latvian","19":"tag-latviesu","20":"tag-latviesu-valoda","21":"tag-latviesuvaloda","22":"tag-latvija","23":"tag-lv","24":"tag-news","25":"tag-popularakas-zinas","26":"tag-popularakaszinas","27":"tag-top-stories","28":"tag-topstories","29":"tag-zinas"},"share_on_mastodon":{"url":"https:\/\/pubeurope.com\/@lv\/115906900286554130","error":""},"_links":{"self":[{"href":"https:\/\/www.europesays.com\/lv\/wp-json\/wp\/v2\/posts\/106750","targetHints":{"allow":["GET"]}}],"collection":[{"href":"https:\/\/www.europesays.com\/lv\/wp-json\/wp\/v2\/posts"}],"about":[{"href":"https:\/\/www.europesays.com\/lv\/wp-json\/wp\/v2\/types\/post"}],"author":[{"embeddable":true,"href":"https:\/\/www.europesays.com\/lv\/wp-json\/wp\/v2\/users\/2"}],"replies":[{"embeddable":true,"href":"https:\/\/www.europesays.com\/lv\/wp-json\/wp\/v2\/comments?post=106750"}],"version-history":[{"count":0,"href":"https:\/\/www.europesays.com\/lv\/wp-json\/wp\/v2\/posts\/106750\/revisions"}],"wp:featuredmedia":[{"embeddable":true,"href":"https:\/\/www.europesays.com\/lv\/wp-json\/wp\/v2\/media\/106751"}],"wp:attachment":[{"href":"https:\/\/www.europesays.com\/lv\/wp-json\/wp\/v2\/media?parent=106750"}],"wp:term":[{"taxonomy":"category","embeddable":true,"href":"https:\/\/www.europesays.com\/lv\/wp-json\/wp\/v2\/categories?post=106750"},{"taxonomy":"post_tag","embeddable":true,"href":"https:\/\/www.europesays.com\/lv\/wp-json\/wp\/v2\/tags?post=106750"}],"curies":[{"name":"wp","href":"https:\/\/api.w.org\/{rel}","templated":true}]}}