{"id":106756,"date":"2026-01-16T21:35:07","date_gmt":"2026-01-16T21:35:07","guid":{"rendered":"https:\/\/www.europesays.com\/lv\/106756\/"},"modified":"2026-01-16T21:35:07","modified_gmt":"2026-01-16T21:35:07","slug":"krasns-vakars-eiropas-vadosajas-ligas-rezultativi-spele-virkne-latvijas-hokejistu","status":"publish","type":"post","link":"https:\/\/www.europesays.com\/lv\/106756\/","title":{"rendered":"Kr\u0101\u0161\u0146s vakars &#8211; Eiropas vado\u0161aj\u0101s l\u012bg\u0101s rezultat\u012bvi sp\u0113l\u0113 virkne Latvijas hokejistu"},"content":{"rendered":"<p>                                    <img decoding=\"async\" src=\"https:\/\/www.europesays.com\/lv\/wp-content\/uploads\/2026\/01\/hegle-750x450.jpg\"   alt=\"Haralds Egle\" class=\"post-featured-image\"\/><\/p>\n<p>Haralds Egle | Foto: Karlovi Varu &#8220;Energie&#8221;<\/p>\n<p>\u0160ovakar Eiropas vado\u0161aj\u0101s l\u012bg\u0101s rezultat\u012bvi bija Latvijas hokejisti <a href=\"https:\/\/www.sportazinas.com\/atsl%C4%93gv%C4%81rdi\/janis-jaks\/\" rel=\"nofollow noopener\" target=\"_blank\">J\u0101nis Jaks<\/a>, <a href=\"https:\/\/www.sportazinas.com\/atsl%C4%93gv%C4%81rdi\/haralds-egle\/\" rel=\"nofollow noopener\" target=\"_blank\">Haralds Egle<\/a>, Roberts Mam\u010dics, Rihards Bukarts, Miks Indra\u0161is, Oskars Bat\u0146a un Alberts \u0160mits.<\/p>\n<p>\u010cehija<\/p>\n<p>\u010cehijas ekstral\u012bgas sp\u0113l\u0113 Jaka, Egles un Mam\u010dica p\u0101rst\u0101v\u0113t\u0101 Karlovi Varu \u201cEnergie\u201d viesos ar 5:1 uzveica \u201cOlomouc\u201d ar Ren\u0101ru Krastenbergu sast\u0101v\u0101.<\/p>\n<p>Sp\u0113les dev\u012btaj\u0101 min\u016bt\u0113, kad Krastenbergs atrad\u0101s uz noraid\u012bto soli\u0146a, p\u0113c Jaka piesp\u0113les Egle ar sp\u0113c\u012bgu metienu realiz\u0113ja vair\u0101kumu un pan\u0101ca 1:1. Ma\u010da vid\u016b ar\u012b Jaks realiz\u0113ja vair\u0101kumu un guva v\u0101rtus, kas bija uzvaru neso\u0161ie, bet tre\u0161\u0101 perioda piektaj\u0101 min\u016bt\u0113 viesu ceturtajos v\u0101rtos asist\u0113ja Mam\u010dics.<\/p>\n<p>Egles v\u0101rtu guvums<\/p>\n<blockquote class=\"twitter-tweet\" data-media-max-width=\"560\">\n<p lang=\"lv\" dir=\"ltr\">Video: J\u0101nis Jaks rezultat\u012bvi piesp\u0113l\u0113 un Haralds Egle ar teicamu one-timer \u0161\u0101vienu realiz\u0113 vair\u0101kumu, p\u0101rsp\u0113jot biju\u0161o R\u012bgas \u201cDinamo\u201d v\u0101rtsargu Mateju Mahovski. <a href=\"https:\/\/t.co\/ZmXqKyZW9L\" rel=\"nofollow\">pic.twitter.com\/ZmXqKyZW9L<\/a><\/p>\n<p>        \u2014 zemledus (@zemledus) <a href=\"https:\/\/twitter.com\/zemledus\/status\/2012214379085779156?ref_src=twsrc%5Etfw\" rel=\"nofollow noopener\" target=\"_blank\">January 16, 2026<\/a><\/p><\/blockquote>\n<p>Jaka v\u0101rtu guvums<\/p>\n<blockquote class=\"twitter-tweet\" data-media-max-width=\"560\">\n<p lang=\"lv\" dir=\"ltr\">Video: J\u0101nis Jaks g\u016bst v\u0101rtus vair\u0101kum\u0101! <a href=\"https:\/\/t.co\/LdQxAaiowF\" rel=\"nofollow\">pic.twitter.com\/LdQxAaiowF<\/a><\/p>\n<p>\u2014 zemledus (@zemledus) <a href=\"https:\/\/twitter.com\/zemledus\/status\/2012226303055786492?ref_src=twsrc%5Etfw\" rel=\"nofollow noopener\" target=\"_blank\">January 16, 2026<\/a><\/p><\/blockquote>\n<p>Eglem \u0161aj\u0101 sezon\u0101 34 ma\u010dos ir 18 punkti (6+12), Jaks 41 c\u012b\u0146\u0101 guvis 19 punktus (8+11), savuk\u0101rt Mam\u010dicam 37 sp\u0113l\u0113s ir septi\u0146as rezultat\u012bvas piesp\u0113les.<\/p>\n<p>Cit\u0101 sp\u0113l\u0113 latvie\u0161u aizsargu duel\u012b Ralfs Freibergs un Ostravas \u201cVitkovice\u201d m\u0101j\u0101s ar 4:1 uzvar\u0113ja Litv\u012bnovas \u201cVerva\u201d ar Markusu Komulu ierind\u0101, bet Kristaps Z\u012ble un Liberecas \u201cBili Tygri\u201d sav\u0101 laukum\u0101 ar 5:3 uzveica Tr\u0161inecas \u201cOcelari\u201d.<\/p>\n<p>Jau v\u0113st\u012bts, ka cit\u0101 sp\u0113l\u0113 pirmoreiz \u0161osezon laukum\u0101 dev\u0101s aizsargs Kristi\u0101ns Rub\u012bns.<\/p>\n<p>Slov\u0101kija<\/p>\n<p>K\u0101rt\u0113jo veiksm\u012bgo ma\u010du aizvad\u012bja Rihards Bukarts un Indra\u0161is, kuru p\u0101rst\u0101v\u0113t\u0101 \u201cPresov\u201d ar 3:1 pieveica Mihalovces \u201cDukla\u201d bez aizsarga Kristofera Bindu\u013ca sast\u0101va. Indra\u0161is 23 sekundes l\u012bdz pamatlaika beig\u0101m p\u0113c Bukarta piesp\u0113les ripu raid\u012bja tuk\u0161os v\u0101rtos, uzst\u0101dot gala rezult\u0101tu.<\/p>\n<p>Gan Bukartam, gan Indra\u0161im \u0161\u012b bija astot\u0101 sp\u0113le \u201cPresov\u201d rind\u0101s. Bukarts rezultat\u012bvs bijis septi\u0146os ma\u010dos, kam\u0113r Indra\u0161is \u2013 se\u0161os. Pirmais no vi\u0146iem sakr\u0101jis devi\u0146us (2+7) punktus, kam\u0113r otrais atz\u012bm\u0113jies ar se\u0161iem (3+3).<\/p>\n<p>Cit\u0101 sp\u0113l\u0113 v\u0101rtsarga Mareka Mitena p\u0101rst\u0101v\u0113t\u0101 \u201cBanska Bystrica\u201d izbraukum\u0101 ar 1:8 kapitul\u0113ja \u201cLiptovsky Mikulas\u201d. Sp\u0113li viesu v\u0101rtos s\u0101ka Eugens Rab\u010dans, ta\u010du p\u0113c tr\u012bs ielaist\u0101m rip\u0101m jau desmitaj\u0101 min\u016bt\u0113 laukum\u0101 dev\u0101s Mitens. Latvietis turpin\u0101jum\u0101 atvair\u012bja vien 18 no 23 metieniem.<\/p>\n<p>Somija<\/p>\n<p>Uzbruc\u0113js Oskars Bat\u0146a guva v\u0101rtus Somijas \u010dempion\u0101ta ma\u010d\u0101, bet vi\u0146a p\u0101rst\u0101v\u0113t\u0101 Lahti \u201cPelicans\u201d m\u0101j\u0101s ar 1:3 zaud\u0113ja Kuopio \u201cKalPa\u201d komandai.<\/p>\n<p>Otr\u0101 perioda dev\u012btaj\u0101 min\u016bt\u0113 Bat\u0146a vair\u0101kum\u0101 ar n\u016bjas l\u0101psti\u0146as ne\u0113rto pusi v\u0101rtu priek\u0161\u0101 main\u012bja ripas lidojuma virzienu un pan\u0101ca 1:2. \u0160aj\u0101 sp\u0113l\u0113 uzbruc\u0113js uz ledus bija 17 min\u016btes un 46 sekundes, divreiz meta pa v\u0101rtiem, uzvar\u0113ja 16 no 20 iemetieniem un tika pie neitr\u0101la lietder\u012bbas koeficienta. Bat\u0146a pelik\u0101nu rind\u0101s 18 ma\u010dos sakr\u0101jis asto\u0146us (3+5) punktus.<\/p>\n<p>Bat\u0146as v\u0101rtu guvums<\/p>\n<p>Cit\u0101 sp\u0113l\u0113 aizsargs Alberts \u0160mits asist\u0113ja v\u0101rtu guvum\u0101, Mikeli \u201cJukurit\u201d m\u0101j\u0101s ar rezult\u0101tu 3:4 papildlaik\u0101 zaud\u0113jot Lap\u0113nrantas \u201cSaiPa\u201d ar Gustavu D\u0101vi Grigalu v\u0101rtos.<\/p>\n<p>Ma\u010da sept\u012btaj\u0101 min\u016bt\u0113 p\u0113c \u0160mita piesp\u0113les vi\u0146a komandas biedrs p\u0101rsp\u0113ja Grigalu, kur\u0161 \u0161aj\u0101 sp\u0113l\u0113 atvair\u012bja 26 no 29 metieniem. 18 gadus vecais \u0160mits, kur\u0161 nopeln\u012bja savu 13. (6+7) punktu \u0161osezon, sp\u0113l\u0113ja 20 min\u016btes un 12 sekundes, vienu reizi meta pa v\u0101rtiem un iekr\u0101ja negat\u012bvu lietder\u012bbas koeficientu.<\/p>\n<p>V\u0113l Hem\u0113nlinnas HPK bez Art\u016bra And\u017e\u0101na pieteikum\u0101 ar 3:1 uzvar\u0113ja Turku TPS. No latvie\u0161u komand\u0101m visaugst\u0101k turn\u012bra tabul\u0101, otraj\u0101 viet\u0101, ir Lap\u0113nrantas \u201cSaiPa\u201d.<\/p>\n<p>                    <script async src=\"https:\/\/platform.twitter.com\/widgets.js\" charset=\"utf-8\"><\/script><\/p>\n","protected":false},"excerpt":{"rendered":"Haralds Egle | Foto: Karlovi Varu &#8220;Energie&#8221; \u0160ovakar Eiropas vado\u0161aj\u0101s l\u012bg\u0101s rezultat\u012bvi bija Latvijas hokejisti J\u0101nis Jaks, Haralds&hellip;\n","protected":false},"author":2,"featured_media":106757,"comment_status":"","ping_status":"","sticky":false,"template":"","format":"standard","meta":{"footnotes":""},"categories":[17],"tags":[35,39,38,36,37,34,40,67],"class_list":{"0":"post-106756","1":"post","2":"type-post","3":"status-publish","4":"format-standard","5":"has-post-thumbnail","7":"category-sports","8":"tag-latvia","9":"tag-latvian","10":"tag-latviesu","11":"tag-latviesu-valoda","12":"tag-latviesuvaloda","13":"tag-latvija","14":"tag-lv","15":"tag-sports"},"share_on_mastodon":{"url":"https:\/\/pubeurope.com\/@lv\/115906931773735219","error":""},"_links":{"self":[{"href":"https:\/\/www.europesays.com\/lv\/wp-json\/wp\/v2\/posts\/106756","targetHints":{"allow":["GET"]}}],"collection":[{"href":"https:\/\/www.europesays.com\/lv\/wp-json\/wp\/v2\/posts"}],"about":[{"href":"https:\/\/www.europesays.com\/lv\/wp-json\/wp\/v2\/types\/post"}],"author":[{"embeddable":true,"href":"https:\/\/www.europesays.com\/lv\/wp-json\/wp\/v2\/users\/2"}],"replies":[{"embeddable":true,"href":"https:\/\/www.europesays.com\/lv\/wp-json\/wp\/v2\/comments?post=106756"}],"version-history":[{"count":0,"href":"https:\/\/www.europesays.com\/lv\/wp-json\/wp\/v2\/posts\/106756\/revisions"}],"wp:featuredmedia":[{"embeddable":true,"href":"https:\/\/www.europesays.com\/lv\/wp-json\/wp\/v2\/media\/106757"}],"wp:attachment":[{"href":"https:\/\/www.europesays.com\/lv\/wp-json\/wp\/v2\/media?parent=106756"}],"wp:term":[{"taxonomy":"category","embeddable":true,"href":"https:\/\/www.europesays.com\/lv\/wp-json\/wp\/v2\/categories?post=106756"},{"taxonomy":"post_tag","embeddable":true,"href":"https:\/\/www.europesays.com\/lv\/wp-json\/wp\/v2\/tags?post=106756"}],"curies":[{"name":"wp","href":"https:\/\/api.w.org\/{rel}","templated":true}]}}