{"id":1068,"date":"2025-09-21T19:45:08","date_gmt":"2025-09-21T19:45:08","guid":{"rendered":"https:\/\/www.europesays.com\/lv\/1068\/"},"modified":"2025-09-21T19:45:08","modified_gmt":"2025-09-21T19:45:08","slug":"netanjahu-palestinas-valsts-nebus","status":"publish","type":"post","link":"https:\/\/www.europesays.com\/lv\/1068\/","title":{"rendered":"Netanjahu: Palest\u012bnas valsts neb\u016bs"},"content":{"rendered":"<p>&#8220;Man ir skaidrs v\u0113st\u012bjums tiem l\u012bderiem, kas p\u0113c \u0161ausmino\u0161\u0101 7.oktobra slakti\u0146a atz\u012bst Palest\u012bnas valsti: j\u016bs pie\u0161\u0137irat milz\u012bgu balvu teroram,&#8221; pazi\u0146oja Netanjahu.<\/p>\n<p>Izra\u0113las l\u012bderis sac\u012bja, ka, neraugoties uz milz\u012bgo spiedienu gan viet\u0113j\u0101, gan starptautisk\u0101 m\u0113rog\u0101, vi\u0146\u0161 gadiem ilgi ir kav\u0113jis &#8220;terora valsts&#8221; izveidi.<\/p>\n<p>&#8220;M\u0113s to dar\u012bj\u0101m ap\u0146\u0113m\u012bgi un ar diplom\u0101tisku gudr\u012bbu. V\u0113l jo vair\u0101k: m\u0113s esam dubultoju\u0161i ebreju apmetnes J\u016bdej\u0101 un Samarij\u0101 &#8211; un m\u0113s turpin\u0101sim iet pa \u0161o ce\u013cu,&#8221; vi\u0146\u0161 sac\u012bja.<\/p>\n<p>&#8220;Atbilde uz jaun\u0101ko m\u0113\u0123in\u0101jumu uzspiest mums terora valsti m\u016bsu zemes sird\u012b tiks sniegta p\u0113c manas atgrie\u0161an\u0101s no Amerikas Savienotaj\u0101m Valst\u012bm. Gaidiet to,&#8221; piebilda Netanjahu.<\/p>\n<p>Izra\u0113las \u0101rlietu ministrs Gideons S\u0101rs nosod\u012bja Austr\u0101lijas, Kan\u0101das un Lielbrit\u0101nijas soli atz\u012bt Palest\u012bnas valsti k\u0101 &#8220;tracino\u0161u un amor\u0101lu&#8221;.<\/p>\n<p>&#8220;No vienas puses, t\u0101 ir atl\u012bdz\u012bba &#8220;Ham\u0101s&#8221; p\u0113c 7.oktobra slakti\u0146a. To nevar uztvert cit\u0101di k\u0101 terorisma veicin\u0101\u0161anu,&#8221; sac\u012bja S\u0101rs video pazi\u0146ojum\u0101.<\/p>\n<p>&#8220;No otras puses &#8211; t\u0101 ir atl\u012bdz\u012bba Palest\u012bnie\u0161u pa\u0161p\u0101rvaldei, kas, k\u0101 nesen paskaidroja ASV valsts sekret\u0101rs Marko Rubio, joproj\u0101m \u012bsteno politiku &#8220;Maks\u0101t par nogalin\u0101\u0161anu&#8221;, maks\u0101jot teroristiem, un, \u0161\u0101di r\u012bkojoties, ar\u012b nep\u0101rprotami veicina terorismu un p\u0101rk\u0101pj savas saist\u012bbas saska\u0146\u0101 ar nol\u012bgumiem ar mums,&#8221; vi\u0146\u0161 piebilda.<\/p>\n<p>\u0100rlietu ministrs sac\u012bja, ka sp\u0113c\u012bg\u0101, pla\u0161\u0101 opoz\u012bcija Izra\u0113l\u0101 pret Palest\u012bnas valsts izveidi darbosies k\u0101 garantija pret to.<\/p>\n<p>&#8220;Izra\u0113las zemes n\u0101kotne netiks lemta London\u0101 vai Par\u012bz\u0113 &#8211; t\u0101 tiks lemta \u0161eit, Jeruzalem\u0113,&#8221; piebilda S\u0101rs.<\/p>\n","protected":false},"excerpt":{"rendered":"&#8220;Man ir skaidrs v\u0113st\u012bjums tiem l\u012bderiem, kas p\u0113c \u0161ausmino\u0161\u0101 7.oktobra slakti\u0146a atz\u012bst Palest\u012bnas valsti: j\u016bs pie\u0161\u0137irat milz\u012bgu balvu&hellip;\n","protected":false},"author":2,"featured_media":1069,"comment_status":"","ping_status":"","sticky":false,"template":"","format":"standard","meta":{"footnotes":""},"categories":[5],"tags":[23,28,29,32,33,22,493,503,30,31,35,39,38,36,37,34,40,20,488,26,27,24,25,21],"class_list":{"0":"post-1068","1":"post","2":"type-post","3":"status-publish","4":"format-standard","5":"has-post-thumbnail","7":"category-aktualitates","8":"tag-aktualitates","9":"tag-breaking-news","10":"tag-breakingnews","11":"tag-featured-news","12":"tag-featurednews","13":"tag-headlines","14":"tag-izraela","15":"tag-izraelas-palestiniesu-konflikts","16":"tag-latest-news","17":"tag-latestnews","18":"tag-latvia","19":"tag-latvian","20":"tag-latviesu","21":"tag-latviesu-valoda","22":"tag-latviesuvaloda","23":"tag-latvija","24":"tag-lv","25":"tag-news","26":"tag-palestina","27":"tag-popularakas-zinas","28":"tag-popularakaszinas","29":"tag-top-stories","30":"tag-topstories","31":"tag-zinas"},"share_on_mastodon":{"url":"","error":""},"_links":{"self":[{"href":"https:\/\/www.europesays.com\/lv\/wp-json\/wp\/v2\/posts\/1068","targetHints":{"allow":["GET"]}}],"collection":[{"href":"https:\/\/www.europesays.com\/lv\/wp-json\/wp\/v2\/posts"}],"about":[{"href":"https:\/\/www.europesays.com\/lv\/wp-json\/wp\/v2\/types\/post"}],"author":[{"embeddable":true,"href":"https:\/\/www.europesays.com\/lv\/wp-json\/wp\/v2\/users\/2"}],"replies":[{"embeddable":true,"href":"https:\/\/www.europesays.com\/lv\/wp-json\/wp\/v2\/comments?post=1068"}],"version-history":[{"count":0,"href":"https:\/\/www.europesays.com\/lv\/wp-json\/wp\/v2\/posts\/1068\/revisions"}],"wp:featuredmedia":[{"embeddable":true,"href":"https:\/\/www.europesays.com\/lv\/wp-json\/wp\/v2\/media\/1069"}],"wp:attachment":[{"href":"https:\/\/www.europesays.com\/lv\/wp-json\/wp\/v2\/media?parent=1068"}],"wp:term":[{"taxonomy":"category","embeddable":true,"href":"https:\/\/www.europesays.com\/lv\/wp-json\/wp\/v2\/categories?post=1068"},{"taxonomy":"post_tag","embeddable":true,"href":"https:\/\/www.europesays.com\/lv\/wp-json\/wp\/v2\/tags?post=1068"}],"curies":[{"name":"wp","href":"https:\/\/api.w.org\/{rel}","templated":true}]}}