{"id":106807,"date":"2026-01-17T01:21:19","date_gmt":"2026-01-17T01:21:19","guid":{"rendered":"https:\/\/www.europesays.com\/lv\/106807\/"},"modified":"2026-01-17T01:21:19","modified_gmt":"2026-01-17T01:21:19","slug":"vina-vakars-trijotnei-jekabpili-beidzas-bedigi-jekabpils-laiks-jekabpils-zinas","status":"publish","type":"post","link":"https:\/\/www.europesays.com\/lv\/106807\/","title":{"rendered":"V\u012bna vakars trijotnei J\u0113kabpil\u012b beidzas b\u0113d\u012bgi \/ J\u0113kabpils Laiks: J\u0113kabpils zi\u0146as"},"content":{"rendered":"<p>Tra\u0123isks ugunsgr\u0113ks noticis J\u0113kabpils apk\u0101rtn\u0113 \u2013 no tr\u012bs cilv\u0113ku komp\u0101nijas, kas kop\u012bgi lietoja alkoholu, izdz\u012bvot izdev\u0101s vien diviem, kuri p\u0113d\u0113j\u0101 br\u012bd\u012b pasp\u0113ja izskriet no liesmojo\u0161\u0101s m\u0101jas, inform\u0113 telev\u012bzijas kan\u0101la TV3 raid\u012bjums &#8220;<a href=\"https:\/\/tv3.lv\/degpunkta\/ugunsdrosiba\/vina-vakars-trijotnei-jekabpili-beidzas-bedigi-igors-un-ivars-stasta-ka-uguns-panemis-kompanjones-dzivibu\/?utm_sf_cserv_ref=1014461302014447&amp;utm_campaign=owned&amp;utm_source=facebook&amp;utm_sf_post_ref=651461206&amp;utm_content=degpunkta&amp;utm_medium=social&amp;fbclid=IwY2xjawPVs3hleHRuA2FlbQIxMQBzcnRjBmFwcF9pZBAyMjIwMzkxNzg4MjAwODkyAAEe62mDQRauKvARzyKxIJKctbGCKRxf07_nGGRTIrfMz9yez6aVhi1APa0jaTs_aem__7Wt_JXJGqXZqAWJG6_2mQ\" target=\"_blank\" rel=\"nofollow noopener\">Degpunkt\u0101<\/a>&#8220;.<\/p>\n<p>Vien\u012bgi no \u0137ie\u0123e\u013ciem m\u016br\u0113t\u0101 kr\u0101sns un skurstenis iztur\u0113ja liesmas, kas izn\u012bcin\u0101ja ne tikai koka namu, bet ar\u012b pras\u012bja k\u0101das sievietes dz\u012bv\u012bbu. Valsts policij\u0101 uzs\u0101kts krimin\u0101lprocess, lai noskaidrotu ugunsgr\u0113ka iemeslus.<\/p>\n<p>Viet\u0113jie iedz\u012bvot\u0101ji st\u0101sta, ka nam\u0101 deg\u0161anas dien\u0101 notikusi pas\u0113d\u0113\u0161ana starp vair\u0101kiem cilv\u0113kiem, kuras laik\u0101 vi\u0146i lietoju\u0161i alkoholu. P\u0113c tam izc\u0113lies str\u012bds, un neilgi v\u0113l\u0101k s\u0101ku\u0161\u0101s liesmas.<\/p>\n<blockquote><p>&#13;<\/p>\n<p>\u201cKomp\u0101nijas sieviete uzkrita uz pl\u012bts. Viens no v\u012brie\u0161iem izsauca \u201c\u0101tros\u201d, bet kam\u0113r vi\u0146\u0161 g\u0101ja zvan\u012bt, m\u0101ja jau s\u0101ka degt. Kaimi\u0146i nekav\u0113joties piezvan\u012bja VUGD,\u201d st\u0101sta kaimi\u0146\u0161.<\/p>\n<p>&#13;\n<\/p><\/blockquote>\n<p>Nama saimnieks Igors pagaid\u0101m mitin\u0101s pie sava pazi\u0146as Ivara. Abi v\u012brie\u0161i skaidri atceras gan pas\u0113d\u0113\u0161anas s\u0101kumu pie Igora, gan to, cik strauji att\u012bst\u012bj\u0101s notikumi. Sieviete, kas atrad\u0101s kop\u0101 ar vi\u0146iem, ikdien\u0101 dz\u012bvoja izn\u012bcin\u0101taj\u0101 m\u0101j\u0101 \u2013 katram bija sava istaba, bet kop\u012bga virtuve.<\/p>\n<blockquote><p>&#13;<\/p>\n<p>\u201cS\u0101kum\u0101 vi\u0146a dz\u0113ra kop\u0101 ar mums. Vi\u0146a nokrita, un es vi\u0146u novilku no kr\u0101sns. Tad v\u0113l nedega. M\u0113s turpin\u0101j\u0101m iedzert. Katrs aizg\u0101j\u0101m uz savu gultu. Pamod\u0101mies, kad telpas jau bija d\u016bmu pilnas. Es vi\u0146u izr\u0101vu no gultas un teicu, ka j\u0101m\u016bk, bet viss bija pilns ar d\u016bmiem. Elektr\u012bbas nebija, vi\u0146a dedzin\u0101ja sveces. \u201cKrutku\u201d tina av\u012bz\u0113s, bet no t\u0101 tas nevar\u0113ja b\u016bt. Es p\u0101rm\u016br\u0113ju kr\u0101sni, bet uguns \u0101tri izplat\u012bj\u0101s,\u201d st\u0101sta Ivars.<\/p>\n<p>&#13;\n<\/p><\/blockquote>\n<p>Nama iek\u0161pus\u0113 pie sien\u0101m bija piestiprin\u0101tas kartona kastes, lai ilg\u0101k notur\u0113tu siltumu, ta\u010du \u0161aj\u0101 situ\u0101cij\u0101 t\u0101s tikai pa\u0101trin\u0101ja liesmu izplat\u012b\u0161anos. V\u012brie\u0161i atkl\u0101j, ka \u0161\u0101da alkohola lieto\u0161ana vi\u0146iem bija k\u0101 ritu\u0101ls, ta\u010du tagad n\u0101ksies padom\u0101t par iesp\u0113jamaj\u0101m sek\u0101m:<\/p>\n<blockquote><p>&#13;<\/p>\n<p>\u201c12 v\u012bna pudeles nop\u0113rkam no katras pensijas \u2013 div\u0101m dien\u0101m pietiek. Pirmaj\u0101 dien\u0101 vair\u0101k var izdzert, n\u0101kamaj\u0101 \u2013 maz\u0101k vajag. P\u0101r\u0113jo m\u0113nesi paliekam skaidr\u0101. Neviens jau nevar paredz\u0113t, k\u0101 katram aiziet. Tagad neesam dz\u0113ru\u0161i.\u201d<\/p>\n<p>&#13;\n<\/p><\/blockquote>\n<p>Visticam\u0101k, ka v\u0113l k\u0101du laiku abi v\u012brie\u0161i turpin\u0101s mitin\u0101ties kop\u0101, l\u012bdz Igors atrad\u012bs citu m\u0101jvietu.<\/p>\n","protected":false},"excerpt":{"rendered":"Tra\u0123isks ugunsgr\u0113ks noticis J\u0113kabpils apk\u0101rtn\u0113 \u2013 no tr\u012bs cilv\u0113ku komp\u0101nijas, kas kop\u012bgi lietoja alkoholu, izdz\u012bvot izdev\u0101s vien diviem,&hellip;\n","protected":false},"author":2,"featured_media":106808,"comment_status":"","ping_status":"","sticky":false,"template":"","format":"standard","meta":{"footnotes":""},"categories":[5],"tags":[23,28,29,32,33,22,987,986,30,31,35,39,38,36,37,34,40,20,26,27,24,25,21],"class_list":{"0":"post-106807","1":"post","2":"type-post","3":"status-publish","4":"format-standard","5":"has-post-thumbnail","7":"category-aktualitates","8":"tag-aktualitates","9":"tag-breaking-news","10":"tag-breakingnews","11":"tag-featured-news","12":"tag-featurednews","13":"tag-headlines","14":"tag-jekabpils-zinas","15":"tag-jekabpilslaiks","16":"tag-latest-news","17":"tag-latestnews","18":"tag-latvia","19":"tag-latvian","20":"tag-latviesu","21":"tag-latviesu-valoda","22":"tag-latviesuvaloda","23":"tag-latvija","24":"tag-lv","25":"tag-news","26":"tag-popularakas-zinas","27":"tag-popularakaszinas","28":"tag-top-stories","29":"tag-topstories","30":"tag-zinas"},"share_on_mastodon":{"url":"https:\/\/pubeurope.com\/@lv\/115907820433225475","error":""},"_links":{"self":[{"href":"https:\/\/www.europesays.com\/lv\/wp-json\/wp\/v2\/posts\/106807","targetHints":{"allow":["GET"]}}],"collection":[{"href":"https:\/\/www.europesays.com\/lv\/wp-json\/wp\/v2\/posts"}],"about":[{"href":"https:\/\/www.europesays.com\/lv\/wp-json\/wp\/v2\/types\/post"}],"author":[{"embeddable":true,"href":"https:\/\/www.europesays.com\/lv\/wp-json\/wp\/v2\/users\/2"}],"replies":[{"embeddable":true,"href":"https:\/\/www.europesays.com\/lv\/wp-json\/wp\/v2\/comments?post=106807"}],"version-history":[{"count":0,"href":"https:\/\/www.europesays.com\/lv\/wp-json\/wp\/v2\/posts\/106807\/revisions"}],"wp:featuredmedia":[{"embeddable":true,"href":"https:\/\/www.europesays.com\/lv\/wp-json\/wp\/v2\/media\/106808"}],"wp:attachment":[{"href":"https:\/\/www.europesays.com\/lv\/wp-json\/wp\/v2\/media?parent=106807"}],"wp:term":[{"taxonomy":"category","embeddable":true,"href":"https:\/\/www.europesays.com\/lv\/wp-json\/wp\/v2\/categories?post=106807"},{"taxonomy":"post_tag","embeddable":true,"href":"https:\/\/www.europesays.com\/lv\/wp-json\/wp\/v2\/tags?post=106807"}],"curies":[{"name":"wp","href":"https:\/\/api.w.org\/{rel}","templated":true}]}}