{"id":106818,"date":"2026-01-17T02:57:06","date_gmt":"2026-01-17T02:57:06","guid":{"rendered":"https:\/\/www.europesays.com\/lv\/106818\/"},"modified":"2026-01-17T02:57:06","modified_gmt":"2026-01-17T02:57:06","slug":"valdiba-apstiprina-pareju-uz-tris-limenu-slimnicu-modeli-biedribas-pauz-bazas-par-pacientu-veselibu-lente-lv","status":"publish","type":"post","link":"https:\/\/www.europesays.com\/lv\/106818\/","title":{"rendered":"Vald\u012bba apstiprina p\u0101reju uz tr\u012bs l\u012bme\u0146u slimn\u012bcu modeli; biedr\u012bbas pau\u017e ba\u017eas par pacientu vesel\u012bbu\u00a0\u2014\u00a0Lente.lv"},"content":{"rendered":"<p>Vald\u012bba apstiprina p\u0101reju uz tr\u012bs l\u012bme\u0146u slimn\u012bcu modeli<\/p>\n<p>R\u012bga, 17. janv\u0101ris. Latvijas vald\u012bba ir apstiprin\u0101jusi pak\u0101peniskas izmai\u0146as slimn\u012bcu t\u012bkla att\u012bst\u012bb\u0101 l\u012bdz 2029. gadam, kuras m\u0113r\u0137is ir uzlabot vesel\u012bbas apr\u016bpes pakalpojumu kvalit\u0101ti, stiprin\u0101t pacientu dro\u0161\u012bbu un efekt\u012bv\u0101k izmantot resursus, vienlaikus nodro\u0161inot pakalpojumu pieejam\u012bbu vis\u0101 valst\u012b. K\u0101 zi\u0146o telekan\u0101ls TV3, reformas pamat\u0101 ir izveidot koordin\u0113tu stacion\u0101r\u0101s vesel\u012bbas apr\u016bpes sist\u0113mu ar vienotiem kvalit\u0101tes standartiem. L\u0113mums tika pie\u0146emts Ministru kabinet\u0101 2026. gada 13. janv\u0101r\u012b, izskatot Informat\u012bvo zi\u0146ojumu \u201cPar slimn\u012bcu t\u012bklu\u201d.<\/p>\n<p>L\u012bdz\u0161in\u0113jo piecu l\u012bme\u0146u viet\u0101 tiks ieviests tr\u012bs l\u012bme\u0146u dal\u012bjums: lok\u0101l\u0101s slimn\u012bcas, re\u0123ion\u0101l\u0101s slimn\u012bcas un daudzprofilu slimn\u012bcas. \u0160\u0101ds solis tiek sperts, lai mazin\u0101tu pakalpojumu un person\u0101la sadrumstalot\u012bbu un padar\u012btu sist\u0113mu pacientiem saprotam\u0101ku. Jaunaj\u0101 model\u012b slimn\u012bcu l\u012bme\u0146i tiks noteikti, pamatojoties uz \u0101rstniec\u012bbas iest\u0101\u017eu kapacit\u0101ti, pieejamo person\u0101lu, infrastrukt\u016bru un sniegto pakalpojumu sare\u017e\u0123\u012bt\u012bbu. Paredz\u0113ts, ka \u0161\u012bs izmai\u0146as tiks veiktas pak\u0101peniski l\u012bdz 2029. gadam. Vesel\u012bbas ministrija uzsver, ka netiek pl\u0101nota konkr\u0113tu slimn\u012bcu sl\u0113g\u0161ana vai reorganiz\u0101cija \u0161obr\u012bd. Visas slimn\u012bcas turpin\u0101s darbu, nodro\u0161inot neatliekamo pal\u012bdz\u012bbu.<\/p>\n<p>Jaunais slimn\u012bcu modelis un t\u0101 m\u0113r\u0137i<\/p>\n<p>Daudzprofilu slimn\u012bcas nodro\u0161in\u0101s visaptvero\u0161u sekund\u0101ro un terci\u0101ro vesel\u012bbas apr\u016bpi, tostarp speci\u0101listu konsult\u0101cijas un neatliekamo medic\u012bnisko pal\u012bdz\u012bbu visu diennakti. Re\u0123ion\u0101l\u0101s slimn\u012bcas koncentr\u0113sies uz neatliekam\u0101s pal\u012bdz\u012bbas snieg\u0161anu internaj\u0101 medic\u012bn\u0101 un \u0137irur\u0123ij\u0101, k\u0101 ar\u012b nodro\u0161in\u0101s diagnostikas un laboratoriskos pakalpojumus diennakts re\u017e\u012bm\u0101. Lok\u0101l\u0101s slimn\u012bcas nodro\u0161in\u0101s pamata terapiju, hronisko pacientu apr\u016bpi un paliat\u012bvo apr\u016bpi, da\u017e\u0101m saglab\u0101jot Neatliekam\u0101s medic\u012bnas un pacientu uz\u0146em\u0161anas noda\u013cu (NMPUN), bet cit\u0101m \u2013 steidzam\u0101s medic\u012bnisk\u0101s pal\u012bdz\u012bbas noda\u013cu. Tiek pl\u0101nots, ka l\u012bdz 2029. gadam finans\u0113jums slimn\u012bc\u0101m tiks piesaist\u012bts sniegto vesel\u012bbas apr\u016bpes pakalpojumu kvalit\u0101tei, lai stiprin\u0101tu efekt\u012bv\u0101k str\u0101d\u0101jo\u0161\u0101s \u0101rstniec\u012bbas iest\u0101des. Pacientu pl\u016bsmas organiz\u0113\u0161ana un pakalpojumu nodro\u0161in\u0101\u0161ana tiks p\u0101rskat\u012bta, lai nodro\u0161in\u0101tu nep\u0101rtrauktu apr\u016bpi un efekt\u012bvu pacientu nok\u013c\u016b\u0161anu atbilsto\u0161\u0101 l\u012bme\u0146a stacion\u0101r\u0101.<\/p>\n<p>Latvijas Slimn\u012bcu biedr\u012bbas ba\u017eas<\/p>\n<p>Neskatoties uz reformas iecer\u0113tajiem pozit\u012bvajiem aspektiem, Latvijas Slimn\u012bcu biedr\u012bba ir paudusi ba\u017eas, ka neviena reforma nevar notikt bez papildu finans\u0113juma, un ar\u012b pl\u0101notaj\u0101m izmai\u0146\u0101m nepiecie\u0161ams papildu finans\u0113jums. Biedr\u012bba aktualiz\u0113jusi jaut\u0101jumu par slimn\u012bcu telpu p\u0101rprofil\u0113\u0161anu gad\u012bjum\u0101, ja pakalpojumu apjoms tiktu samazin\u0101ts. K\u0101 nor\u0101da Valsts kontroles rev\u012bzija, kas veikta 2025. gad\u0101, Latvijas vesel\u012bbas apr\u016bpes sist\u0113m\u0101 konstat\u0113tas vair\u0101kas probl\u0113mas: fragment\u0113ts slimn\u012bcu t\u012bkls ar neskaidru funkciju sadal\u012bjumu, kas apgr\u016btina neatliekam\u0101s medic\u012bnisk\u0101s pal\u012bdz\u012bbas hospitaliz\u0101cijas pl\u0101na pilnv\u0113rt\u012bgu \u012bsteno\u0161anu; ierobe\u017eoti cilv\u0113kresursi, kas apgr\u016btina kvalitat\u012bvas apr\u016bpes nodro\u0161in\u0101\u0161anu; un nevienm\u0113r\u012bga pakalpojumu pieejam\u012bba un kvalit\u0101te vis\u0101 valst\u012b, \u012bpa\u0161i re\u0123ionos. \u0160\u012bs probl\u0113mas ir pamats reformu nepiecie\u0161am\u012bbai, ta\u010du biedr\u012bba aicina risin\u0101jumus balst\u012bt pacientu interes\u0113s un nodro\u0161in\u0101t pakalpojumu pieejam\u012bbu visiem iedz\u012bvot\u0101jiem.<\/p>\n<p>Finans\u0113juma sadale un n\u0101kotnes perspekt\u012bvas<\/p>\n<p>Slimn\u012bcu t\u012bkla reformas rezult\u0101t\u0101 paredz\u0113ts, ka 50% no pacientu \u0101rst\u0113\u0161anai paredz\u0113tajiem l\u012bdzek\u013ciem paliks eso\u0161aj\u0101 slimn\u012bc\u0101 ambulatoro un dienas stacion\u0101ra pakalpojumu nodro\u0161in\u0101\u0161anai, savuk\u0101rt atliku\u0161ie 50% tiks pie\u0161\u0137irti tai slimn\u012bcai, uz kuru tiks novirz\u012bta pacientu pl\u016bsma. \u0160\u0101da finans\u0113juma sadale noz\u012bm\u0113, ka reformai nevajadz\u0113tu b\u016btiski ietekm\u0113t slimn\u012bcu bud\u017eetus. Paredzams, ka 2026. gad\u0101 slimn\u012bcu t\u012bkla reformai neb\u016bs tie\u0161as ietekmes uz valsts bud\u017eetu. Lai gan pl\u0101not\u0101s izmai\u0146as paredz l\u012bdzek\u013cu ietaup\u012bjumu, Vesel\u012bbas ministrija uzsver, ka tie netiks novirz\u012bti slimn\u012bcu sl\u0113g\u0161anai vai reorganiz\u0101cijai nacion\u0101l\u0101s dro\u0161\u012bbas kontekst\u0101. Zi\u0146ojum\u0101 noteikti termi\u0146i vair\u0101kiem uzdevumiem reformas \u012bsteno\u0161anai, tai skait\u0101 l\u012bdz 2026. gada 1. j\u016bnijam VM pl\u0101no sagatavot pied\u0101v\u0101jumu stacion\u0101ro \u0101rstniec\u012bbas iest\u0101\u017eu dal\u012bjumam l\u012bme\u0146os un p\u0101rskat\u012bt neatliekam\u0101s medic\u012bnas un pacientu uz\u0146em\u0161anas noda\u013cu t\u012bklu.<\/p>\n","protected":false},"excerpt":{"rendered":"Vald\u012bba apstiprina p\u0101reju uz tr\u012bs l\u012bme\u0146u slimn\u012bcu modeli R\u012bga, 17. janv\u0101ris. Latvijas vald\u012bba ir apstiprin\u0101jusi pak\u0101peniskas izmai\u0146as slimn\u012bcu&hellip;\n","protected":false},"author":2,"featured_media":106819,"comment_status":"","ping_status":"","sticky":false,"template":"","format":"standard","meta":{"footnotes":""},"categories":[5],"tags":[23,28,29,32,33,22,30,31,35,39,38,36,37,34,40,25495,20,25496,26,27,788,24,25,787,1454,21],"class_list":{"0":"post-106818","1":"post","2":"type-post","3":"status-publish","4":"format-standard","5":"has-post-thumbnail","7":"category-aktualitates","8":"tag-aktualitates","9":"tag-breaking-news","10":"tag-breakingnews","11":"tag-featured-news","12":"tag-featurednews","13":"tag-headlines","14":"tag-latest-news","15":"tag-latestnews","16":"tag-latvia","17":"tag-latvian","18":"tag-latviesu","19":"tag-latviesu-valoda","20":"tag-latviesuvaloda","21":"tag-latvija","22":"tag-lv","23":"tag-medicinas-reforma","24":"tag-news","25":"tag-pacientu-veseliba","26":"tag-popularakas-zinas","27":"tag-popularakaszinas","28":"tag-slimnicu-tikls","29":"tag-top-stories","30":"tag-topstories","31":"tag-veselibas-aprupe","32":"tag-veselibas-ministrija","33":"tag-zinas"},"share_on_mastodon":{"url":"https:\/\/pubeurope.com\/@lv\/115908197892806300","error":""},"_links":{"self":[{"href":"https:\/\/www.europesays.com\/lv\/wp-json\/wp\/v2\/posts\/106818","targetHints":{"allow":["GET"]}}],"collection":[{"href":"https:\/\/www.europesays.com\/lv\/wp-json\/wp\/v2\/posts"}],"about":[{"href":"https:\/\/www.europesays.com\/lv\/wp-json\/wp\/v2\/types\/post"}],"author":[{"embeddable":true,"href":"https:\/\/www.europesays.com\/lv\/wp-json\/wp\/v2\/users\/2"}],"replies":[{"embeddable":true,"href":"https:\/\/www.europesays.com\/lv\/wp-json\/wp\/v2\/comments?post=106818"}],"version-history":[{"count":0,"href":"https:\/\/www.europesays.com\/lv\/wp-json\/wp\/v2\/posts\/106818\/revisions"}],"wp:featuredmedia":[{"embeddable":true,"href":"https:\/\/www.europesays.com\/lv\/wp-json\/wp\/v2\/media\/106819"}],"wp:attachment":[{"href":"https:\/\/www.europesays.com\/lv\/wp-json\/wp\/v2\/media?parent=106818"}],"wp:term":[{"taxonomy":"category","embeddable":true,"href":"https:\/\/www.europesays.com\/lv\/wp-json\/wp\/v2\/categories?post=106818"},{"taxonomy":"post_tag","embeddable":true,"href":"https:\/\/www.europesays.com\/lv\/wp-json\/wp\/v2\/tags?post=106818"}],"curies":[{"name":"wp","href":"https:\/\/api.w.org\/{rel}","templated":true}]}}