{"id":106827,"date":"2026-01-17T03:44:07","date_gmt":"2026-01-17T03:44:07","guid":{"rendered":"https:\/\/www.europesays.com\/lv\/106827\/"},"modified":"2026-01-17T03:44:07","modified_gmt":"2026-01-17T03:44:07","slug":"tris-limenu-slimnicu-modelis-laus-pacientiem-labak-orienteties-veselibas-aprupes-sistema","status":"publish","type":"post","link":"https:\/\/www.europesays.com\/lv\/106827\/","title":{"rendered":"Tr\u012bs l\u012bme\u0146u slimn\u012bcu modelis \u013caus pacientiem lab\u0101k orient\u0113ties vesel\u012bbas apr\u016bpes sist\u0113m\u0101"},"content":{"rendered":"<p>Latvij\u0101 neatteikto viz\u012b\u0161u skaits m\u0113r\u0101ms ap 20% no vis\u0101m viz\u012bt\u0113m, un ar \u0161o risin\u0101jumu pl\u0101nots efekt\u012bv\u0101k organiz\u0113t rindas.<\/p>\n<p>Savuk\u0101rt, inform\u0113jot Valsts prezidentu par z\u0101\u013cu cenu reformas norisi, Abu Meri paudis p\u0101rliec\u012bbu, ka \u0161\u012bs izmai\u0146as esot devu\u0161as &#8220;re\u0101lus ieguvumus pacientiem&#8221; un recep\u0161u z\u0101\u013cu izmaksas iedz\u012bvot\u0101jiem p\u0113c reformas kopum\u0101 esot samazin\u0101ju\u0161\u0101s. VM dati liecinot, ka recep\u0161u medikamentu lietot\u0101jiem izmaksas m\u0113nes\u012b vid\u0113ji saruku\u0161as par aptuveni 13 eiro.<\/p>\n<p>P\u0113c ministra v\u0101rdiem, l\u012bdz \u0161im nav konstat\u0113tas sist\u0113miskas pieg\u0101\u017eu probl\u0113mas un medikamenti aptiek\u0101s ir pieejami.<\/p>\n<p>Savuk\u0101rt no \u0161\u0101 gada vidus paredz\u0113ts, ka valsts nodro\u0161in\u0101s izmaksas par farmaceita pakalpojumu recep\u0161u z\u0101l\u0113m cen\u0101 l\u012bdz 10 eiro, k\u0101 ar\u012b iedz\u012bvot\u0101jiem ar pirm\u0101s grupas invalidit\u0101ti.<\/p>\n<p>Tik\u0161an\u0101s laik\u0101 p\u0101rrun\u0101ta ar\u012b valsts gatav\u012bba nopietn\u0101m kr\u012bzes situ\u0101cij\u0101m un medikamentu pieg\u0101des dro\u0161\u012bbas jaut\u0101jumi. Abu Meri inform\u0113jis Valsts prezidentu par vald\u012bbas atbalst\u012bto kritiski svar\u012bgo medikamentu rezervju izveidi un aktualit\u0101t\u0113m \u0161aj\u0101 jom\u0101.<\/p>\n<p>K\u0101 v\u0113st\u012bts, Latvij\u0101 ieviesta vair\u0101ku l\u012bme\u0146u rezervju sist\u0113ma &#8211; m\u0101jsaimniec\u012bbu, iest\u0101\u017eu un valsts l\u012bmen\u012b. Papildus valsts materi\u0101laj\u0101m rezerv\u0113m tiks nodro\u0161in\u0101ts kritiski svar\u012bgo z\u0101\u013cu kr\u0101jums b\u016btisku slim\u012bbu grup\u0101m, tostarp onkolo\u0123ijai, kardiolo\u0123ijai, diab\u0113tam un cit\u0101m dz\u012bv\u012bbai svar\u012bg\u0101m diagnoz\u0113m. Ministrs nor\u0101d\u012bjis, ka darbs pie normat\u012bv\u0101s b\u0101zes pilnveides turpin\u0101s, lai garant\u0113tu p\u0101rr\u0101vumu risku mazin\u0101\u0161anu un stabilu z\u0101\u013cu pieg\u0101di ar\u012b valsts apdraud\u0113juma gad\u012bjumos.<\/p>\n","protected":false},"excerpt":{"rendered":"Latvij\u0101 neatteikto viz\u012b\u0161u skaits m\u0113r\u0101ms ap 20% no vis\u0101m viz\u012bt\u0113m, un ar \u0161o risin\u0101jumu pl\u0101nots efekt\u012bv\u0101k organiz\u0113t rindas.&hellip;\n","protected":false},"author":2,"featured_media":106828,"comment_status":"","ping_status":"","sticky":false,"template":"","format":"standard","meta":{"footnotes":""},"categories":[12],"tags":[23,28,29,32,33,22,256,30,31,35,39,38,36,37,34,40,20,26,27,1288,24,25,1454,21],"class_list":{"0":"post-106827","1":"post","2":"type-post","3":"status-publish","4":"format-standard","5":"has-post-thumbnail","7":"category-latvija","8":"tag-aktualitates","9":"tag-breaking-news","10":"tag-breakingnews","11":"tag-featured-news","12":"tag-featurednews","13":"tag-headlines","14":"tag-hosams-abu-meri","15":"tag-latest-news","16":"tag-latestnews","17":"tag-latvia","18":"tag-latvian","19":"tag-latviesu","20":"tag-latviesu-valoda","21":"tag-latviesuvaloda","22":"tag-latvija","23":"tag-lv","24":"tag-news","25":"tag-popularakas-zinas","26":"tag-popularakaszinas","27":"tag-slimnicas","28":"tag-top-stories","29":"tag-topstories","30":"tag-veselibas-ministrija","31":"tag-zinas"},"share_on_mastodon":{"url":"https:\/\/pubeurope.com\/@lv\/115908382755250586","error":""},"_links":{"self":[{"href":"https:\/\/www.europesays.com\/lv\/wp-json\/wp\/v2\/posts\/106827","targetHints":{"allow":["GET"]}}],"collection":[{"href":"https:\/\/www.europesays.com\/lv\/wp-json\/wp\/v2\/posts"}],"about":[{"href":"https:\/\/www.europesays.com\/lv\/wp-json\/wp\/v2\/types\/post"}],"author":[{"embeddable":true,"href":"https:\/\/www.europesays.com\/lv\/wp-json\/wp\/v2\/users\/2"}],"replies":[{"embeddable":true,"href":"https:\/\/www.europesays.com\/lv\/wp-json\/wp\/v2\/comments?post=106827"}],"version-history":[{"count":0,"href":"https:\/\/www.europesays.com\/lv\/wp-json\/wp\/v2\/posts\/106827\/revisions"}],"wp:featuredmedia":[{"embeddable":true,"href":"https:\/\/www.europesays.com\/lv\/wp-json\/wp\/v2\/media\/106828"}],"wp:attachment":[{"href":"https:\/\/www.europesays.com\/lv\/wp-json\/wp\/v2\/media?parent=106827"}],"wp:term":[{"taxonomy":"category","embeddable":true,"href":"https:\/\/www.europesays.com\/lv\/wp-json\/wp\/v2\/categories?post=106827"},{"taxonomy":"post_tag","embeddable":true,"href":"https:\/\/www.europesays.com\/lv\/wp-json\/wp\/v2\/tags?post=106827"}],"curies":[{"name":"wp","href":"https:\/\/api.w.org\/{rel}","templated":true}]}}