{"id":106844,"date":"2026-01-17T05:00:04","date_gmt":"2026-01-17T05:00:04","guid":{"rendered":"https:\/\/www.europesays.com\/lv\/106844\/"},"modified":"2026-01-17T05:00:04","modified_gmt":"2026-01-17T05:00:04","slug":"nenojautu-ka-vina-tik-driz-aizies-uljanas-semjonovas-tuva-draudzene-atklaj-sportistes-pedejo-laiku-sai-pasaule-1188-lv","status":"publish","type":"post","link":"https:\/\/www.europesays.com\/lv\/106844\/","title":{"rendered":"&quot;Nenojautu, ka vi\u0146a tik dr\u012bz aizies.&quot; U\u013cjanas Semjonovas tuva draudzene atkl\u0101j sportistes p\u0113d\u0113jo laiku \u0161ai pasaul\u0113 &#8211; 1188.lv"},"content":{"rendered":"<ol>\n<li><a href=\"https:\/\/news.google.com\/rss\/articles\/CBMi3AFBVV95cUxPQlJCTjVhSUpYY2Jnd1JlREVqTERYSEN3WmY0dE94cVd3LUY1dFA1RW5tRUpJbU9FZ0Rhd2pCd0d5a05XUklrRmY0elRkNHBLNFhZdGotNEF2T3NZUFJRRjB0QnREWUNfU21uVVh6UzUtX1hXUjVvR0tIMDJfZW5vd0NnblBBeUZEdDBPQ1NJWFFlSXZNREcyUkZYa1lLaEV6U2lZTF9CUDhmNS1QdVdLa0lSVUJPb0c0MEhLb0UxWUhfRklHbF91SU1xMGV0bDNieE9JVzExdWQxY1NB?oc=5\" target=\"_blank\" rel=\"nofollow noopener\">&#8220;Nenojautu, ka vi\u0146a tik dr\u012bz aizies.&#8221; U\u013cjanas Semjonovas tuva draudzene atkl\u0101j sportistes p\u0113d\u0113jo laiku \u0161ai pasaul\u0113<\/a>&nbsp;&nbsp;1188.lv<\/li>\n<li><a href=\"https:\/\/news.google.com\/rss\/articles\/CBMiwgNBVV95cUxOOC1fQUw4UEd4TjFYQlY1ME1QNWZub3Y4U1NpbHpwV3htN2dMY3dzYjVXQzVPMUF1WmFpclV3MjFxcWNDcTdFQ0h0OVdVQVFuVG1OSks5OW81bUVDU29wcmwzTER0M3gxd2ppVDlNUFlJUlFzeEhhVm5YbEM1ZHUtTk9QcVlBakxXRnUzNEF3SkFybjBuWVNHRkJMYVMwTzBZaHlJUGtSUEVYUkVmSmFicGdCTU9zM1hUM3pGeW1ab2VVa2x3czk4YWhBNmstb2dKRmROUlZfdWZsbDFoeC1SYUdFTHB5UVBqcmVENUJXaTg3RGhISnpEcEZYWW45X01MTC14U2QxVHlQalBuMlk1ajJtcU44dHNBWmtpdTMzZUVOcTNzWDFhelQ4NVJDUmVHeWNJRzcyRURxQ1Z2bEtqSU9hWEotOGRqREM4ME1UdGRoZ3hQWEJaOXhiVXVjSW9qZEM4M3RQM2tvSGd6UThWUGNRUG44ZExSeVJadTgySXBTekgyS0E1NVNXaWVGQURCWkJabUFLeWNzS2t3MU1sQUFGTTJkWEFSN1hvcHhuQW16T1AzSTN5TmpEN0tqTUlKUnc?oc=5\" target=\"_blank\" rel=\"nofollow noopener\">R\u012bgas Latvie\u0161u biedr\u012bbas nam\u0101 p\u0113d\u0113j\u0101 gait\u0101 pavad\u012bta basketbola le\u0123enda U\u013cjana Semjonova. FOTO<\/a>&nbsp;&nbsp;Jauns.lv<\/li>\n<li><a href=\"https:\/\/news.google.com\/rss\/articles\/CBMiogFBVV95cUxPN1RTcm5vOElMS2lfc1owVW5ZMnAxX19JdVR3SmNORUxZZG9veXBWWWljTlJTUTh6b2ZiMFBGSGxNaHFqNXQ1Y1B0QkVLRERIT19HTlVIb0VnMFQ5TXVNV0JITUctbDlqQUJCYkNKLVNQandWS3JPdTFmbmNlYXlGbVdRdlNvT1lhT2x3Z25kX1Qxc1QwV1Z4YVR2UXlfVDQ0ZEE?oc=5\" target=\"_blank\" rel=\"nofollow noopener\">Foto: Atvad\u0101s no m\u016b\u017e\u012bb\u0101 aizg\u0101ju\u0161\u0101s basketbolistes U\u013cjanas Semjonovas<\/a>&nbsp;&nbsp;NRA<\/li>\n<li><a href=\"https:\/\/news.google.com\/rss\/articles\/CBMi0wFBVV95cUxOc0NkRXpXcllKWlM5LUJMSzlaWWdpMjRuV05DbkNVX3hUYm96dU1UeWNqLTQxS2lWVEpYM0szS1hOaENza1VuRXpicWF6aWFiSXFkUVdoWTVkQTQ1WW5odEJXRWhmNUdqZGVfQ2hEUnJVYzNvZjFUSWc4SXBSLUptVDA0b3gwRGE2WGNqQUhyUEN5LXgzdDRZb244djJMOTRlUHY4RVV4clV3cWJpZkhCMjBrRW4yanFiSzBRRjlrYzRsVUx0dk8xVHFLVlZmTFVnb1JR?oc=5\" target=\"_blank\" rel=\"nofollow noopener\">&#8220;St\u0101voklis pasliktin\u0101jies \u013coti strauji&#8221;: Semjonovas draudzene par sportistes p\u0113d\u0113j\u0101m dien\u0101m<\/a>&nbsp;&nbsp;Lasi.lv<\/li>\n<li><a href=\"https:\/\/news.google.com\/rss\/articles\/CBMirwFBVV95cUxQc1BoeFRtd3FlTjBUNUQtSG8zMmcyN3ljZFRvLW52WnV1N1c1a0VWVUlTZk5yZEVvUW5RSVQtUlRDcjdQWEd6NnBiaG50dUhGWktMOERQYmlFVldETmh4dW0xenpRdDh4bk5lSkE1N3N5T1FjVEFpbGFaeC1TMjM1dENyUnFhbGU4TlFKcjA5NXhFdHJRb2Jxckdlb1ZRM2lhMkNreUtsYWFUM0NxX1lj?oc=5\" target=\"_blank\" rel=\"nofollow noopener\">FOTO. Esam zaud\u0113ju\u0161i le\u0123endu\u2026 R\u012bgas centr\u0101 notikusi publiska atvad\u012b\u0161an\u0101s no U\u013cjanas Semjonovas<\/a>&nbsp;&nbsp;LA.LV<\/li>\n<\/ol>\n","protected":false},"excerpt":{"rendered":"&#8220;Nenojautu, ka vi\u0146a tik dr\u012bz aizies.&#8221; U\u013cjanas Semjonovas tuva draudzene atkl\u0101j sportistes p\u0113d\u0113jo laiku \u0161ai pasaul\u0113&nbsp;&nbsp;1188.lv R\u012bgas Latvie\u0161u&hellip;\n","protected":false},"author":2,"featured_media":106845,"comment_status":"","ping_status":"","sticky":false,"template":"","format":"standard","meta":{"footnotes":""},"categories":[17],"tags":[129,25508,35,39,38,36,37,34,40,25509,67,25510],"class_list":{"0":"post-106844","1":"post","2":"type-post","3":"status-publish","4":"format-standard","5":"has-post-thumbnail","7":"category-sports","8":"tag-__typenameadvicekeyword","9":"tag-id2008","10":"tag-latvia","11":"tag-latvian","12":"tag-latviesu","13":"tag-latviesu-valoda","14":"tag-latviesuvaloda","15":"tag-latvija","16":"tag-lv","17":"tag-sluguljana-semjonova","18":"tag-sports","19":"tag-titleuljana-semjonova"},"share_on_mastodon":{"url":"https:\/\/pubeurope.com\/@lv\/115908681533450858","error":""},"_links":{"self":[{"href":"https:\/\/www.europesays.com\/lv\/wp-json\/wp\/v2\/posts\/106844","targetHints":{"allow":["GET"]}}],"collection":[{"href":"https:\/\/www.europesays.com\/lv\/wp-json\/wp\/v2\/posts"}],"about":[{"href":"https:\/\/www.europesays.com\/lv\/wp-json\/wp\/v2\/types\/post"}],"author":[{"embeddable":true,"href":"https:\/\/www.europesays.com\/lv\/wp-json\/wp\/v2\/users\/2"}],"replies":[{"embeddable":true,"href":"https:\/\/www.europesays.com\/lv\/wp-json\/wp\/v2\/comments?post=106844"}],"version-history":[{"count":0,"href":"https:\/\/www.europesays.com\/lv\/wp-json\/wp\/v2\/posts\/106844\/revisions"}],"wp:featuredmedia":[{"embeddable":true,"href":"https:\/\/www.europesays.com\/lv\/wp-json\/wp\/v2\/media\/106845"}],"wp:attachment":[{"href":"https:\/\/www.europesays.com\/lv\/wp-json\/wp\/v2\/media?parent=106844"}],"wp:term":[{"taxonomy":"category","embeddable":true,"href":"https:\/\/www.europesays.com\/lv\/wp-json\/wp\/v2\/categories?post=106844"},{"taxonomy":"post_tag","embeddable":true,"href":"https:\/\/www.europesays.com\/lv\/wp-json\/wp\/v2\/tags?post=106844"}],"curies":[{"name":"wp","href":"https:\/\/api.w.org\/{rel}","templated":true}]}}