{"id":106851,"date":"2026-01-17T05:34:07","date_gmt":"2026-01-17T05:34:07","guid":{"rendered":"https:\/\/www.europesays.com\/lv\/106851\/"},"modified":"2026-01-17T05:34:07","modified_gmt":"2026-01-17T05:34:07","slug":"cilvektiesibu-organizacijas-zino-par-simtiem-bojagajuso-lente-lv","status":"publish","type":"post","link":"https:\/\/www.europesays.com\/lv\/106851\/","title":{"rendered":"cilv\u0113kties\u012bbu organiz\u0101cijas zi\u0146o par simtiem boj\u0101g\u0101ju\u0161o\u00a0\u2014\u00a0Lente.lv"},"content":{"rendered":"<p>Protesti un represijas Ir\u0101n\u0101 sasniedz kritisku l\u012bmeni<\/p>\n<p>Ir\u0101n\u0101 turpina saasin\u0101ties gan tautas protesti, gan vald\u012bbas represijas pret demonstrantiem, radot satrauco\u0161u situ\u0101ciju valst\u012b. K\u0101 zi\u0146o telekan\u0101ls TV3, cilv\u0113kties\u012bbu organiz\u0101cijas l\u0113\u0161, ka dro\u0161\u012bbas sp\u0113ku vardarb\u012bgaj\u0101s sadursm\u0113s un represiju rezult\u0101t\u0101 nogalin\u0101ti jau simtiem cilv\u0113ku, bet aiztur\u0113to skaits m\u0113r\u0101ms vair\u0101kos t\u016bksto\u0161os.<\/p>\n<p>\u0160ie notikumi iez\u012bm\u0113 nopietn\u0101ko izaicin\u0101jumu eso\u0161ajam teokr\u0101tiskajam re\u017e\u012bmam p\u0113d\u0113jos gados. Protesti, kas s\u0101k\u0101s decembra beig\u0101s, ir izplat\u012bju\u0161ies vis\u0101 valst\u012b, skarot simtiem apdz\u012bvoto vietu un nor\u0101dot uz pla\u0161u sabiedr\u012bbas neapmierin\u0101t\u012bbu ar pa\u0161reiz\u0113jo politisko un ekonomisko situ\u0101ciju.<\/p>\n<p>Protestu c\u0113lo\u0146i \u2013 ekonomisk\u0101 kr\u012bze un politisk\u0101 neapmierin\u0101t\u012bba<\/p>\n<p>Galvenie protestu iemesli ir dzi\u013ca neapmierin\u0101t\u012bba ar valsts ekonomisko kr\u012bzi, strauji augo\u0161o dz\u012bves d\u0101rdz\u012bbu un augsto infl\u0101ciju, kas p\u0101rsniedz 50%. S\u0101kotn\u0113ji Teher\u0101nas iel\u0101s izg\u0101ja tirgot\u0101ji, protest\u0113jot pret Ir\u0101nas ri\u0101la v\u0113rt\u012bbas kritumu un ekonomisko situ\u0101ciju. Dr\u012bzum\u0101 protestos iesaist\u012bj\u0101s pla\u0161\u0101ki sabiedr\u012bbas sl\u0101\u0146i, un demonstr\u0101cijas ieguva politisku dimensiju, pieaugot neapmierin\u0101t\u012bbai ar teokr\u0101tisko re\u017e\u012bmu un aicinot uz t\u0101 mai\u0146u.<\/p>\n<p>Ir\u0101nas augst\u0101kais gar\u012bgais l\u012bderis ajatolla Ali Hamenei ir nosaucis protest\u0113t\u0101jus par valsts ienaidniekiem un \u0101rvalstu ietekmes instrumentiem, pieprasot dro\u0161\u012bbas sp\u0113kiem pastiprin\u0101t represijas. \u0160\u012b nost\u0101ja paspilgtina konfliktu un palielina spriedzi starp vald\u012bbu un t\u0101s kriti\u0137iem.<\/p>\n<p>Cilv\u0113kties\u012bbu organiz\u0101cijas zi\u0146o par posto\u0161\u0101m sek\u0101m<\/p>\n<p>Saska\u0146\u0101 ar ASV b\u0101z\u0113t\u0101s cilv\u0113kties\u012bbu akt\u012bvistu a\u0123ent\u016bras HRANA (Human Rights Activists News Agency) datiem, demonstr\u0101cij\u0101s dz\u012bv\u012bbu zaud\u0113ju\u0161i vismaz 544 cilv\u0113ki, bet citi avoti min, ka boj\u0101g\u0101ju\u0161o skaits var\u0113tu p\u0101rsniegt 2500 cilv\u0113kus, atsevi\u0161\u0137os apr\u0113\u0137inos pat 6000. No boj\u0101g\u0101ju\u0161ajiem liela da\u013ca ir protest\u0113t\u0101ji, ta\u010du starp upuriem fiks\u0113ti ar\u012b dro\u0161\u012bbas sp\u0113ku p\u0101rst\u0101vji, b\u0113rni un pat ar protestiem nesaist\u012bti civiliedz\u012bvot\u0101ji. Tiek zi\u0146ots ar\u012b par aptuveni 10 700 l\u012bdz pat vair\u0101k nek\u0101 18 100 aiztur\u0113tajiem, uzsverot re\u017e\u012bma centienus apspiest jebk\u0101du pretest\u012bbu.<\/p>\n<p>HRANA un citas organiz\u0101cijas uzsver, ka patiesais boj\u0101g\u0101ju\u0161o skaits var\u0113tu b\u016bt iev\u0113rojami liel\u0101ks, jo Ir\u0101n\u0101 ir b\u016btiski ierobe\u017eota sazi\u0146a ar \u0101rpasauli, blo\u0137\u0113jot internetu un telefonsakarus. \u0160\u012b inform\u0101cijas izol\u0101cija apgr\u016btina neatkar\u012bgu notikumu p\u0101rbaudi un liek ba\u017e\u012bties par cilv\u0113kties\u012bbu situ\u0101cijas nopietn\u012bbu.<\/p>\n<p>Starptautisk\u0101 reakcija un spriedze<\/p>\n<p>Situ\u0101cija Ir\u0101n\u0101 ir izrais\u012bjusi pla\u0161u starptautisku uzman\u012bbu. Amerikas Savienoto Valstu prezidents Donalds Tramps ir izteicis stingru nost\u0101ju, br\u012bdinot Ir\u0101nas re\u017e\u012bmu par iesp\u0113jam\u0101m sek\u0101m, ja protest\u0113t\u0101ju nogalin\u0101\u0161ana turpin\u0101sies. Tramps ir ar\u012b pazi\u0146ojis, ka Ir\u0101nas vad\u012bba, rea\u0123\u0113jot uz vi\u0146a draudiem, ir izr\u0101d\u012bjusi gatav\u012bbu s\u0101kt sarunas, tom\u0113r ASV ir nor\u0101d\u012bju\u0161as, ka var\u0113tu r\u012bkoties pirms diplom\u0101tisk\u0101m sarun\u0101m, neizsl\u0113dzot ar\u012b milit\u0101ras intervences iesp\u0113ju.<\/p>\n<p>Ir\u0101nas \u0101rlietu ministrija ir aps\u016bdz\u0113jusi ASV un Izra\u0113lu iejauk\u0161anos valsts iek\u0161\u0113j\u0101s liet\u0101s, t\u0101d\u0113j\u0101di palielinot spriedzi starp re\u0123iona sp\u0113kiem un radot ba\u017eas par pla\u0161\u0101ka konflikta iesp\u0113jam\u012bbu. Eiropas Savien\u012bba ir paudusi satraukumu par notieko\u0161o un gatavo papildu sankcijas pret atbild\u012bgajiem par represij\u0101m.<\/p>\n<p>Re\u017e\u012bma centieni un n\u0101kotnes perspekt\u012bvas<\/p>\n<p>Neskatoties uz starptautisko nosod\u012bjumu un br\u012bdin\u0101jumiem, Ir\u0101nas re\u017e\u012bms turpina stingri apspiest jebk\u0101du at\u0161\u0137ir\u012bgu viedokli. Valsts telev\u012bzija ir pirmoreiz atzinusi lielo n\u0101ves gad\u012bjumu skaitu, tom\u0113r tas notika p\u0113c tam, kad akt\u012bvisti publiskoja savus apr\u0113\u0137inus. Tiek zi\u0146ots par \u0101tr\u0101m tiesas pr\u0101v\u0101m un aiztur\u0113to eksek\u016bcij\u0101m, kas liecina par re\u017e\u012bma gatav\u012bbu izmantot gal\u0113jus l\u012bdzek\u013cus, lai saglab\u0101tu varu.<\/p>\n<p>\u0160ie notikumi ir viens no v\u0113rien\u012bg\u0101kajiem protestu vi\u013c\u0146iem Ir\u0101n\u0101 p\u0113d\u0113jo desmitga\u017eu laik\u0101, kas liecina par dzi\u013c\u0101m soci\u0101l\u0101m un politisk\u0101m probl\u0113m\u0101m valst\u012b un rada jaut\u0101jumus par re\u0123iona stabilit\u0101ti.<\/p>\n","protected":false},"excerpt":{"rendered":"Protesti un represijas Ir\u0101n\u0101 sasniedz kritisku l\u012bmeni Ir\u0101n\u0101 turpina saasin\u0101ties gan tautas protesti, gan vald\u012bbas represijas pret demonstrantiem,&hellip;\n","protected":false},"author":2,"featured_media":106852,"comment_status":"","ping_status":"","sticky":false,"template":"","format":"standard","meta":{"footnotes":""},"categories":[5],"tags":[23,5983,28,29,142,32,33,22,2562,30,31,35,39,38,36,37,34,40,20,26,27,4204,25511,24,25,21],"class_list":{"0":"post-106851","1":"post","2":"type-post","3":"status-publish","4":"format-standard","5":"has-post-thumbnail","7":"category-aktualitates","8":"tag-aktualitates","9":"tag-bojagajusie","10":"tag-breaking-news","11":"tag-breakingnews","12":"tag-cilvektiesibas","13":"tag-featured-news","14":"tag-featurednews","15":"tag-headlines","16":"tag-irana","17":"tag-latest-news","18":"tag-latestnews","19":"tag-latvia","20":"tag-latvian","21":"tag-latviesu","22":"tag-latviesu-valoda","23":"tag-latviesuvaloda","24":"tag-latvija","25":"tag-lv","26":"tag-news","27":"tag-popularakas-zinas","28":"tag-popularakaszinas","29":"tag-protesti","30":"tag-represijas","31":"tag-top-stories","32":"tag-topstories","33":"tag-zinas"},"share_on_mastodon":{"url":"https:\/\/pubeurope.com\/@lv\/115908815234395271","error":""},"_links":{"self":[{"href":"https:\/\/www.europesays.com\/lv\/wp-json\/wp\/v2\/posts\/106851","targetHints":{"allow":["GET"]}}],"collection":[{"href":"https:\/\/www.europesays.com\/lv\/wp-json\/wp\/v2\/posts"}],"about":[{"href":"https:\/\/www.europesays.com\/lv\/wp-json\/wp\/v2\/types\/post"}],"author":[{"embeddable":true,"href":"https:\/\/www.europesays.com\/lv\/wp-json\/wp\/v2\/users\/2"}],"replies":[{"embeddable":true,"href":"https:\/\/www.europesays.com\/lv\/wp-json\/wp\/v2\/comments?post=106851"}],"version-history":[{"count":0,"href":"https:\/\/www.europesays.com\/lv\/wp-json\/wp\/v2\/posts\/106851\/revisions"}],"wp:featuredmedia":[{"embeddable":true,"href":"https:\/\/www.europesays.com\/lv\/wp-json\/wp\/v2\/media\/106852"}],"wp:attachment":[{"href":"https:\/\/www.europesays.com\/lv\/wp-json\/wp\/v2\/media?parent=106851"}],"wp:term":[{"taxonomy":"category","embeddable":true,"href":"https:\/\/www.europesays.com\/lv\/wp-json\/wp\/v2\/categories?post=106851"},{"taxonomy":"post_tag","embeddable":true,"href":"https:\/\/www.europesays.com\/lv\/wp-json\/wp\/v2\/tags?post=106851"}],"curies":[{"name":"wp","href":"https:\/\/api.w.org\/{rel}","templated":true}]}}