{"id":106857,"date":"2026-01-17T05:58:07","date_gmt":"2026-01-17T05:58:07","guid":{"rendered":"https:\/\/www.europesays.com\/lv\/106857\/"},"modified":"2026-01-17T05:58:07","modified_gmt":"2026-01-17T05:58:07","slug":"ukrainai-trukst-rakesu-pretgaisa-aizsardzibai-norada-zelenskis","status":"publish","type":"post","link":"https:\/\/www.europesays.com\/lv\/106857\/","title":{"rendered":"Ukrainai tr\u016bkst ra\u0137e\u0161u pretgaisa aizsardz\u012bbai, nor\u0101da Zelenskis"},"content":{"rendered":"<p>\u201cM\u0113s god\u012bgi run\u0101jam ar m\u016bsu partneriem par ra\u0137et\u0113m pretgaisa aizsardz\u012bbas sist\u0113m\u0101m, par sist\u0113m\u0101m, kas mums tik \u013coti nepiecie\u0161amas. Pieg\u0101des nav pietiekamas,\u201d sac\u012bja prezidents.<\/p>\n<p>Noskaties \u2013 TV3 Ukrain\u0101: Optisk\u0101 kabe\u013ca droni sp\u0113l\u0113 lielu lomu front\u0113 \u2013 <a href=\"https:\/\/tv3.lv\/zinas\/arvalstis\/tv3-ukraina-optiska-kabela-droni-spele-lielu-lomu-fronte-to-atstata-skiedra-klaj-pilsetas-un-laukus\/\" rel=\"nofollow noopener\" target=\"_blank\">to atst\u0101t\u0101 \u0161\u0137iedra kl\u0101j pils\u0113tas un laukus<\/a><\/p>\n<p>Piektdien Zelenskis pazi\u0146oja, ka Ukraina no saviem partneriem ir sa\u0146\u0113musi noz\u012bm\u012bgu ra\u0137e\u0161u partiju pretgaisa aizsardz\u012bbas sist\u0113m\u0101m.<\/p>\n<p>Krievijas veikto masveida triecienu Ukrainas ener\u0123\u0113tikas infrastrukt\u016brai rezult\u0101t\u0101 daudz\u0101s pils\u0113t\u0101s ir elektr\u012bbas un apkures padeves p\u0101rtraukumi.<\/p>\n<p>Ukrain\u0101 \u0161obr\u012bd ir \u013coti auksts laiks.<\/p>\n<p class=\"tv3-fw-500\">Zi\u0146o par k\u013c\u016bdu rakst\u0101<\/p>\n<p class=\"d-md-block d-none\">Iez\u012bm\u0113 k\u013c\u016bdaino tekstu un spied Ctrl+Enter.<\/p>\n<p class=\"d-md-none d-block\">Iez\u012bm\u0113 k\u013c\u016bdaino tekstu un zi\u0146o par to!<\/p>\n","protected":false},"excerpt":{"rendered":"\u201cM\u0113s god\u012bgi run\u0101jam ar m\u016bsu partneriem par ra\u0137et\u0113m pretgaisa aizsardz\u012bbas sist\u0113m\u0101m, par sist\u0113m\u0101m, kas mums tik \u013coti nepiecie\u0161amas.&hellip;\n","protected":false},"author":2,"featured_media":106858,"comment_status":"","ping_status":"","sticky":false,"template":"","format":"standard","meta":{"footnotes":""},"categories":[5],"tags":[23,28,29,32,33,22,3354,30,31,35,39,38,36,37,34,40,20,26,27,24,25,21],"class_list":{"0":"post-106857","1":"post","2":"type-post","3":"status-publish","4":"format-standard","5":"has-post-thumbnail","7":"category-aktualitates","8":"tag-aktualitates","9":"tag-breaking-news","10":"tag-breakingnews","11":"tag-featured-news","12":"tag-featurednews","13":"tag-headlines","14":"tag-kars-ukraina","15":"tag-latest-news","16":"tag-latestnews","17":"tag-latvia","18":"tag-latvian","19":"tag-latviesu","20":"tag-latviesu-valoda","21":"tag-latviesuvaloda","22":"tag-latvija","23":"tag-lv","24":"tag-news","25":"tag-popularakas-zinas","26":"tag-popularakaszinas","27":"tag-top-stories","28":"tag-topstories","29":"tag-zinas"},"share_on_mastodon":{"url":"https:\/\/pubeurope.com\/@lv\/115908909648152650","error":""},"_links":{"self":[{"href":"https:\/\/www.europesays.com\/lv\/wp-json\/wp\/v2\/posts\/106857","targetHints":{"allow":["GET"]}}],"collection":[{"href":"https:\/\/www.europesays.com\/lv\/wp-json\/wp\/v2\/posts"}],"about":[{"href":"https:\/\/www.europesays.com\/lv\/wp-json\/wp\/v2\/types\/post"}],"author":[{"embeddable":true,"href":"https:\/\/www.europesays.com\/lv\/wp-json\/wp\/v2\/users\/2"}],"replies":[{"embeddable":true,"href":"https:\/\/www.europesays.com\/lv\/wp-json\/wp\/v2\/comments?post=106857"}],"version-history":[{"count":0,"href":"https:\/\/www.europesays.com\/lv\/wp-json\/wp\/v2\/posts\/106857\/revisions"}],"wp:featuredmedia":[{"embeddable":true,"href":"https:\/\/www.europesays.com\/lv\/wp-json\/wp\/v2\/media\/106858"}],"wp:attachment":[{"href":"https:\/\/www.europesays.com\/lv\/wp-json\/wp\/v2\/media?parent=106857"}],"wp:term":[{"taxonomy":"category","embeddable":true,"href":"https:\/\/www.europesays.com\/lv\/wp-json\/wp\/v2\/categories?post=106857"},{"taxonomy":"post_tag","embeddable":true,"href":"https:\/\/www.europesays.com\/lv\/wp-json\/wp\/v2\/tags?post=106857"}],"curies":[{"name":"wp","href":"https:\/\/api.w.org\/{rel}","templated":true}]}}