{"id":106864,"date":"2026-01-17T06:23:19","date_gmt":"2026-01-17T06:23:19","guid":{"rendered":"https:\/\/www.europesays.com\/lv\/106864\/"},"modified":"2026-01-17T06:23:19","modified_gmt":"2026-01-17T06:23:19","slug":"nedelas-nogales-muzikas-baudijums-no-slagera-lidz-jaunajai-popmuzikai-latvija-lente-lv","status":"publish","type":"post","link":"https:\/\/www.europesays.com\/lv\/106864\/","title":{"rendered":"Ned\u0113\u013cas nogales m\u016bzikas baud\u012bjums: no \u0161l\u0101gera l\u012bdz jaunajai popm\u016bzikai Latvij\u0101 &#8211; Lente.lv"},"content":{"rendered":"<ol>\n<li><a href=\"https:\/\/news.google.com\/rss\/articles\/CBMivAFBVV95cUxQd3pPUnhZNkNaZHVFcWhtcHhfbHRMX0lSOVFBNVpYbXNoTWpVZTIyZ0hiN01xYjNUU1RfT1RCU1h1WUxWbGhIRlkzMUZVMUVqUzdhTnZlODhHUlhsRHEza3F1a3h0dnBsQWo5TEYxNG5RX1EyTzVweXMweWE4S05UQnREQUh1SjNMQlVjd19ycmxRMmVpcVEtRkd5UVFkRW9kVlJhS08xWHJoYnZYeVNKUE5CZnZOYlpwZkNVeA?oc=5\" target=\"_blank\" rel=\"nofollow noopener\">Ned\u0113\u013cas nogales m\u016bzikas baud\u012bjums: no \u0161l\u0101gera l\u012bdz jaunajai popm\u016bzikai Latvij\u0101<\/a>&nbsp;&nbsp;Lente.lv<\/li>\n<li><a href=\"https:\/\/news.google.com\/rss\/articles\/CBMi2gFBVV95cUxPMXRaRlVHWXhRZUtMQkE4WGI2cEtxSXZiNUI4azBBc1dMUE1MUW8tUktybV9XMkd4amFmODY4WVBKUEdxbF9WLWIxVFRnOTdVZVNlMFFQd0RyWkZBSnFVbkNvUGd3NTNvWVJCODctT05XV3BON0dxNDJaWHhWSnVlUDJmNjVEZHlLRW1EN3pSc2JuSVE4enZJbkdhTzE5VWRIUUxQcXhQbmNXNUZNVEFLQ0ZaU3FFWEt3V3dYLURReWRuZjloSWdlM0VZU1V5d1RhU3p3ZkEtY1NlZw?oc=5\" target=\"_blank\" rel=\"nofollow noopener\">Ar sl\u0113p\u0113m rok\u0101s \u2013 uz tuv\u0101ko koncertu. Muzik\u0101lu notikumu pied\u0101v\u0101jums ned\u0113\u013cas izska\u0146ai \/ Raksts<\/a>&nbsp;&nbsp;LSM<\/li>\n<li><a href=\"https:\/\/news.google.com\/rss\/articles\/CBMipAFBVV95cUxQWlNJY2FWQXl2cGtLaDFOX05nemRYNlNkVUQ4VmlKWjVlcTRSdi1ITE1wWjlScWtKS2hITkM5ODZ1elQ5Y2NETWxKcE5qcEJqbF95UzdoWXhvdS1fbnp1WEkxNnlTXzhSb21nbjF0SkxoejllY0kyWXlsd2NZSG9LUC1NcEREVXhyNFRJbG53STE0N0VtWlAtOTQzYjhsa0ZxdlQ5NQ?oc=5\" target=\"_blank\" rel=\"nofollow noopener\">Koncerti un gr\u0101matas, kuras baud\u012bt \u0161om\u0113nes. Iesaka J\u0101nis \u017dilde<\/a>&nbsp;&nbsp;Santa.lv<\/li>\n<li><a href=\"https:\/\/news.google.com\/rss\/articles\/CBMilwFBVV95cUxPdU5MWXV4YXJZcEdSM29iZEg0QWZYWXI4Z1R0M0lBQ3JkUkJzZGdWR18wWFlMS1RKSGY4WjFUUml0QTFfQnV4OWU4YjR4MUxOUEFqNzF0WkF2a0xZTWVnLVJPdHJLTk0wNG5nd1dJVmZzTFVXWjhMbzRxcjBUYUtyejVQVzU5ZlR5YW5RZDBmdHpza2twVHlF?oc=5\" target=\"_blank\" rel=\"nofollow noopener\">TOP10 kult\u016bras notikumi no 10. l\u012bdz 16. janv\u0101rim<\/a>&nbsp;&nbsp;NRA<\/li>\n<li><a href=\"https:\/\/news.google.com\/rss\/articles\/CBMikwFBVV95cUxQeU5JQkNWNzhzTnJPMHlEQ0lrWTJhWGNIMW02YXBKdF85cWxRaWZZX29jbjQ0VnhGZzZSUDlpblA4TGNreFdTa2NZS2NpREZWRU1obDI3bjlwWlVHVnRrRFNtSXk4ZzRGQmVENFAyM1Vta2FWRTQ5MGxhVjR0SW56V25BT0NNdG1FejJuOURBenFaZDA?oc=5\" target=\"_blank\" rel=\"nofollow noopener\">6 kult\u016bras notikumi, kurus v\u0113rts piedz\u012bvot janv\u0101r\u012b<\/a>&nbsp;&nbsp;Santa.lv<\/li>\n<\/ol>\n","protected":false},"excerpt":{"rendered":"Ned\u0113\u013cas nogales m\u016bzikas baud\u012bjums: no \u0161l\u0101gera l\u012bdz jaunajai popm\u016bzikai Latvij\u0101&nbsp;&nbsp;Lente.lv Ar sl\u0113p\u0113m rok\u0101s \u2013 uz tuv\u0101ko koncertu. Muzik\u0101lu&hellip;\n","protected":false},"author":2,"featured_media":106865,"comment_status":"","ping_status":"","sticky":false,"template":"","format":"standard","meta":{"footnotes":""},"categories":[19],"tags":[89,90,2017,64,35,39,38,36,37,34,40,103,172],"class_list":{"0":"post-106864","1":"post","2":"type-post","3":"status-publish","4":"format-standard","5":"has-post-thumbnail","7":"category-izklaide","8":"tag-entertainment","9":"tag-izklaide","10":"tag-koncerti","11":"tag-kultura","12":"tag-latvia","13":"tag-latvian","14":"tag-latviesu","15":"tag-latviesu-valoda","16":"tag-latviesuvaloda","17":"tag-latvija","18":"tag-lv","19":"tag-muzika","20":"tag-riga"},"share_on_mastodon":{"url":"https:\/\/pubeurope.com\/@lv\/115909007972791669","error":""},"_links":{"self":[{"href":"https:\/\/www.europesays.com\/lv\/wp-json\/wp\/v2\/posts\/106864","targetHints":{"allow":["GET"]}}],"collection":[{"href":"https:\/\/www.europesays.com\/lv\/wp-json\/wp\/v2\/posts"}],"about":[{"href":"https:\/\/www.europesays.com\/lv\/wp-json\/wp\/v2\/types\/post"}],"author":[{"embeddable":true,"href":"https:\/\/www.europesays.com\/lv\/wp-json\/wp\/v2\/users\/2"}],"replies":[{"embeddable":true,"href":"https:\/\/www.europesays.com\/lv\/wp-json\/wp\/v2\/comments?post=106864"}],"version-history":[{"count":0,"href":"https:\/\/www.europesays.com\/lv\/wp-json\/wp\/v2\/posts\/106864\/revisions"}],"wp:featuredmedia":[{"embeddable":true,"href":"https:\/\/www.europesays.com\/lv\/wp-json\/wp\/v2\/media\/106865"}],"wp:attachment":[{"href":"https:\/\/www.europesays.com\/lv\/wp-json\/wp\/v2\/media?parent=106864"}],"wp:term":[{"taxonomy":"category","embeddable":true,"href":"https:\/\/www.europesays.com\/lv\/wp-json\/wp\/v2\/categories?post=106864"},{"taxonomy":"post_tag","embeddable":true,"href":"https:\/\/www.europesays.com\/lv\/wp-json\/wp\/v2\/tags?post=106864"}],"curies":[{"name":"wp","href":"https:\/\/api.w.org\/{rel}","templated":true}]}}