{"id":106874,"date":"2026-01-17T06:38:07","date_gmt":"2026-01-17T06:38:07","guid":{"rendered":"https:\/\/www.europesays.com\/lv\/106874\/"},"modified":"2026-01-17T06:38:07","modified_gmt":"2026-01-17T06:38:07","slug":"irana-protesti-rimst-putins-runa-ar-izraelas-un-iranas-lideriem-par-spriedzes-mazinasanu-lente-lv","status":"publish","type":"post","link":"https:\/\/www.europesays.com\/lv\/106874\/","title":{"rendered":"Ir\u0101n\u0101 protesti rimst; Putins run\u0101 ar Izra\u0113las un Ir\u0101nas l\u012bderiem par spriedzes mazin\u0101\u0161anu\u00a0\u2014\u00a0Lente.lv"},"content":{"rendered":"<p>Nemieru situ\u0101cija Ir\u0101n\u0101<\/p>\n<p>Zi\u0146as no Ir\u0101nas liecina, ka protesti valst\u012b turpina aps\u012bkt. Lai gan s\u0101kotn\u0113ji protesti izplat\u012bj\u0101s vis\u0101 valst\u012b, izrais\u012bti dzi\u013c\u0101s ekonomisk\u0101s kr\u012bzes un val\u016btas kursa krituma d\u0113\u013c, p\u0113d\u0113j\u0101s dien\u0101s nov\u0113rojama tendence tos mazin\u0101ties. K\u0101 inform\u0113 Latvijas Sabiedriskie Mediji, s\u0101kotn\u0113jos protestos, kas s\u0101k\u0101s decembra beig\u0101s, piedal\u012bj\u0101s tirgot\u0101ji, ta\u010du dr\u012bz vien tie p\u0101rauga pla\u0161\u0101kos nemieros pret Ir\u0101nas vad\u012bbu.<\/p>\n<p>Krievijas centieni deeskal\u0101cijai<\/p>\n<p>Tiek zi\u0146ots, ka Krievijas prezidents Vladimirs Putins akt\u012bvi iesaist\u0101s, lai mazin\u0101tu spriedzi Tuvajos Austrumos. P\u0113c Krem\u013ca preses sekret\u0101ra Dmitrija Peskova teikt\u0101, Putins pieliek savus p\u016bli\u0146us \u0161\u012b m\u0113r\u0137a sasnieg\u0161anai. \u0160is pazi\u0146ojums sekoja p\u0113c Putina telefonsarun\u0101m ar Izra\u0113las premjerministru Benjaminu Netanjahu un Ir\u0101nas prezidentu Masudu Peze\u0161ki\u0101nu, kas notika piektdien. Lai gan sarunu deta\u013cas netiek atkl\u0101tas, t\u0101s tiek saist\u012btas ar centieniem nov\u0113rst t\u0101l\u0101ku konflikta eskal\u0101ciju re\u0123ion\u0101.<\/p>\n<p>Protestu apm\u0113rs un sekas<\/p>\n<p>Lai gan protesti Ir\u0101n\u0101 mazin\u0101s, iepriek\u0161\u0113jo ned\u0113\u013cu nemieros tiek zi\u0146ots par iev\u0113rojamu upuru skaitu. Cilv\u0113kties\u012bbu organiz\u0101cijas nor\u0101da, ka protestu laik\u0101 nogalin\u0101ts vismaz 2571 cilv\u0113ks, bet v\u0113l apm\u0113ram 10 000 aiztur\u0113ti. Citi avoti min vismaz 544 nogalin\u0101tos un vair\u0101k nek\u0101 10 000 aiztur\u0113tos protest\u0113t\u0101jus un dro\u0161\u012bbas sp\u0113ku p\u0101rst\u0101vjus. Ir\u0101nas \u0101rlietu ministrija noliedz \u0161os skait\u013cus, nor\u0101dot, ka boj\u0101g\u0101ju\u0161o skaits m\u0113r\u0101ms simtos..<\/p>\n<p>Starptautisk\u0101 reakcija un diplom\u0101tiskie centieni<\/p>\n<p>Situ\u0101cija Ir\u0101n\u0101 ir izrais\u012bjusi pla\u0161u starptautisku reakciju. Amerikas Savienot\u0101s Valstis ir paudu\u0161as ba\u017eas par notieko\u0161o un nav izsl\u0113gu\u0161as milit\u0101ras darb\u012bbas iesp\u0113jam\u012bbu, lai gan pagaid\u0101m t\u0101s nogaida. Da\u017eas Persijas l\u012b\u010da valstis, tostarp Sa\u016bda Ar\u0101bija un Katara, ir veiku\u0161as diplom\u0101tiskus centienus, lai mazin\u0101tu spriedzi un nov\u0113rstu milit\u0101ru konfliktu starp ASV un Ir\u0101nu. \u0160ie centieni ietv\u0113ra sarunas ar ASV prezidentu Donaldu Trampu, mudinot vi\u0146u dot Ir\u0101nai iesp\u0113ju par\u0101d\u012bt labus nodomus.<\/p>\n","protected":false},"excerpt":{"rendered":"Nemieru situ\u0101cija Ir\u0101n\u0101 Zi\u0146as no Ir\u0101nas liecina, ka protesti valst\u012b turpina aps\u012bkt. Lai gan s\u0101kotn\u0113ji protesti izplat\u012bj\u0101s vis\u0101&hellip;\n","protected":false},"author":2,"featured_media":106875,"comment_status":"","ping_status":"","sticky":false,"template":"","format":"standard","meta":{"footnotes":""},"categories":[14],"tags":[23,57,28,29,3464,32,33,22,2562,30,31,35,39,38,36,37,34,40,20,26,27,4204,3143,24,25,2259,54,55,56,21,58],"class_list":{"0":"post-106874","1":"post","2":"type-post","3":"status-publish","4":"format-standard","5":"has-post-thumbnail","7":"category-zinas-no-arvalstim","8":"tag-aktualitates","9":"tag-arvalstim","10":"tag-breaking-news","11":"tag-breakingnews","12":"tag-diplomatija","13":"tag-featured-news","14":"tag-featurednews","15":"tag-headlines","16":"tag-irana","17":"tag-latest-news","18":"tag-latestnews","19":"tag-latvia","20":"tag-latvian","21":"tag-latviesu","22":"tag-latviesu-valoda","23":"tag-latviesuvaloda","24":"tag-latvija","25":"tag-lv","26":"tag-news","27":"tag-popularakas-zinas","28":"tag-popularakaszinas","29":"tag-protesti","30":"tag-putins","31":"tag-top-stories","32":"tag-topstories","33":"tag-tuvie-austrumi","34":"tag-world","35":"tag-world-news","36":"tag-worldnews","37":"tag-zinas","38":"tag-zinas-no-arvalstim"},"share_on_mastodon":{"url":"https:\/\/pubeurope.com\/@lv\/115909066962811699","error":""},"_links":{"self":[{"href":"https:\/\/www.europesays.com\/lv\/wp-json\/wp\/v2\/posts\/106874","targetHints":{"allow":["GET"]}}],"collection":[{"href":"https:\/\/www.europesays.com\/lv\/wp-json\/wp\/v2\/posts"}],"about":[{"href":"https:\/\/www.europesays.com\/lv\/wp-json\/wp\/v2\/types\/post"}],"author":[{"embeddable":true,"href":"https:\/\/www.europesays.com\/lv\/wp-json\/wp\/v2\/users\/2"}],"replies":[{"embeddable":true,"href":"https:\/\/www.europesays.com\/lv\/wp-json\/wp\/v2\/comments?post=106874"}],"version-history":[{"count":0,"href":"https:\/\/www.europesays.com\/lv\/wp-json\/wp\/v2\/posts\/106874\/revisions"}],"wp:featuredmedia":[{"embeddable":true,"href":"https:\/\/www.europesays.com\/lv\/wp-json\/wp\/v2\/media\/106875"}],"wp:attachment":[{"href":"https:\/\/www.europesays.com\/lv\/wp-json\/wp\/v2\/media?parent=106874"}],"wp:term":[{"taxonomy":"category","embeddable":true,"href":"https:\/\/www.europesays.com\/lv\/wp-json\/wp\/v2\/categories?post=106874"},{"taxonomy":"post_tag","embeddable":true,"href":"https:\/\/www.europesays.com\/lv\/wp-json\/wp\/v2\/tags?post=106874"}],"curies":[{"name":"wp","href":"https:\/\/api.w.org\/{rel}","templated":true}]}}