{"id":106876,"date":"2026-01-17T06:39:06","date_gmt":"2026-01-17T06:39:06","guid":{"rendered":"https:\/\/www.europesays.com\/lv\/106876\/"},"modified":"2026-01-17T06:39:06","modified_gmt":"2026-01-17T06:39:06","slug":"par-talsu-novada-pasvaldibas-izpilddirektori-iecelta-marika-grohjacka-lente-lv","status":"publish","type":"post","link":"https:\/\/www.europesays.com\/lv\/106876\/","title":{"rendered":"Par Talsu novada pa\u0161vald\u012bbas izpilddirektori iecelta Marika Grohjacka\u00a0\u2014\u00a0Lente.lv"},"content":{"rendered":"<p>Marika Grohjacka iecelta Talsu novada pa\u0161vald\u012bbas izpilddirektora amat\u0101<\/p>\n<p>Talsu novada pa\u0161vald\u012bbas domes \u0101rk\u0101rtas s\u0113d\u0113 2026. gada 15. janv\u0101r\u012b par jauno izpilddirektori tika iecelta Marika Grohjacka. Vi\u0146as kandidat\u016bru atbalst\u012bja 11 no kl\u0101teso\u0161ajiem domes deput\u0101tiem. K\u0101 inform\u0113 port\u0101ls jauns.lv, Grohjacka darbu jaunaj\u0101 amat\u0101 s\u0101ks 2. febru\u0101r\u012b.<\/p>\n<p>Grohjacka l\u012bdz \u0161im ir vad\u012bjusi Valdem\u0101rpils apvien\u012bbas p\u0101rvaldi, kas ietver Valdem\u0101rpils pils\u0113tu un \u0100rlavas, \u012aves, Laidzes, Lubes un Vandzenes pagastus. Iepriek\u0161\u0113j\u0101 pieredze ietver darbu ar\u012b k\u0101 Vandzenes un Laidzes pagastu p\u0101rval\u017eu vad\u012bt\u0101jai, k\u0101 ar\u012b M\u0113rsraga pagasta p\u0101rvaldes vad\u012bt\u0101ja pien\u0101kumu izpild\u012bt\u0101jai. Papildus tam vi\u0146a ir ie\u0146\u0113musi vad\u012bt\u0101jas vietnieces amatu Talsu novada Soci\u0101laj\u0101 dienest\u0101.<\/p>\n<p>Konkurss un izvirz\u012b\u0161ana jaunajam amatam<\/p>\n<p>Konkurss uz Talsu novada pa\u0161vald\u012bbas izpilddirektora amatu tika izsludin\u0101ts 2025. gada 4. decembr\u012b. Tas tika dar\u012bts p\u0113c tam, kad iepriek\u0161\u0113jais izpilddirektors Agris Rozenfelds pie\u0146\u0113ma jaunus profesion\u0101los izaicin\u0101jumus, k\u013c\u016bstot par Ventspils novada pa\u0161vald\u012bbas izpilddirektoru. Konkursa komisija, izv\u0113rt\u0113jot kandid\u0101tu pieredzi un redz\u0113jumu par novada att\u012bst\u012bbu, ieteica Mariku Grohjacku iecel\u0161anai \u0161aj\u0101 amat\u0101.<\/p>\n<p>Izpilddirektora loma pa\u0161vald\u012bb\u0101<\/p>\n<p>Izpilddirektora amats tiek uzskat\u012bts par vienu no atbild\u012bg\u0101kajiem pa\u0161vald\u012bbas strukt\u016br\u0101. \u0160\u012b amata persona nodro\u0161ina pa\u0161vald\u012bbas iest\u0101\u017eu darba nep\u0101rtraukt\u012bbu, koordin\u0113 bud\u017eeta izpildi un p\u0101rrauga domes pie\u0146emto l\u0113mumu praktisko \u012bsteno\u0161anu vis\u0101 novada teritorij\u0101. Amata pilnvaru termi\u0146\u0161 ir pieci gadi.<\/p>\n<p>Iepriek\u0161\u0113j\u0101 pieredze un n\u0101kotnes izaicin\u0101jumi<\/p>\n<p>Marikas Grohjackas iepriek\u0161\u0113j\u0101 darba pieredze Valdem\u0101rpils apvien\u012bbas p\u0101rvald\u0113, k\u0101 ar\u012b cit\u0101s pagastu p\u0101rvald\u0113s un soci\u0101laj\u0101 dienest\u0101, liecina par pla\u0161u izpratni par pa\u0161vald\u012bbas darba specifiku un vad\u012bbas jaut\u0101jumiem. \u0160ie pien\u0101kumi prasa sp\u0113ju efekt\u012bvi organiz\u0113t darbu, vad\u012bt kolekt\u012bvu un nodro\u0161in\u0101t pa\u0161vald\u012bbas funkciju nep\u0101rtraukt\u012bbu.<\/p>\n<p>Paredzams, ka jaun\u0101 izpilddirektore akt\u012bvi darbosies, lai nodro\u0161in\u0101tu Talsu novada att\u012bst\u012bbu un sekm\u012bgu pa\u0161vald\u012bbas funkciju izpildi.<\/p>\n<p>Talsu novada pa\u0161vald\u012bbas izpilddirektora amats ir svar\u012bgs, lai nodro\u0161in\u0101tu efekt\u012bvu pa\u0161vald\u012bbas darbu un t\u0101s iest\u0101\u017eu funkcion\u0113\u0161anu. \u0160is l\u0113mums tika pie\u0146emts, lai nov\u0113rstu iesp\u0113jamos administrat\u012bvos riskus un nodro\u0161in\u0101tu administr\u0101cijas nep\u0101rtrauktu darb\u012bbu.<\/p>\n","protected":false},"excerpt":{"rendered":"Marika Grohjacka iecelta Talsu novada pa\u0161vald\u012bbas izpilddirektora amat\u0101 Talsu novada pa\u0161vald\u012bbas domes \u0101rk\u0101rtas s\u0113d\u0113 2026. gada 15. janv\u0101r\u012b&hellip;\n","protected":false},"author":2,"featured_media":106877,"comment_status":"","ping_status":"","sticky":false,"template":"","format":"standard","meta":{"footnotes":""},"categories":[12],"tags":[23,28,29,32,33,22,11365,30,31,35,39,38,36,37,34,40,25513,20,794,14360,26,27,16497,24,25,21],"class_list":{"0":"post-106876","1":"post","2":"type-post","3":"status-publish","4":"format-standard","5":"has-post-thumbnail","7":"category-latvija","8":"tag-aktualitates","9":"tag-breaking-news","10":"tag-breakingnews","11":"tag-featured-news","12":"tag-featurednews","13":"tag-headlines","14":"tag-izpilddirektore","15":"tag-latest-news","16":"tag-latestnews","17":"tag-latvia","18":"tag-latvian","19":"tag-latviesu","20":"tag-latviesu-valoda","21":"tag-latviesuvaloda","22":"tag-latvija","23":"tag-lv","24":"tag-marika-grohjacka","25":"tag-news","26":"tag-pasvaldiba","27":"tag-pasvaldibas-vadiba","28":"tag-popularakas-zinas","29":"tag-popularakaszinas","30":"tag-talsu-novads","31":"tag-top-stories","32":"tag-topstories","33":"tag-zinas"},"share_on_mastodon":{"url":"https:\/\/pubeurope.com\/@lv\/115909070886662281","error":""},"_links":{"self":[{"href":"https:\/\/www.europesays.com\/lv\/wp-json\/wp\/v2\/posts\/106876","targetHints":{"allow":["GET"]}}],"collection":[{"href":"https:\/\/www.europesays.com\/lv\/wp-json\/wp\/v2\/posts"}],"about":[{"href":"https:\/\/www.europesays.com\/lv\/wp-json\/wp\/v2\/types\/post"}],"author":[{"embeddable":true,"href":"https:\/\/www.europesays.com\/lv\/wp-json\/wp\/v2\/users\/2"}],"replies":[{"embeddable":true,"href":"https:\/\/www.europesays.com\/lv\/wp-json\/wp\/v2\/comments?post=106876"}],"version-history":[{"count":0,"href":"https:\/\/www.europesays.com\/lv\/wp-json\/wp\/v2\/posts\/106876\/revisions"}],"wp:featuredmedia":[{"embeddable":true,"href":"https:\/\/www.europesays.com\/lv\/wp-json\/wp\/v2\/media\/106877"}],"wp:attachment":[{"href":"https:\/\/www.europesays.com\/lv\/wp-json\/wp\/v2\/media?parent=106876"}],"wp:term":[{"taxonomy":"category","embeddable":true,"href":"https:\/\/www.europesays.com\/lv\/wp-json\/wp\/v2\/categories?post=106876"},{"taxonomy":"post_tag","embeddable":true,"href":"https:\/\/www.europesays.com\/lv\/wp-json\/wp\/v2\/tags?post=106876"}],"curies":[{"name":"wp","href":"https:\/\/api.w.org\/{rel}","templated":true}]}}