{"id":106881,"date":"2026-01-17T06:46:09","date_gmt":"2026-01-17T06:46:09","guid":{"rendered":"https:\/\/www.europesays.com\/lv\/106881\/"},"modified":"2026-01-17T06:46:09","modified_gmt":"2026-01-17T06:46:09","slug":"pildegovics-ukraini-nepadodas-pat-bargakaja-ziema","status":"publish","type":"post","link":"https:\/\/www.europesays.com\/lv\/106881\/","title":{"rendered":"Pildegovi\u010ds: Ukrai\u0146i nepadodas pat barg\u0101kaj\u0101 ziem\u0101"},"content":{"rendered":"<p class=\"descr\">Situ\u0101cija Kijiv\u0101 ir briesm\u012bga. To intervij\u0101 \u201cNeatkar\u012bgajai\u201d atz\u012bst Latvijas v\u0113stnieks Ukrain\u0101 Andrejs Pildegovi\u010ds. Okupantu nemit\u012bgajiem uzbrukumiem ar ra\u0137et\u0113m un droniem pievienojusies p\u0113d\u0113jo gadu barg\u0101k\u0101 ziema. Ja neveicas front\u0113, tad j\u0101izn\u012bcina civilie neaizsarg\u0101tie objekti \u2013 Krievija ir nol\u0113musi sagraut Ukrainas ener\u0123\u0113tikas infrastrukt\u016bru.<\/p>\n<p>K\u0101 cilv\u0113ki tiek gal\u0101 ar svelo\u0161o salu, ar elektr\u012bbas un \u016bdens tr\u016bkumu? <\/p>\n<p>\u0160is ir viens no gr\u016bt\u0101kajiem posmiem kop\u0161 kara s\u0101kuma. Kara ceturt\u0101 gada izska\u0146\u0101 \u0161\u012b ir visbarg\u0101k\u0101 ziema. P\u0113d\u0113j\u0101s desmit dienas nakt\u012bs ir ap m\u012bnus 15 gr\u0101diem, piepils\u0113t\u0101s pat l\u012bdz m\u012bnus 20 gr\u0101diem. Pa dienu temperat\u016bra ir l\u012bdz m\u012bnus 12-15 gr\u0101diem. Laika prognoze turpm\u0101kaj\u0101m desmit dien\u0101m ir l\u012bdz\u012bga. <\/p>\n<p>Krievu ra\u0137e\u0161u un dronu uzbrukumos ir smagi cietu\u0161as divas Ukrainas liel\u0101k\u0101s sp\u0113kstacijas &#8211; TEC5 un TEC6. T\u0101s vairs nera\u017eo elektr\u012bbu, divreiz samazin\u0101ta siltuma ra\u017eo\u0161ana. Kijiv\u0101 izsludin\u0101ta ener\u0123\u0113tisk\u0101 kr\u012bze. Ukrainas centr\u0101l\u0101, austrumu un zieme\u013cu da\u013ca dz\u012bvo ar ierobe\u017eotu elektr\u012bbas padevi &#8211; es run\u0101ju par lielaj\u0101m pils\u0113t\u0101m, kur\u0101m ir visgr\u016bt\u0101k. Ir vietas, kur\u0101s diennakt\u012b pat 16 stundas nav elektr\u012bbas. Tre\u0161da\u013ca Kijivas dz\u012bvo ar lieliem ierobe\u017eojumiem. Daudzviet nav \u016bdens padeves. <\/p>\n<p>Un tom\u0113r pils\u0113ta dz\u012bvo, funkcion\u0113, transports iet, tom\u0113r vair\u0101k\u0101s pils\u0113t\u0101s &#8211; Bu\u010d\u0101, Irpi\u0146\u0101 un citur &#8211; elektr\u012bbas ir \u013coti maz. Veikali ir va\u013c\u0101, tom\u0113r piem\u0113rojas elektr\u012bbas padevei. Skolas da\u013c\u0113ji p\u0101rg\u0101ju\u0161as uz att\u0101lin\u0101to apm\u0101c\u012bbu. Priorit\u0101te ir slimn\u012bc\u0101m un b\u0113rnu iest\u0101d\u0113m. Daudz\u0101s valsts iest\u0101d\u0113s temperat\u016bra ir l\u012bdz plus 13 gr\u0101diem. T\u0101d\u0101 re\u017e\u012bm\u0101 dz\u012bvo ar\u012b \u013coti daudzi Kijivas iedz\u012bvot\u0101ji. Visskarb\u0101k ir lielpils\u0113t\u0101s, kur nav iesp\u0113jams izmantot kr\u0101sni\u0146as. <\/p>\n<p>Vai ir gad\u012bjumi, kad cilv\u0113ki pamet dz\u012bvok\u013cus un dodas kaut kur uz lauku apvidiem? <\/p>\n<p><a href=\"https:\/\/nra.lv\/birka\/kijiva\/\" target=\"_blank\" rel=\"noopener nofollow\">Kijivas<\/a> m\u0113rs Kli\u010dko pirms da\u017e\u0101m dien\u0101m aicin\u0101ja: ja k\u0101dam ir iesp\u0113ja p\u0101rziemot vasarn\u012bc\u0101s, pie radiem vai draugiem, tad \u0161\u012b iesp\u0113ja j\u0101izmanto. M\u016bsu v\u0113stniec\u012bb\u0101 ir da\u017ei l\u012bgumdarbinieki, kuri st\u0101sta, k\u0101 izpau\u017eas solidarit\u0101te: ja ir siltuma \u0123eneratori un iesp\u0113ja uz\u0146emt pa nakti kaimi\u0146us, tad vi\u0146i tiek aicin\u0101to dar\u012bt. Da\u017e\u0101s v\u0113stniec\u012bb\u0101s tiem darbiniekiem, kuriem dz\u012bvok\u013cos nav apkures un elektr\u012bbas, \u013cauj izmantot v\u0113stniec\u012bbas telpas nak\u0161\u0146o\u0161anai. T\u0101ds spelgonis ir b\u012bstams cilv\u0113ka dz\u012bv\u012bbai. <\/p>\n<p>Un veikali? Tur ta\u010du ir kases apar\u0101ti, kam nepiecie\u0161ama elektr\u012bba.  <\/p>\n<p>Ir veikali, kas dod priek\u0161roku skaidr\u0101s naudas nor\u0113\u0137iniem, ir veikali, kas pied\u0101v\u0101 \u201csl\u012bdo\u0161os\u201d darba laikus &#8211; atkar\u012bb\u0101 no elektr\u012bbas padeves. \u201cPiem\u0113rojas\u201d ar\u012b komandantstunda: agr\u0101k bija stingras dro\u0161\u012bbas pras\u012bbas &#8211; no pusnakts l\u012bdz pieciem no r\u012bta nedr\u012bkst\u0113ja atrasties uz ielas. Tagad normat\u012bvi tiek p\u0101rskat\u012bti, lai visiem dienestiem pal\u012bdz\u0113tu str\u0101d\u0101t visu diennakti. <\/p>\n<p>Ir ta\u010du daudz sirmgalvju, kuri nevar par sevi par\u016bp\u0113ties.  <\/p>\n<p>Milz\u012bga probl\u0113ma ir augstceltn\u0113s. Pie mums 12 l\u012bdz 16 st\u0101vu \u0113kas tiek uzskat\u012btas par augstceltn\u0113m, bet Kijiv\u0101 ir 24 un pat 30 st\u0101vu \u0113kas. Lifts nedarbojas, un t\u0101 ir liela probl\u0113ma gan sirmgalvjiem, gan cilv\u0113kiem ar \u012bpa\u0161\u0101m vajadz\u012bb\u0101m, gan tiem, kuriem pieder su\u0146i un ka\u0137i. <\/p>\n<p>P\u0101rtikas pieg\u0101des \u0161\u0101dos gad\u012bjumos ir \u013coti sare\u017e\u0123\u012btas, ar to akt\u012bvi str\u0101d\u0101 pa\u0161vald\u012bbas. Ir izveidoti notur\u012bbas centri, kuros skol\u0113ni un studenti pal\u012bdz sirmgalvjiem atnest p\u0101rtiku. P\u0101rtikas daudzums Kijiv\u0101 ir pietiekams. <\/p>\n<p>Protams, kav\u0113 vilcieni. Ar\u012b m\u016bsu Saeimas deleg\u0101cija ierad\u0101s tr\u012bs stundas v\u0113l\u0101k. Tagad t\u0101ds jaunums: ar droniem tiek uzbrukts ar\u012b dzelzce\u013ca l\u012bnij\u0101m, vilcienu infrastrukt\u016brai. <\/p>\n<p>No sirds nov\u0113lu briesm\u012bgas beigas tiem, kuri realiz\u0113 \u0161os noziegumus. <\/p>\n<p>Dieva sod\u012bbai j\u0101n\u0101k, ir j\u0101b\u016bt tribun\u0101la sodam, tas ir genoc\u012bds, noziegums pret cilv\u0113ci. Apzin\u0101ti, m\u0113r\u0137tiec\u012bgi uzbrukumi ar ra\u0137et\u0113m pa civilajiem objektiem, pat sp\u0113kstacij\u0101m\u2026 Es pat nezinu, ar ko to visu var sal\u012bdzin\u0101t. Varb\u016bt ar nacistisk\u0101s V\u0101cijas aplenkumu \u013be\u0146ingradai. <\/p>\n<p>V\u0101cu nacisti var\u0113tu pam\u0101c\u012bties no Krievijas noziedzniekiem.  <\/p>\n<p>Tas, ko dara Krievija, ir 21. gadsimta liel\u0101kais noziegums Eirop\u0101. Ir tr\u012bs svar\u012bgas lietas. Esmu pateic\u012bgs katram Latvijas iedz\u012bvot\u0101jam, kur\u0161 pal\u012bdz Ukrainai &#8211; iero\u010di, ener\u0123\u0113tika un atbalsts ukrai\u0146u b\u0113rniem. Svar\u012bgi ir b\u0113rni, kuri j\u0101reabilit\u0113 psiholo\u0123iski. Krievi redz, ka vi\u0146iem nesan\u0101k uzvar\u0113t ukrai\u0146us front\u0113, t\u0101p\u0113c vi\u0146i \u0137\u0113ru\u0161ies pie ener\u0123\u0113tikas, un n\u0101kam\u0101s ned\u0113\u013cas b\u016bs \u013coti kritiskas. Kam\u0113r gaisa temperat\u016bra nesasniegs 0, plus piecus gr\u0101dus, tikm\u0113r b\u016bs \u013coti gr\u016bti remont\u0113t ener\u0123\u0113tikas aparat\u016bru. T\u0101pat k\u0101 ir Eiropas Ram\u0161taina, t\u0101pat ir vajadz\u012bga ener\u0123\u0113tikas Ram\u0161taina. <\/p>\n<p>Vai var just, ka Eiropa iesaist\u012btos \u0161\u012bs situ\u0101cijas risin\u0101\u0161an\u0101? <\/p>\n<p>Labi vismaz, ka pie\u0146emts l\u0113mums par 90 miljardiem eiro: Eiropas Komisijas prezidente Urzula fon der Leiena tre\u0161dien iepaz\u012bstin\u0101jusi ar Eiropas Savien\u012bbas pl\u0101nu n\u0101kamo divu gadu laik\u0101 atbalst\u012bt Ukrainu ar 90 miljardiem eiro, paredzot 60 miljardus eiro milit\u0101rajam atbalstam. Ir j\u0101izlemj, ko dar\u012bt ar Krieviju \u0161aj\u0101 kr\u012bz\u0113. <\/p>\n<p>K\u0101di ir varianti?  <\/p>\n<p>Milit\u0101rais risin\u0101jums &#8211; tas ir viens, otrs &#8211; viss, kas saist\u012bts ar sankcij\u0101m, c\u012b\u0146a ar \u201c\u0113nu floti\u201d. P\u0113d\u0113jo ned\u0113\u013cu laik\u0101 vair\u0101ki \u201c\u0113nu flotes\u201d ku\u0123i ir aiztur\u0113ti. Nedr\u012bkst dom\u0101t, ka tam visam nav noz\u012bmes. Ukrai\u0146i apgalvo, ka da\u013ca no sankcij\u0101m nav efekt\u012bvas. Krievija izmanto spraugas, maina ku\u0123u karogus un komp\u0101niju nosaukumus. <\/p>\n<p>Un k\u0101 jums pa\u0161iem &#8211; v\u0113stniec\u012bbas darbiniekiem? Auksti? <\/p>\n<p>Da\u017eas dienas jau esam pavad\u012bju\u0161i plus 14 gr\u0101du temperat\u016br\u0101, bija gad\u012bjumi, kad izbeidz\u0101s \u016bdens apg\u0101de. Pils\u0113tas elektr\u012bba paz\u016bd uz vair\u0101k\u0101m stund\u0101m un vair\u0101kas reizes diennakt\u012b, izmantojam \u0123eneratorus. Latvija ir daudz devusi \u0123eneratorus, to rezerves da\u013cas. Viss ir vajadz\u012bgs gan mikrol\u012bmen\u012b, gan industri\u0101l\u0101 l\u012bmen\u012b. Padoties aizliegts! Un ukrai\u0146i netais\u0101s padoties. <\/p>\n<p>\t\t\t\t\t\tinfo<\/p>\n<p>Uzzini pirmais<br \/>kas interesants noticis Latvij\u0101 un pasaul\u0113,<br \/>pievienojoties mums <a href=\"https:\/\/t.me\/neatkariga\" rel=\"nofollow\">Telegram<\/a> vai <a href=\"https:\/\/whatsapp.com\/channel\/0029VaMLFUH5K3zLU5s4wm3y\" rel=\"nofollow noopener\" target=\"_blank\">Whatsapp<\/a> kan\u0101l\u0101<\/p>\n","protected":false},"excerpt":{"rendered":"Situ\u0101cija Kijiv\u0101 ir briesm\u012bga. To intervij\u0101 \u201cNeatkar\u012bgajai\u201d atz\u012bst Latvijas v\u0113stnieks Ukrain\u0101 Andrejs Pildegovi\u010ds. Okupantu nemit\u012bgajiem uzbrukumiem ar ra\u0137et\u0113m&hellip;\n","protected":false},"author":2,"featured_media":106882,"comment_status":"","ping_status":"","sticky":false,"template":"","format":"standard","meta":{"footnotes":""},"categories":[5],"tags":[23,28,29,32,33,22,30,31,35,39,38,36,37,34,40,20,26,27,24,25,21],"class_list":{"0":"post-106881","1":"post","2":"type-post","3":"status-publish","4":"format-standard","5":"has-post-thumbnail","7":"category-aktualitates","8":"tag-aktualitates","9":"tag-breaking-news","10":"tag-breakingnews","11":"tag-featured-news","12":"tag-featurednews","13":"tag-headlines","14":"tag-latest-news","15":"tag-latestnews","16":"tag-latvia","17":"tag-latvian","18":"tag-latviesu","19":"tag-latviesu-valoda","20":"tag-latviesuvaloda","21":"tag-latvija","22":"tag-lv","23":"tag-news","24":"tag-popularakas-zinas","25":"tag-popularakaszinas","26":"tag-top-stories","27":"tag-topstories","28":"tag-zinas"},"share_on_mastodon":{"url":"https:\/\/pubeurope.com\/@lv\/115909098355144321","error":""},"_links":{"self":[{"href":"https:\/\/www.europesays.com\/lv\/wp-json\/wp\/v2\/posts\/106881","targetHints":{"allow":["GET"]}}],"collection":[{"href":"https:\/\/www.europesays.com\/lv\/wp-json\/wp\/v2\/posts"}],"about":[{"href":"https:\/\/www.europesays.com\/lv\/wp-json\/wp\/v2\/types\/post"}],"author":[{"embeddable":true,"href":"https:\/\/www.europesays.com\/lv\/wp-json\/wp\/v2\/users\/2"}],"replies":[{"embeddable":true,"href":"https:\/\/www.europesays.com\/lv\/wp-json\/wp\/v2\/comments?post=106881"}],"version-history":[{"count":0,"href":"https:\/\/www.europesays.com\/lv\/wp-json\/wp\/v2\/posts\/106881\/revisions"}],"wp:featuredmedia":[{"embeddable":true,"href":"https:\/\/www.europesays.com\/lv\/wp-json\/wp\/v2\/media\/106882"}],"wp:attachment":[{"href":"https:\/\/www.europesays.com\/lv\/wp-json\/wp\/v2\/media?parent=106881"}],"wp:term":[{"taxonomy":"category","embeddable":true,"href":"https:\/\/www.europesays.com\/lv\/wp-json\/wp\/v2\/categories?post=106881"},{"taxonomy":"post_tag","embeddable":true,"href":"https:\/\/www.europesays.com\/lv\/wp-json\/wp\/v2\/tags?post=106881"}],"curies":[{"name":"wp","href":"https:\/\/api.w.org\/{rel}","templated":true}]}}