{"id":106884,"date":"2026-01-17T06:51:10","date_gmt":"2026-01-17T06:51:10","guid":{"rendered":"https:\/\/www.europesays.com\/lv\/106884\/"},"modified":"2026-01-17T06:51:10","modified_gmt":"2026-01-17T06:51:10","slug":"reta-operacija-stradina-slimnica-caur-galvaskausu-izopere-audzeju-acs-dobuma-raksts","status":"publish","type":"post","link":"https:\/\/www.europesays.com\/lv\/106884\/","title":{"rendered":"Ret\u0101 oper\u0101cij\u0101 Stradi\u0146a slimn\u012bc\u0101 caur galvaskausu izoper\u0113 audz\u0113ju acs dobum\u0101 \/ Raksts"},"content":{"rendered":"<p>Paula Stradi\u0146a Kl\u012bnisk\u0101s univerist\u0101tes slimn\u012bcas (PSKUS)\u00a0Neiro\u0137irur\u0123ijas kl\u012bnik\u0101 izdevusies \u013coti reta oper\u0101cija. Pacientam izoper\u0113ts kalcin\u0113ts veidojums, kas atrad\u0101s acs dobum\u0101 tie\u0161i aiz acs \u0101bola. V\u012brietis ilgsto\u0161i s\u016bdz\u0113j\u0101s par redzes dubulto\u0161anos un s\u0101p\u0113m, ta\u010du sa\u0146\u0113ma oper\u0101cijas atteikumu pat \u0101rzem\u0113s. Stradi\u0146u neiro\u0137irurgi oper\u0101ciju veica caur galvaskausu un jau tre\u0161aj\u0101 dien\u0101 p\u0113c oper\u0101cijas pacients dev\u0101s uz m\u0101j\u0101m Valmier\u0101.\u00a0<\/p>\n<p>Kaspars Krams atkal var vad\u012bt auto. Vi\u0146am nes\u0101p, nedubultojas ce\u013c\u0161. Ta\u010du p\u0113d\u0113jos gadus audz\u0113js ac\u012b dz\u012bvi dar\u012bja nepanesamu.\u00a0<\/p>\n<p>&#8220;Atsaka lab\u0101 roka, atsaka kreis\u0101 roka. Medi\u0137i saka \u2013 nevaram pal\u012bdz\u0113t.\u00a0Ir biju\u0161i r\u012bti, kad es nesapratu, kur atrodos.\u00a0<\/p>\n<blockquote>\n<p>Tas audz\u0113js spieda uz nervu un dar\u012bja savu. Bija p\u0101r\u0101ks par mani.\u00a0<\/p>\n<\/blockquote>\n<p>K\u0101 ma\u0161\u012bnai vad\u012bbas bloks,&#8221; pieredzi, par\u0101doties lab\u0101s acs dobuma audz\u0113jam, atmin\u0113j\u0101s\u00a0pacients\u00a0Kaspars Krams.\u00a0<\/p>\n<p>Vair\u0101ki medi\u0137i, tostarp \u0101rzem\u0113s, atteica oper\u0101ciju tie\u0161i audz\u0113ja atra\u0161an\u0101s vietas d\u0113\u013c.\u00a0<\/p>\n<blockquote>\n<p>Bija bail, ka oper\u0101cijas laik\u0101 var nodar\u012bt v\u0113l liel\u0101ku \u013caunumu.<\/p>\n<\/blockquote>\n<p>&#8220;T\u0101 k\u0101 mans uzv\u0101rds ir Krams, es g\u0101ju uz priek\u0161u un atradu to risin\u0101jumu. Es priec\u0101jos, ka Latvijas jaunie \u0101rsti mekl\u0113 risin\u0101jumus. Un vi\u0146iem izdodas,&#8221; piebilda oper\u0101ciju p\u0101rcietu\u0161ais v\u012brietis.\u00a0<\/p>\n<p>Oper\u0101ciju uz\u0146\u0113m\u0101s\u00a0Stradi\u0146a slimn\u012bcas medi\u0137u komanda. Neiro\u0137irur\u0123e J\u016blija Dolgopolova nenobij\u0101s un pied\u0101v\u0101ja oper\u0113t. Kaspars piekrita uzreiz.<\/p>\n<p>&#8220;Izaicin\u0101jums bija liels. Tas bija labdab\u012bgs audz\u0113js, kas atrad\u0101s ne acs \u0101bol\u0101, ne smadzen\u0113s, bet tie\u0161i acs dobum\u0101, kur atrodas ar\u012b redzes nervs.\u00a0Baid\u012bjos, es baid\u012bjos vi\u0146am nodar\u012bt v\u0113l vair\u0101k p\u0101ri, bet k\u0101dam bija j\u0101uz\u0146emas,&#8221; pauda Dolgopolova.\u00a0<\/p>\n<p><img decoding=\"async\" src=\"https:\/\/www.europesays.com\/lv\/wp-content\/uploads\/2026\/01\/sh89.jpg\" alt=\"Pirms oper\u0101cijas\"\/><\/p>\n<p>Pirms oper\u0101cijas<\/p>\n<\/p>\n<p>&#8220;Izdom\u0101j\u0101m, ka piek\u013c\u016bt var caur galvaskausu, smadzenes palika aiz apvalka. Uztais\u012bj\u0101m viena centimetra caurumu acs dobumu sien\u0101 un iz\u0146\u0113m\u0101m to audz\u0113ju. Un j\u0101teic, ka tas bija krietni liel\u0101ks par to atveri,&#8221; st\u0101st\u012bja neiro\u0137irur\u0123e.\u00a0<\/p>\n<p>Ar\u012b asistentam ir liela loma gan oper\u0101cijas pl\u0101no\u0161an\u0101, gan realiz\u0113\u0161an\u0101. Tas ir liels komandas darbs. Un tehnolo\u0123ijas pal\u012bdz ar vismaz\u0101ko iejauk\u0161anos tikt pie vislab\u0101k\u0101 rezult\u0101ta.\u00a0<\/p>\n<p>&#8220;Ir \u013coti liels gandar\u012bjums. Un ir pacienti, kas iekr\u012bt sird\u012b uz m\u016b\u017eu. \u0160is ir tas gad\u012bjums,&#8221; pauda\u00a0PSKUS \u0101rsts rezidents\u00a0Kristaps Ranc\u0101ns.\u00a0<\/p>\n<blockquote>\n<p>&#8220;\u0160\u0101di audz\u0113ji ir \u013coti reti. \u0160is ir unik\u0101ls, es neatceros kaut ko t\u0101du sav\u0101 praks\u0113,&#8221;\u00a0<\/p>\n<\/blockquote>\n<p>piebilda\u00a0PSKUS Neiro\u0137irur\u0123ijas kl\u012bnikas vad\u012bt\u0101js\u00a0Egils Valeinis.\u00a0<\/p>\n<p>Ja audz\u0113js netiktu iz\u0146emts, tas var\u0113tu progres\u0113t un augt v\u0113l liel\u0101ks.\u00a0<\/p>\n<p><img decoding=\"async\" src=\"https:\/\/www.europesays.com\/lv\/wp-content\/uploads\/2026\/01\/sh8a.jpg\" alt=\"P\u0113c oper\u0101cijas\"\/><\/p>\n<p>P\u0113c oper\u0101cijas<\/p>\n<\/p>\n<p>\u00a0<\/p>\n<p>                    Valodas k\u013c\u016bda rakst\u0101?<\/p>\n<p class=\"d-none d-md-block\">Iez\u012bm\u0113jiet tekstu un spiediet Ctrl+Enter, lai nos\u016bt\u012btu labojamo teksta fragmentu redaktoram! Par faktu k\u013c\u016bd\u0101m l\u016bdzam zi\u0146ot e-past\u0101 <a href=\"https:\/\/www.lsm.lv\/cdn-cgi\/l\/email-protection\" class=\"__cf_email__\" data-cfemail=\"95e7f0f1f4fef6fcfff4d5f9e6f8bbf9e3\" rel=\"nofollow noopener\" target=\"_blank\">[email\u00a0protected]<\/a>.<\/p>\n<p class=\"d-md-none\">Iez\u012bm\u0113jiet tekstu un spiediet uz Zi\u0146ot par k\u013c\u016bdu pogas, lai nos\u016bt\u012btu labojamo teksta fragmentu redaktoram!<\/p>\n<p>\n                    Zi\u0146ot par k\u013c\u016bdu\n                <\/p>\n","protected":false},"excerpt":{"rendered":"Paula Stradi\u0146a Kl\u012bnisk\u0101s univerist\u0101tes slimn\u012bcas (PSKUS)\u00a0Neiro\u0137irur\u0123ijas kl\u012bnik\u0101 izdevusies \u013coti reta oper\u0101cija. Pacientam izoper\u0113ts kalcin\u0113ts veidojums, kas atrad\u0101s acs&hellip;\n","protected":false},"author":2,"featured_media":106885,"comment_status":"","ping_status":"","sticky":false,"template":"","format":"standard","meta":{"footnotes":""},"categories":[12],"tags":[23,28,29,32,33,22,30,31,35,39,38,36,37,34,40,20,26,27,24,25,21],"class_list":{"0":"post-106884","1":"post","2":"type-post","3":"status-publish","4":"format-standard","5":"has-post-thumbnail","7":"category-latvija","8":"tag-aktualitates","9":"tag-breaking-news","10":"tag-breakingnews","11":"tag-featured-news","12":"tag-featurednews","13":"tag-headlines","14":"tag-latest-news","15":"tag-latestnews","16":"tag-latvia","17":"tag-latvian","18":"tag-latviesu","19":"tag-latviesu-valoda","20":"tag-latviesuvaloda","21":"tag-latvija","22":"tag-lv","23":"tag-news","24":"tag-popularakas-zinas","25":"tag-popularakaszinas","26":"tag-top-stories","27":"tag-topstories","28":"tag-zinas"},"share_on_mastodon":{"url":"https:\/\/pubeurope.com\/@lv\/115909118092421507","error":""},"_links":{"self":[{"href":"https:\/\/www.europesays.com\/lv\/wp-json\/wp\/v2\/posts\/106884","targetHints":{"allow":["GET"]}}],"collection":[{"href":"https:\/\/www.europesays.com\/lv\/wp-json\/wp\/v2\/posts"}],"about":[{"href":"https:\/\/www.europesays.com\/lv\/wp-json\/wp\/v2\/types\/post"}],"author":[{"embeddable":true,"href":"https:\/\/www.europesays.com\/lv\/wp-json\/wp\/v2\/users\/2"}],"replies":[{"embeddable":true,"href":"https:\/\/www.europesays.com\/lv\/wp-json\/wp\/v2\/comments?post=106884"}],"version-history":[{"count":0,"href":"https:\/\/www.europesays.com\/lv\/wp-json\/wp\/v2\/posts\/106884\/revisions"}],"wp:featuredmedia":[{"embeddable":true,"href":"https:\/\/www.europesays.com\/lv\/wp-json\/wp\/v2\/media\/106885"}],"wp:attachment":[{"href":"https:\/\/www.europesays.com\/lv\/wp-json\/wp\/v2\/media?parent=106884"}],"wp:term":[{"taxonomy":"category","embeddable":true,"href":"https:\/\/www.europesays.com\/lv\/wp-json\/wp\/v2\/categories?post=106884"},{"taxonomy":"post_tag","embeddable":true,"href":"https:\/\/www.europesays.com\/lv\/wp-json\/wp\/v2\/tags?post=106884"}],"curies":[{"name":"wp","href":"https:\/\/api.w.org\/{rel}","templated":true}]}}