{"id":106886,"date":"2026-01-17T06:52:07","date_gmt":"2026-01-17T06:52:07","guid":{"rendered":"https:\/\/www.europesays.com\/lv\/106886\/"},"modified":"2026-01-17T06:52:07","modified_gmt":"2026-01-17T06:52:07","slug":"piektdien-latvija-gaidams-saulains-laiks-ar-salu-janvara-izskana-prognozets-straujs-aukstuma-vilnis-lente-lv","status":"publish","type":"post","link":"https:\/\/www.europesays.com\/lv\/106886\/","title":{"rendered":"Piektdien Latvij\u0101 gaid\u0101ms saulains laiks ar salu; janv\u0101ra izska\u0146\u0101 prognoz\u0113ts strauj\u0161 aukstuma vilnis\u00a0\u2014\u00a0Lente.lv"},"content":{"rendered":"<p>Liel\u0101koties saulains, bet auksts piektdienas r\u012bts<\/p>\n<p>Piektdien, 16. janv\u0101r\u012b, Latvij\u0101 gaid\u0101ms liel\u0101koties saulains laiks, sevi\u0161\u0137i skaidras debesis b\u016bs Latgal\u0113, S\u0113lij\u0101 un Vidzemes austrumu da\u013c\u0101. Ar\u012b citviet valst\u012b prognoz\u0113ta saules l\u012bdzpar\u0101d\u012b\u0161an\u0101s, lai gan viet\u0101m debesis var\u0113tu aizkl\u0101t m\u0101ko\u0146i. Nokri\u0161\u0146i nav gaid\u0101mi, vien\u012bgi valsts dienvidaustrumu da\u013c\u0101 un atsevi\u0161\u0137\u0101s piekrastes viet\u0101s iesp\u0113jama neliela snig\u0161ana. K\u0101 zi\u0146o av\u012bze Diena, p\u016bt\u012bs l\u0113ns l\u012bdz m\u0113rens dienvidu, dienvidaustrumu v\u0113j\u0161, kas vakar\u0101 l\u012b\u010da rietumu piekrast\u0113 var\u0113tu k\u013c\u016bt br\u0101zmains. Viet\u0101m piekrast\u0113 v\u0113ja br\u0101zmas var sasniegt l\u012bdz 15 metriem sekund\u0113.<\/p>\n<p>Temperat\u016bra un sals<\/p>\n<p>R\u012bta stund\u0101s Latvij\u0101 re\u0123istr\u0113ts b\u016btisks sals, gaisa temperat\u016brai da\u017eviet nosl\u012bdot l\u012bdz -20 gr\u0101diem p\u0113c Celsija. P\u0113c Latvijas Vides, \u0123eolo\u0123ijas un meteorolo\u0123ijas centra datiem, plkst. 5 no r\u012bta gaisa temperat\u016bra Latvij\u0101 bija no -3 gr\u0101diem Kolk\u0101 un P\u0101vilost\u0101 l\u012bdz pat -20,3 gr\u0101diem Dagd\u0101. Dienas laik\u0101 gaisa temperat\u016bra Latvij\u0101 pak\u0101psies, bet paliks zem nulles gr\u0101diem. Tiek prognoz\u0113ts, ka piektdien dien\u0101 gaiss Latvij\u0101 liel\u0101kaj\u0101 da\u013c\u0101 sasils l\u012bdz -4 l\u012bdz -9 gr\u0101diem, bet Latgal\u0113 var\u0113tu b\u016bt v\u0113l aukst\u0101ks, sasniedzot -9 l\u012bdz -13 gr\u0101dus. Rietumu un centr\u0101lajos rajonos dienas vid\u016b prognoz\u0113ts -4 l\u012bdz -7 gr\u0101di, bet valsts austrumu da\u013c\u0101 \u2013 l\u012bdz -11 l\u012bdz -14 gr\u0101diem. R\u012bg\u0101 piektdienas dien\u0101 prognoz\u0113ta gaisa temperat\u016bra ap -8 l\u012bdz -9 gr\u0101diem.<\/p>\n<p>Tuv\u0101ko ned\u0113\u013cu prognozes: gaid\u0101ms stiprs sals<\/p>\n<p>N\u0101kam\u0101s tr\u012bs ned\u0113\u013cas Latvij\u0101 prognoz\u0113tas aukst\u0101kas nek\u0101 ierasts. Sals pastiprin\u0101sies, un br\u012bvdien\u0101s gaid\u0101ms stiprs sals. Paredzams, ka nakt\u012b uz pirmdienu un otrdienu pla\u0161\u0101k\u0101 teritorijas da\u013c\u0101 Latvij\u0101 gaisa temperat\u016bra pazemin\u0101sies l\u012bdz -20\u2026-24 gr\u0101diem, bet viet\u0101m, skaidr\u0101s debes\u012bs, var nosl\u012bd\u0113t l\u012bdz pat -25 gr\u0101diem. Dienas vid\u016b termometra stabi\u0146\u0161 nepacelsies augst\u0101k par -3..-11 gr\u0101diem. Tiek prognoz\u0113ts, ka janv\u0101ra izska\u0146\u0101 Latviju var\u0113tu sasniegt stiprs sals no Arktikas un Sib\u012brijas, kas var\u0113tu padar\u012bt \u0161o janv\u0101ri par vienu no aukst\u0101kajiem p\u0113d\u0113jo 14 gadu laik\u0101. Da\u017ei sinopti\u0137i prognoz\u0113, ka janv\u0101ris kopum\u0101 var\u0113tu b\u016bt aukst\u0101kais m\u0113nesis kop\u0161 2010. gada, kad m\u0113ne\u0161a vid\u0113j\u0101 temperat\u016bra nosl\u012bd\u0113ja l\u012bdz -11,5 gr\u0101diem. Ir ar\u012b prognozes, ka p\u0113c 20. janv\u0101ra iepl\u016bd\u012bs v\u0113l stipr\u0101ks sals no Sib\u012brijas, gaisa temperat\u016brai br\u012b\u017eiem pazeminoties l\u012bdz pat -30 gr\u0101diem.<\/p>\n<p>Atmosf\u0113ras spiediens un v\u0113ja tendences<\/p>\n<p>Piektdien Latvij\u0101 p\u016bt\u012bs l\u0113ns l\u012bdz m\u0113rens dienvidu, dienvidaustrumu v\u0113j\u0161. Atmosf\u0113ras spiediens j\u016bras l\u012bmen\u012b prognoz\u0113ts no 1027 hektopask\u0101liem Kurzem\u0113 l\u012bdz 1036 hektopask\u0101liem Latgal\u0113, kas liecina par anticiklona ietekmi no Latvijas austrumiem.<\/p>\n","protected":false},"excerpt":{"rendered":"Liel\u0101koties saulains, bet auksts piektdienas r\u012bts Piektdien, 16. janv\u0101r\u012b, Latvij\u0101 gaid\u0101ms liel\u0101koties saulains laiks, sevi\u0161\u0137i skaidras debesis b\u016bs&hellip;\n","protected":false},"author":2,"featured_media":106887,"comment_status":"","ping_status":"","sticky":false,"template":"","format":"standard","meta":{"footnotes":""},"categories":[5],"tags":[23,28,29,32,33,22,24078,152,30,31,35,39,38,36,37,34,40,20,26,27,16895,3377,24,25,21],"class_list":{"0":"post-106886","1":"post","2":"type-post","3":"status-publish","4":"format-standard","5":"has-post-thumbnail","7":"category-aktualitates","8":"tag-aktualitates","9":"tag-breaking-news","10":"tag-breakingnews","11":"tag-featured-news","12":"tag-featurednews","13":"tag-headlines","14":"tag-janvaris-2026","15":"tag-laika-prognoze","16":"tag-latest-news","17":"tag-latestnews","18":"tag-latvia","19":"tag-latvian","20":"tag-latviesu","21":"tag-latviesu-valoda","22":"tag-latviesuvaloda","23":"tag-latvija","24":"tag-lv","25":"tag-news","26":"tag-popularakas-zinas","27":"tag-popularakaszinas","28":"tag-sals","29":"tag-sinoptiki","30":"tag-top-stories","31":"tag-topstories","32":"tag-zinas"},"share_on_mastodon":{"url":"https:\/\/pubeurope.com\/@lv\/115909121995057188","error":""},"_links":{"self":[{"href":"https:\/\/www.europesays.com\/lv\/wp-json\/wp\/v2\/posts\/106886","targetHints":{"allow":["GET"]}}],"collection":[{"href":"https:\/\/www.europesays.com\/lv\/wp-json\/wp\/v2\/posts"}],"about":[{"href":"https:\/\/www.europesays.com\/lv\/wp-json\/wp\/v2\/types\/post"}],"author":[{"embeddable":true,"href":"https:\/\/www.europesays.com\/lv\/wp-json\/wp\/v2\/users\/2"}],"replies":[{"embeddable":true,"href":"https:\/\/www.europesays.com\/lv\/wp-json\/wp\/v2\/comments?post=106886"}],"version-history":[{"count":0,"href":"https:\/\/www.europesays.com\/lv\/wp-json\/wp\/v2\/posts\/106886\/revisions"}],"wp:featuredmedia":[{"embeddable":true,"href":"https:\/\/www.europesays.com\/lv\/wp-json\/wp\/v2\/media\/106887"}],"wp:attachment":[{"href":"https:\/\/www.europesays.com\/lv\/wp-json\/wp\/v2\/media?parent=106886"}],"wp:term":[{"taxonomy":"category","embeddable":true,"href":"https:\/\/www.europesays.com\/lv\/wp-json\/wp\/v2\/categories?post=106886"},{"taxonomy":"post_tag","embeddable":true,"href":"https:\/\/www.europesays.com\/lv\/wp-json\/wp\/v2\/tags?post=106886"}],"curies":[{"name":"wp","href":"https:\/\/api.w.org\/{rel}","templated":true}]}}