{"id":106888,"date":"2026-01-17T06:57:03","date_gmt":"2026-01-17T06:57:03","guid":{"rendered":"https:\/\/www.europesays.com\/lv\/106888\/"},"modified":"2026-01-17T06:57:03","modified_gmt":"2026-01-17T06:57:03","slug":"lielbritanijas-cietuma-miris-pedofils-un-slepkava-no-latvijas-viena-no-piecam-noslepumainajam-navem-astonu-dienu-laika-jauns-lv","status":"publish","type":"post","link":"https:\/\/www.europesays.com\/lv\/106888\/","title":{"rendered":"Lielbrit\u0101nijas cietum\u0101 miris pedofils un slepkava no Latvijas &#8211; viena no piec\u0101m nosl\u0113pumainaj\u0101m n\u0101v\u0113m asto\u0146u dienu laik\u0101 &#8211; Jauns.lv"},"content":{"rendered":"<ol>\n<li><a href=\"https:\/\/news.google.com\/rss\/articles\/CBMi7gFBVV95cUxQdks5T1FhZC1EVG0zYUNCVWtuWGJhakFKOGdPTW9qYk1zTnlnX05xcFBVTVJxX2ZKNURaMHNaT1Z5R3FYNEcxUFdDXy11aVhHSmdvUkxqTXdVOExQby10MWZkMzU4d1doWVcxTXZyXzRWWlh1aXVVeTZhU1BaN2F1RjJuZEV1VmFLWDVTUGlIUEhsODN1ZlhiZ1NTdFd1WmpSa2VmOU4ybE9yckJZX1p5c0EyRXE1VUxhTFktUG1xZXpUc3dkQzRORUZ3c056QzhYM3I1cTNIX281U1RQd2xKTmJXMnU0LXNUbVNxWGV3?oc=5\" target=\"_blank\" rel=\"nofollow noopener\">Lielbrit\u0101nijas cietum\u0101 miris pedofils un slepkava no Latvijas &#8211; viena no piec\u0101m nosl\u0113pumainaj\u0101m n\u0101v\u0113m asto\u0146u dienu laik\u0101<\/a>&nbsp;&nbsp;Jauns.lv<\/li>\n<li><a href=\"https:\/\/news.google.com\/rss\/articles\/CBMixwFBVV95cUxOVlZRdnprcG9Ub3pWTUxJdzlsNG5ZUldERGRZb2NEeFZ5dlNiSHBfX05qMkxlcTVCLUZJNmRhb25ZYmFBOGZyOUFzaDUyYU91NVNYRmZUT1JBOFY5dE9mLVR0MnlWVGRzSWowYXgwRlpsbzZFcTVYUGhvamJYQmI3NEpwQklzTkFWaEpGSU9OTXlkVUNQV0lIZ0hXQkl4T1AyQzQtNVQwLU9uWjF1QkV6RlhoT2R6OVFaR2M3UzdhVGxvYk9abnVj?oc=5\" target=\"_blank\" rel=\"nofollow noopener\">Lielbrit\u0101nij\u0101 cietum\u0101 miris b\u0113d\u012bgi slavens slepkava no Latvijas. Vi\u0146a n\u0101ves apst\u0101k\u013ci raisa aizdomas<\/a>&nbsp;&nbsp;Apollo.lv<\/li>\n<li><a href=\"https:\/\/news.google.com\/rss\/articles\/CBMimwFBVV95cUxNNkZxRXY0Wl9uOEtaTm4zWFBHQ3lNYVcteGtzczE4X1Rjd2tfWjhib2VvcGVYYXF3Ymwtb1VKMlRyMHR4dmJlMEx6MHU5eVRQbG9CRFBsaE05TWtKR1FTcjlfUHBTS2FJZ29tOEQyYWN2cmhUb3N0TFRYRkNTNW9QYllNOUdiamM5UkhjZ2RGNmZITEhuaHlQUTg3OA?oc=5\" target=\"_blank\" rel=\"nofollow noopener\">Uz m\u016b\u017eu noties\u0101tais Latvijas pilsonis m\u012bklainos apst\u0101k\u013cos miris britu cietum\u0101<\/a>&nbsp;&nbsp;LA.LV<\/li>\n<li><a href=\"https:\/\/news.google.com\/rss\/articles\/CBMimgFBVV95cUxQZUFBaGxBV1hncFBiVEtlb2d0ZDZqZ09FYndydjk1UFdCSnk4VTVseVNmd1FqalFfQl8yUXpVOW5DZjFiS0Z1WERreHVfUmtQYTBxeEFURlJuWHU4OHZMSWJFa3hGbGtZMDBfS0lqV2pJcXB5Zmt0U0xjazE5Ny1FT0lRZlhZN2xyRmNEeUIySkZWVzNJQVZBSmRB?oc=5\" target=\"_blank\" rel=\"nofollow noopener\">Seksu\u0101lais maniaks no Latvijas d\u012bvainos apst\u0101k\u013cos miris Anglijas cietum\u0101<\/a>&nbsp;&nbsp;NRA<\/li>\n<\/ol>\n","protected":false},"excerpt":{"rendered":"Lielbrit\u0101nijas cietum\u0101 miris pedofils un slepkava no Latvijas &#8211; viena no piec\u0101m nosl\u0113pumainaj\u0101m n\u0101v\u0113m asto\u0146u dienu laik\u0101&nbsp;&nbsp;Jauns.lv Lielbrit\u0101nij\u0101&hellip;\n","protected":false},"author":2,"featured_media":106889,"comment_status":"","ping_status":"","sticky":false,"template":"","format":"standard","meta":{"footnotes":""},"categories":[12],"tags":[23,28,29,32,33,22,30,31,35,39,38,36,37,34,40,20,26,27,24,25,21],"class_list":{"0":"post-106888","1":"post","2":"type-post","3":"status-publish","4":"format-standard","5":"has-post-thumbnail","7":"category-latvija","8":"tag-aktualitates","9":"tag-breaking-news","10":"tag-breakingnews","11":"tag-featured-news","12":"tag-featurednews","13":"tag-headlines","14":"tag-latest-news","15":"tag-latestnews","16":"tag-latvia","17":"tag-latvian","18":"tag-latviesu","19":"tag-latviesu-valoda","20":"tag-latviesuvaloda","21":"tag-latvija","22":"tag-lv","23":"tag-news","24":"tag-popularakas-zinas","25":"tag-popularakaszinas","26":"tag-top-stories","27":"tag-topstories","28":"tag-zinas"},"share_on_mastodon":{"url":"https:\/\/pubeurope.com\/@lv\/115909141628170708","error":""},"_links":{"self":[{"href":"https:\/\/www.europesays.com\/lv\/wp-json\/wp\/v2\/posts\/106888","targetHints":{"allow":["GET"]}}],"collection":[{"href":"https:\/\/www.europesays.com\/lv\/wp-json\/wp\/v2\/posts"}],"about":[{"href":"https:\/\/www.europesays.com\/lv\/wp-json\/wp\/v2\/types\/post"}],"author":[{"embeddable":true,"href":"https:\/\/www.europesays.com\/lv\/wp-json\/wp\/v2\/users\/2"}],"replies":[{"embeddable":true,"href":"https:\/\/www.europesays.com\/lv\/wp-json\/wp\/v2\/comments?post=106888"}],"version-history":[{"count":0,"href":"https:\/\/www.europesays.com\/lv\/wp-json\/wp\/v2\/posts\/106888\/revisions"}],"wp:featuredmedia":[{"embeddable":true,"href":"https:\/\/www.europesays.com\/lv\/wp-json\/wp\/v2\/media\/106889"}],"wp:attachment":[{"href":"https:\/\/www.europesays.com\/lv\/wp-json\/wp\/v2\/media?parent=106888"}],"wp:term":[{"taxonomy":"category","embeddable":true,"href":"https:\/\/www.europesays.com\/lv\/wp-json\/wp\/v2\/categories?post=106888"},{"taxonomy":"post_tag","embeddable":true,"href":"https:\/\/www.europesays.com\/lv\/wp-json\/wp\/v2\/tags?post=106888"}],"curies":[{"name":"wp","href":"https:\/\/api.w.org\/{rel}","templated":true}]}}