{"id":106894,"date":"2026-01-17T07:20:08","date_gmt":"2026-01-17T07:20:08","guid":{"rendered":"https:\/\/www.europesays.com\/lv\/106894\/"},"modified":"2026-01-17T07:20:08","modified_gmt":"2026-01-17T07:20:08","slug":"trampa-draudi-un-asv-spiediens-ir-satuvinajis-grenlandi-un-daniju-raksts","status":"publish","type":"post","link":"https:\/\/www.europesays.com\/lv\/106894\/","title":{"rendered":"Trampa draudi un ASV spiediens ir satuvin\u0101jis Grenlandi un D\u0101niju \/ Raksts"},"content":{"rendered":"<p>M\u0113s j\u016btamies k\u0101 filmas &#8220;Tr\u016bmena \u0161ovs&#8221; galvenais varonis. T\u0101 pa\u0161reiz valdo\u0161o noska\u0146ojumu Grenland\u0113 raksturo pasaules liel\u0101k\u0101s salas iedz\u012bvot\u0101ji. ASV prezidenta Donalda Trampa v\u0113lme ieg\u016bt Grenlandi amerik\u0101\u0146u \u012bpa\u0161um\u0101 ir rad\u012bjusi satraukumu un nezi\u0146u vairumam no 57 t\u016bksto\u0161iem teritorijas iedz\u012bvot\u0101ju.<\/p>\n<p>Ta\u010du Trampa draudiem ir ar\u012b pozit\u012bva blakne, jo tie vair\u0101k nek\u0101 jebkad ir satuvin\u0101ju\u0161i grenlandie\u0161us un D\u0101niju, kas jau vair\u0101k nek\u0101 300 gadu p\u0101rvalda salu.<\/p>\n<p>Trampa draudi un ASV spiediens ir satuvin\u0101jis Grenlandi un D\u0101niju<\/p>\n<p>D\u0101nija br\u012bdina, ka ASV uzbrukums noz\u012bm\u0113tu NATO beigas<\/p>\n<p>ASV prezidents Tramps ir ap\u0146\u0113mies dab\u016bt Grenlandi. Vi\u0146\u0161 to pamato ar ASV nacion\u0101l\u0101s dro\u0161\u012bbas interes\u0113m. Un nekas neliecina, ka Trampam r\u016bp\u0113tu Grenlandes iedz\u012bvot\u0101ju viedoklis par to.<\/p>\n<p>&#8220;M\u0113s dar\u012bsim kaut ko ar Grenlandi, vai vi\u0146iem tas pat\u012bk vai nepat\u012bk. Jo, ja m\u0113s to nedar\u012bsim, Krievija vai \u0136\u012bna p\u0101r\u0146ems Grenlandi, un m\u0113s negribam, lai Krievija vai \u0136\u012bna k\u013c\u016btu par m\u016bsu kaimi\u0146iem. Es grib\u0113tu par to vienoties vienk\u0101r\u0161\u0101 ce\u013c\u0101, bet, ja mums tas neizdosies, m\u0113s to izdar\u012bsim sare\u017e\u0123\u012bt\u0101k\u0101 ce\u013c\u0101,&#8221; pazi\u0146oja Tramps.<\/p>\n<p>Ar &#8220;sare\u017e\u0123\u012bto ce\u013cu&#8221; Tramps, visticam\u0101k, dom\u0101 Grenlandes sagr\u0101b\u0161anu milit\u0101ri.<\/p>\n<p>\u0160\u0101da iesp\u0113jam\u012bba satrauc Grenlandes, D\u0101nijas un Eiropas l\u012bderus, jo tas noz\u012bm\u0113tu ASV karu pret saviem tuv\u0101kajiem sabiedrotajiem. D\u0101nijas premjerministre Mete Frederiksena br\u012bdin\u0101ja, ka tas noz\u012bm\u0113tu ar\u012b Zieme\u013catlantijas alianses jeb NATO beigas:<\/p>\n<p>&#8220;Ja Amerikas Savienot\u0101s Valstis izv\u0113l\u0113tos milit\u0101ri uzbrukt citai NATO dal\u012bbvalstij, tad viss apst\u0101tos. Tas noz\u012bm\u0113tu beigas NATO un l\u012bdz ar to dro\u0161\u012bbai, kas ir sniegta kop\u0161 Otr\u0101 pasaules kara beig\u0101m. Protams, m\u0113s nepie\u0146emsim situ\u0101ciju, kur\u0101 mums un Grenlandei tiek rad\u012bts \u0161\u0101ds apdraud\u0113jums.&#8221;<\/p>\n<p>Grenlandie\u0161i ir nezi\u0146\u0101 par n\u0101kotni<\/p>\n<p>Grenlandie\u0161i nav mier\u0101 ar Trampa draudiem. Jau pag\u0101ju\u0161\u0101 gada s\u0101kum\u0101 Grenlandes galvaspils\u0113t\u0101 N\u016bk\u0101 notika pla\u0161i protesti pret ASV prezidenta teritori\u0101lajiem t\u012bkojumiem, no kuriem vi\u0146\u0161 sp\u012bt\u012bgi neatk\u0101pjas.<\/p>\n<p>N\u016bk\u0101 dz\u012bvo ar\u012b Tilija Martinussena. Vi\u0146a ir bijus\u012b Grenlandes parlamenta deput\u0101te, kura atbalsta salas palik\u0161anu D\u0101nijas sast\u0101v\u0101. Tilija sarun\u0101 ar Latvijas Radio sac\u012bja, ka grenlandie\u0161i ir nezi\u0146\u0101 par savu n\u0101kotni. Vi\u0146a notieko\u0161o sal\u012bdzina ar popul\u0101ru kinofilmu.<\/p>\n<p>&#8220;Liel\u0101kajai da\u013cai cilv\u0113ku \u0161\u0137iet, ka tas ir k\u0101 film\u0101 &#8220;Tr\u016bmena \u0161ovs&#8221; ar D\u017eimu Keriju galvenaj\u0101 lom\u0101. Ir saj\u016bta, ka k\u0101ds m\u016bs film\u0113, tikai m\u0113s par to nezin\u0101m, un ka tas viss ir iestud\u0113ts, jo tas ir tik absurdi. T\u0101p\u0113c valda liela netic\u012bba. Es zinu, ka ir bijis ar\u012b daudz dusmu.<\/p>\n<blockquote>\n<p>Un, protams, cilv\u0113ki ir nobiju\u0161ies. Vi\u0146i ir izstr\u0101d\u0101ju\u0161i \u0101rk\u0101rtas r\u012bc\u012bbas pl\u0101nus. M\u0113s par to esam run\u0101ju\u0161i ar\u012b m\u0101j\u0101s. T\u0101p\u0113c es teiktu, ka valda nenoteikt\u012bba un mazliet bailes,&#8221; teica Martinussena.<\/p>\n<\/blockquote>\n<p>            <img decoding=\"async\" src=\"https:\/\/www.europesays.com\/lv\/wp-content\/uploads\/2026\/01\/sh8h.jpg\" alt=\"Grenlandes iedz\u012bvot\u0101ja Tilija Martinussena\"\/><\/p>\n<p>Grenlandes iedz\u012bvot\u0101ja Tilija Martinussena<\/p>\n<p>Foto: No priv\u0101t\u0101 arh\u012bva<\/p>\n<\/p>\n<p>Tilija nesl\u0113pj, ka vi\u0146ai un v\u0113l daudziem grenlandie\u0161iem visvair\u0101k ir bail no t\u0101, ka var\u0113tu notikt milit\u0101rs iebrukums: &#8220;Esmu dzird\u0113jusi ar\u012b no daudziem citiem cilv\u0113kiem jaut\u0101jumu, vai mums ir vajadz\u012bgs \u0101rk\u0101rtas r\u012bc\u012bbas pl\u0101ns? Varb\u016bt, ja m\u0113s neizbraucam no valsts, mums b\u016btu j\u0101dodas uz k\u0101du fjordu, uz k\u0101du mazu pamestu vietu, un j\u0101apmetas tur? Ko mums dar\u012bt? Vai mums jau tagad j\u0101s\u0101k taup\u012bt p\u0101rtiku? Vai mums j\u0101p\u0101rliecin\u0101s, ka varam piecas dienas izdz\u012bvot bez elektr\u012bbas?<\/p>\n<p>Grenlandie\u0161iem t\u0101 nav tik liela probl\u0113ma, jo m\u0113s esam uzaugu\u0161i ar situ\u0101cij\u0101m, kad elektr\u012bba reiz\u0113m paz\u016bd uz vair\u0101k\u0101m dien\u0101m. M\u0113s esam pieradu\u0161i dz\u012bvot tums\u0101, mums ir pietiekami daudz bateriju lamp\u0101m un pietiekami daudz p\u0101rtikas. Ta\u010du doma, ka k\u0101ds, kur\u0161 agr\u0101k bija m\u016bsu draugs, var\u0113tu m\u016bs iekarot un ka tie\u0161i t\u0101p\u0113c mums b\u016btu j\u0101veido p\u0101rtikas rezerves, ir vienk\u0101r\u0161i traka.&#8221;<\/p>\n<p>Teritorijai ar 56 000 iedz\u012bvot\u0101ju gr\u016bti saglab\u0101t neatkar\u012bbu<\/p>\n<p>Latvijas goda konsuls Grenland\u0113 Ivars S\u012blis zina, ko noz\u012bm\u0113 b\u016bt b\u0113glim. Vi\u0146a \u0123imene Otr\u0101 pasaules kara laik\u0101 bija spiesta pamest Latviju. S\u012b\u013ca kungs ir uzaudzis D\u0101nij\u0101, bet 1964. gad\u0101 vi\u0146\u0161 p\u0101rc\u0113l\u0101s uz Grenlandi. &#8220;Un tad es iem\u012bl\u0113jos zem\u0113 un taut\u0101, un liel\u0101ko da\u013cu laika esmu dz\u012bvojis Grenland\u0113. Ne jau visu laiku, bet liel\u0101ko da\u013cu,&#8221; 86 gadus vecais v\u012brs sac\u012bja telefonsarun\u0101 no Zviedrijas, kur vi\u0146\u0161 atrodas pa\u0161laik.<\/p>\n<p>Vi\u0146\u0161 uz Latvijas Radio jaut\u0101jumu, k\u0101p\u0113c Tramps v\u0113las ieg\u016bt Grenlandi, atbild\u0113ja, ka strat\u0113\u0123iski noz\u012bm\u012bg\u0101 sala ir ierauta lielvaru \u0123eopolitiskaj\u0101s c\u012b\u0146\u0101s:<\/p>\n<p>&#8220;Es grib\u0113tu teikt, ka Grenlandei ir bijusi p\u0101r\u0101k maza sapra\u0161ana par to, k\u0101da ir Grenlandes un D\u0101nijas loma \u0161aj\u0101 lielaj\u0101 sp\u0113l\u0113. Draudi no \u0136\u012bnas un Krievijas jau past\u0101v. P\u0113c man\u0101m dom\u0101m, Grenlandes politi\u0137i sav\u0101 zi\u0146\u0101 ir pamudin\u0101ju\u0161i Amerikas Savienot\u0101s Valstis r\u012bkoties,<\/p>\n<blockquote>\n<p>jo pirms neilga laika Grenlandes politi\u0137i pazi\u0146oja: m\u0113s neesam amerik\u0101\u0146i, m\u0113s neesam d\u0101\u0146i, m\u0113s esam grenlandie\u0161i. Vi\u0146i iedom\u0101jas, ka var\u0113s b\u016bt patst\u0101v\u012bga valsti\u0146a ar 56 t\u016bksto\u0161iem iedz\u012bvot\u0101ju lielaj\u0101 pasaul\u0113, bet tas nav re\u0101li.&#8221;<\/p>\n<\/blockquote>\n<p>Tom\u0113r S\u012blis netic, ka ASV var\u0113tu iebrukt Grenland\u0113. &#8220;Es nevaru iedom\u0101ties okup\u0101ciju. T\u0101 ir \u013coti hipot\u0113tiska iesp\u0113ja. Vai es ar \u0123imeni dotos prom? J\u016bs run\u0101jat ar v\u012bru, kuram ir 85 gadi. Tad ir gr\u016bti p\u0101rcelties. Bet t\u0101das domas man un manai \u0123imenei nav,&#8221; teica vien\u012bgais past\u0101v\u012bgi dz\u012bvojo\u0161ais latvietis Grenland\u0113.<\/p>\n<p>Tramps sper pa atv\u0113rt\u0101m durv\u012bm<\/p>\n<p>Tilijai Martinussenai ir saprotamas Trampa ba\u017eas, ka \u0136\u012bna var\u0113tu ieg\u016bt Grenlandes dz\u012bl\u0113s eso\u0161os der\u012bgos izrakte\u0146us, bet Krievija var\u0113tu kontrol\u0113t j\u016brasce\u013cus Arktik\u0101. Ta\u010du vi\u0146a nesaprot veidu, k\u0101d\u0101 Tramps run\u0101 par \u0161iem jaut\u0101jumiem.<\/p>\n<p>&#8220;Vi\u0146\u0161 sper pa jau atv\u0113rt\u0101m durv\u012bm, p\u0101rk\u0101pjot visus l\u012bgumus un vieno\u0161an\u0101s, kas mums jau ir. Vi\u0146\u0161 to var dar\u012bt ar\u012b cit\u0101di, pastiprinot dro\u0161\u012bbu, nosl\u0113dzot ar mums vieno\u0161an\u0101s. Paties\u012bb\u0101 m\u0113s jau sen esam l\u016bgu\u0161i amerik\u0101\u0146us, gan Trampa pirm\u0101s, gan otr\u0101s prezident\u016bras laik\u0101, veidot ar mums cie\u0161\u0101kas tirdzniec\u012bbas attiec\u012bbas, invest\u0113t Grenland\u0113. Ta\u010du pan\u0101kt, lai vi\u0146i visp\u0101r ar mums run\u0101tu, ir bijis diezgan gr\u016bti.<\/p>\n<blockquote>\n<p>Un tagad p\u0113k\u0161\u0146i vi\u0146\u0161 maina savu nost\u0101ju un saka, ka, lai to visu izdar\u012btu, vi\u0146am ir m\u016bs j\u0101iekaro. Tie ir meli. Grenlande vienm\u0113r ir bijusi \u013coti labs Amerikas sabiedrotais.<\/p>\n<\/blockquote>\n<p>M\u0113s vienm\u0113r esam biju\u0161i gatavi atv\u0113l\u0113t vi\u0146iem zemi, un m\u0113s vi\u0146us esam uzskat\u012bju\u0161i par saviem varo\u0146iem, pat vair\u0101k nek\u0101 D\u0101niju, vismaz l\u012bdz \u0161im br\u012bdim,&#8221; pr\u0101to Tilija.<\/p>\n<p>Gr\u016btie laiki ir apvienoju\u0161i Grenlandi un D\u0101niju<\/p>\n<p>D\u0101nijas un Grenlandes attiec\u012bbas nekad nav biju\u0161as vienk\u0101r\u0161as, t\u0101p\u0113c Grenlandes iedz\u012bvot\u0101ju vid\u016b l\u012bdz \u0161im bija augsts atbalsts salas neatkar\u012bbai. Ta\u010du Tramps ir pan\u0101cis, ka N\u016bkas un Kopenh\u0101genas attiec\u012bbas uzlabojas, nor\u0101d\u012bja S\u012blis: &#8220;Ir skaidri redzams, ka tas tuvina Grenlandi un D\u0101niju. To neviens negaid\u012bja v\u0113l pirms da\u017eiem m\u0113ne\u0161iem, kad daudzi run\u0101ja par patst\u0101v\u012bbu un nepiecie\u0161am\u012bbu atbr\u012bvoties no sen\u0101s koloni\u0101l\u0101s varas. Tas noz\u012bm\u0113, ka D\u0101nija un Grenlande tuvin\u0101s.&#8221;<\/p>\n<p>Ar\u012b Martinussena priec\u0101jas, ka gr\u016btie laiki ir apvienoju\u0161i Grenlandi un D\u0101niju.<\/p>\n<p>            <img decoding=\"async\" src=\"https:\/\/www.europesays.com\/lv\/wp-content\/uploads\/2026\/01\/sh8j.jpg\" alt=\"Grenlandes iedz\u012bvot\u0101ja Tilija Martinussena\"\/><\/p>\n<p>Grenlandes iedz\u012bvot\u0101ja Tilija Martinussena<\/p>\n<p>Foto: No priv\u0101t\u0101 arh\u012bva<\/p>\n<\/p>\n<p>Vi\u0146a ir \u013coti pateic\u012bga ar\u012b Eiropas valst\u012bm, kuras ir pazi\u0146oju\u0161as, ka nos\u016bt\u012bs savus karav\u012brus uz Grenlandi, lai aizsarg\u0101tu salu. &#8220;M\u0113s zin\u0101m, ka ar\u012b vi\u0146i c\u012bn\u0101s par br\u012bvo pasauli, ne tikai Grenlande. M\u0113s esam \u013coti pateic\u012bgi, ka tik daudzas valstis izsaka mums atbalstu, pat ja pretinieks ir tik sp\u0113c\u012bgs k\u0101 Amerikas Savienot\u0101s Valstis. Grenlandie\u0161i ir \u013coti maza tauta.<\/p>\n<blockquote>\n<p>T\u0101p\u0113c, kad m\u0113s sak\u0101m, ka esam pateic\u012bgi, m\u0113s t\u0101 patie\u0161\u0101m dom\u0101jam. Pat ja m\u0113s visi kop\u0101 nesp\u0113tu st\u0101ties pret\u012b Amerikas milit\u0101rajam sp\u0113kam, vi\u0146i tom\u0113r n\u0101k c\u012bn\u012bties par br\u012bvo pasauli un par mums. Tas ir \u013coti aizkustino\u0161i. Protams, m\u0113s ceram, ka nevienam nekad nevajadz\u0113s iz\u0161aut nevienu \u0161\u0101vienu. Tas ir absurdi.&#8221;<\/p>\n<\/blockquote>\n<p>Tilija piebilda, ka tikpat noz\u012bm\u012bgs ir katra soci\u0101lo mediju lietot\u0101ja izteiktais atbalsts Grenlandei.<\/p>\n<p>KONTEKSTS:<\/p>\n<p>Grenlande p\u0113c plat\u012bbas ir liel\u0101k\u0101 sala pasaul\u0113, bet uz t\u0101s ir tikai aptuveni\u00a056 000 iedz\u012bvot\u0101ju. T\u0101 pieder D\u0101nijai, bet salai ir pla\u0161as autonomijas ties\u012bbas.<\/p>\n<p>Grenlandes galvaspils\u0113ta N\u016bka \u0123eogr\u0101fiski ir tuv\u0101k \u0145ujorkai nek\u0101 Kopenh\u0101genai, un ASV vald\u012bba jau vair\u0101kk\u0101rt izr\u0101d\u012bjusi interesi par Grenlandes ieg\u0101d\u0101\u0161anos. Grenland\u0113 ir izvietota ASV milit\u0101r\u0101 b\u0101ze.<\/p>\n<p>ASV dr\u012bz p\u0113c Otr\u0101 pasaules kara pied\u0101v\u0101ja nopirkt Grenlandi par 100 miljoniem dol\u0101ru, bet D\u0101nija noraid\u012bja \u0161o pied\u0101v\u0101jumu.<\/p>\n<p>ASV prezidents Donalds Tramps jau sava pirm\u0101 prezident\u016bras termi\u0146a laik\u0101\u00a0<a class=\"lsm-link\" data-id=\"328990\" data-type=\"article\" href=\"https:\/\/www.lsm.lv\/raksts\/zinas\/arzemes\/mediji-tramps-interesejies-par-grenlandes-iegadi-danija-to-uztver-ka-joku.a328990\/\" rel=\"nofollow noopener\" target=\"_blank\">atdz\u012bvin\u0101ja ideju<\/a>\u00a0par Grenlandes pirk\u0161anu, bet tagad p\u0113c atgrie\u0161an\u0101s Balt\u0101 nama saimnieka amat\u0101 vi\u0146\u0161 ar jaunu sparu\u00a0<a class=\"lsm-link\" data-id=\"582653\" data-type=\"article\" href=\"https:\/\/www.lsm.lv\/raksts\/zinas\/arzemes\/07.01.2025-tramps-pirms-stasanas-amata-signalize-par-ekspansionisma-tieksmem.a582653\/\" rel=\"nofollow noopener\" target=\"_blank\">\u0137\u0113ries<\/a>\u00a0pie \u0161\u012bs idejas populariz\u0113\u0161anas.<\/p>\n<p>Starptautisk\u0101s politikas eksperti\u00a0<a class=\"lsm-link\" data-id=\"582674\" data-type=\"article\" href=\"https:\/\/www.lsm.lv\/raksts\/zinas\/arzemes\/08.01.2025-lsm-skaidro-kapec-tramps-tik-loti-velas-iegadaties-grenlandi.a582674\/\" rel=\"nofollow noopener\" target=\"_blank\">sprie\u017e<\/a>, ka ASV interes\u0113 Grenlandes strat\u0113\u0123iski svar\u012bgais izvietojums un pieeja Arktikai, k\u0101 ar\u012b der\u012bgo izrakte\u0146u kr\u0101jumi.<\/p>\n<p>D\u0101nijas un Grenlandes amatpersonas gan\u00a0<a class=\"lsm-link\" data-id=\"582821\" data-type=\"article\" href=\"https:\/\/www.lsm.lv\/raksts\/zinas\/arzemes\/08.01.2025-grenlandes-deputate-par-trampa-velmi-nopirkt-salu-ne-jau-asv-izlems-musu-nakotni.a582821\/\" rel=\"nofollow noopener\" target=\"_blank\">uzsv\u0113ru\u0161as<\/a>, ka Grenlande netiek p\u0101rdota.<\/p>\n<p>2026. gada janv\u0101r\u012b Baltais nams\u00a0<a class=\"lsm-link\" data-id=\"628859\" data-type=\"article\" href=\"https:\/\/www.lsm.lv\/raksts\/zinas\/arzemes\/06.01.2026-tramps-apsver-vairakus-variantus-grenlandes-iegusanai-neizsledz-militaru-ricibu.a628859\/\" rel=\"nofollow noopener\" target=\"_blank\">pav\u0113st\u012bja<\/a>, ka Tramps izskata da\u017e\u0101das iesp\u0113jas, k\u0101 p\u0101r\u0146emt Grenlandi sav\u0101 kontrol\u0113, tai skait\u0101 netiek izsl\u0113gts ar\u012b milit\u0101rs risin\u0101jums. \u0160\u0101ds scen\u0101rijs izrais\u012btu smagu kr\u012bzi NATO, jo gan D\u0101nija, gan ASV ir NATO dal\u012bbvalstis.<\/p>\n","protected":false},"excerpt":{"rendered":"M\u0113s j\u016btamies k\u0101 filmas &#8220;Tr\u016bmena \u0161ovs&#8221; galvenais varonis. T\u0101 pa\u0161reiz valdo\u0161o noska\u0146ojumu Grenland\u0113 raksturo pasaules liel\u0101k\u0101s salas iedz\u012bvot\u0101ji.&hellip;\n","protected":false},"author":2,"featured_media":106895,"comment_status":"","ping_status":"","sticky":false,"template":"","format":"standard","meta":{"footnotes":""},"categories":[14],"tags":[23,57,28,29,32,33,22,30,31,35,39,38,36,37,34,40,20,26,27,24,25,54,55,56,21,58],"class_list":{"0":"post-106894","1":"post","2":"type-post","3":"status-publish","4":"format-standard","5":"has-post-thumbnail","7":"category-zinas-no-arvalstim","8":"tag-aktualitates","9":"tag-arvalstim","10":"tag-breaking-news","11":"tag-breakingnews","12":"tag-featured-news","13":"tag-featurednews","14":"tag-headlines","15":"tag-latest-news","16":"tag-latestnews","17":"tag-latvia","18":"tag-latvian","19":"tag-latviesu","20":"tag-latviesu-valoda","21":"tag-latviesuvaloda","22":"tag-latvija","23":"tag-lv","24":"tag-news","25":"tag-popularakas-zinas","26":"tag-popularakaszinas","27":"tag-top-stories","28":"tag-topstories","29":"tag-world","30":"tag-world-news","31":"tag-worldnews","32":"tag-zinas","33":"tag-zinas-no-arvalstim"},"share_on_mastodon":{"url":"https:\/\/pubeurope.com\/@lv\/115909232089654615","error":""},"_links":{"self":[{"href":"https:\/\/www.europesays.com\/lv\/wp-json\/wp\/v2\/posts\/106894","targetHints":{"allow":["GET"]}}],"collection":[{"href":"https:\/\/www.europesays.com\/lv\/wp-json\/wp\/v2\/posts"}],"about":[{"href":"https:\/\/www.europesays.com\/lv\/wp-json\/wp\/v2\/types\/post"}],"author":[{"embeddable":true,"href":"https:\/\/www.europesays.com\/lv\/wp-json\/wp\/v2\/users\/2"}],"replies":[{"embeddable":true,"href":"https:\/\/www.europesays.com\/lv\/wp-json\/wp\/v2\/comments?post=106894"}],"version-history":[{"count":0,"href":"https:\/\/www.europesays.com\/lv\/wp-json\/wp\/v2\/posts\/106894\/revisions"}],"wp:featuredmedia":[{"embeddable":true,"href":"https:\/\/www.europesays.com\/lv\/wp-json\/wp\/v2\/media\/106895"}],"wp:attachment":[{"href":"https:\/\/www.europesays.com\/lv\/wp-json\/wp\/v2\/media?parent=106894"}],"wp:term":[{"taxonomy":"category","embeddable":true,"href":"https:\/\/www.europesays.com\/lv\/wp-json\/wp\/v2\/categories?post=106894"},{"taxonomy":"post_tag","embeddable":true,"href":"https:\/\/www.europesays.com\/lv\/wp-json\/wp\/v2\/tags?post=106894"}],"curies":[{"name":"wp","href":"https:\/\/api.w.org\/{rel}","templated":true}]}}