{"id":10694,"date":"2025-10-02T15:19:07","date_gmt":"2025-10-02T15:19:07","guid":{"rendered":"https:\/\/www.europesays.com\/lv\/10694\/"},"modified":"2025-10-02T15:19:07","modified_gmt":"2025-10-02T15:19:07","slug":"francija-tiesas-krievijas-enu-flotes-kuga-kapteini","status":"publish","type":"post","link":"https:\/\/www.europesays.com\/lv\/10694\/","title":{"rendered":"Francija ties\u0101s Krievijas \u0113nu flotes ku\u0123a kapteini"},"content":{"rendered":"<p>Francijas milit\u0101rpersonas \u0161odien palika uz tankku\u0123a kl\u0101ja, kas tagad atrodas pie Francijas rietumu piekrastes, pav\u0113st\u012bja avots armij\u0101.<\/p>\n<p>Francijas premjerministrs Sebastj\u0113ns Lekorn\u012b platform\u0101 &#8220;X&#8221; izteica pateic\u012bbu Francijas j\u016bras sp\u0113kiem, kas \u0161aj\u0101 ned\u0113\u013cas nogal\u0113 veica oper\u0101ciju uz Krievijas \u0113nu flotes ku\u0123a.<\/p>\n<p>&#8220;Boracay&#8221; b\u016bv\u0113ts 2007.gad\u0101. Jau vair\u0101kas dienas tas ir noenkurots pie Sennaz\u0113ras, Francijas rietumos.<\/p>\n<p>Rakstot par dronu incidentiem septembr\u012b D\u0101nij\u0101, t\u012bmek\u013ca vietne &#8220;The Maritime Executive&#8221; zi\u0146oja, ka \u0161is tankku\u0123is un citi ku\u0123i var\u0113tu b\u016bt izmantoti vai nu k\u0101 palai\u0161anas platformas, vai k\u0101 m\u0101nek\u013ci.<\/p>\n<p>Francijas prezidents Emanuels Makrons \u0161odien aicin\u0101ja Eiropu pastiprin\u0101t spiedienu uz Krievijas \u0113nu floti un sekot Francijas piem\u0113ram, aizturot ku\u0123us, kas tiek izmantoti lai apietu pret Maskavu noteikt\u0101s sankcijas.<\/p>\n<p>&#8220;J\u016bs izjaucat biznesa modeli, aizturot, pat uz da\u017e\u0101m dien\u0101m vai ned\u0113\u013c\u0101m, \u0161os ku\u0123us un piespie\u017eot tos organiz\u0113ties cit\u0101di,&#8221; Eiropas l\u012bderu san\u0101ksm\u0113 D\u0101nij\u0101 nor\u0101d\u012bja Makrons.<\/p>\n<p>Vi\u0146\u0161 pazi\u0146oja, ka <a href=\"https:\/\/www.apollo.lv\/term\/555453\/francija\" class=\"topicLink\" target=\"_blank\" rel=\"nofollow noopener\">Francija<\/a> p\u0101rbauda ku\u0123i nopietnu p\u0101rk\u0101pumu d\u0113\u013c, ta\u010du neapstiprin\u0101ja mediju zi\u0146oto par ku\u0123a iesp\u0113jamo saist\u012bbu ar neidentific\u0113tu dronu lidojumiem D\u0101nij\u0101.<\/p>\n<p>ES noteikusi sankcijas simtiem novecoju\u0161u tankku\u0123u, ko <a href=\"https:\/\/www.apollo.lv\/term\/555452\/krievija\" class=\"topicLink\" target=\"_blank\" rel=\"nofollow noopener\">Krievija<\/a> izmanto, lai apietu naftas eksporta ierobe\u017eojumus, kas tika noteikti p\u0113c krievu atk\u0101rtot\u0101 iebrukuma Ukrain\u0101 2022.gad\u0101.<\/p>\n<p>Avots Francijas armij\u0101 zi\u0146u a\u0123ent\u016brai AFP atkl\u0101ja, ka &#8220;katru dienu desmit l\u012bdz 15 \u0113nu flotes ku\u0123i dodas gar\u0101m Brestai&#8221;.<\/p>\n","protected":false},"excerpt":{"rendered":"Francijas milit\u0101rpersonas \u0161odien palika uz tankku\u0123a kl\u0101ja, kas tagad atrodas pie Francijas rietumu piekrastes, pav\u0113st\u012bja avots armij\u0101. Francijas&hellip;\n","protected":false},"author":2,"featured_media":10695,"comment_status":"","ping_status":"","sticky":false,"template":"","format":"standard","meta":{"footnotes":""},"categories":[14],"tags":[23,57,28,29,32,33,1309,22,234,1935,30,31,35,39,38,36,37,34,40,20,26,27,24,25,54,55,56,21,58],"class_list":{"0":"post-10694","1":"post","2":"type-post","3":"status-publish","4":"format-standard","5":"has-post-thumbnail","7":"category-zinas-no-arvalstim","8":"tag-aktualitates","9":"tag-arvalstim","10":"tag-breaking-news","11":"tag-breakingnews","12":"tag-featured-news","13":"tag-featurednews","14":"tag-francija","15":"tag-headlines","16":"tag-krievija","17":"tag-kugis","18":"tag-latest-news","19":"tag-latestnews","20":"tag-latvia","21":"tag-latvian","22":"tag-latviesu","23":"tag-latviesu-valoda","24":"tag-latviesuvaloda","25":"tag-latvija","26":"tag-lv","27":"tag-news","28":"tag-popularakas-zinas","29":"tag-popularakaszinas","30":"tag-top-stories","31":"tag-topstories","32":"tag-world","33":"tag-world-news","34":"tag-worldnews","35":"tag-zinas","36":"tag-zinas-no-arvalstim"},"share_on_mastodon":{"url":"","error":""},"_links":{"self":[{"href":"https:\/\/www.europesays.com\/lv\/wp-json\/wp\/v2\/posts\/10694","targetHints":{"allow":["GET"]}}],"collection":[{"href":"https:\/\/www.europesays.com\/lv\/wp-json\/wp\/v2\/posts"}],"about":[{"href":"https:\/\/www.europesays.com\/lv\/wp-json\/wp\/v2\/types\/post"}],"author":[{"embeddable":true,"href":"https:\/\/www.europesays.com\/lv\/wp-json\/wp\/v2\/users\/2"}],"replies":[{"embeddable":true,"href":"https:\/\/www.europesays.com\/lv\/wp-json\/wp\/v2\/comments?post=10694"}],"version-history":[{"count":0,"href":"https:\/\/www.europesays.com\/lv\/wp-json\/wp\/v2\/posts\/10694\/revisions"}],"wp:featuredmedia":[{"embeddable":true,"href":"https:\/\/www.europesays.com\/lv\/wp-json\/wp\/v2\/media\/10695"}],"wp:attachment":[{"href":"https:\/\/www.europesays.com\/lv\/wp-json\/wp\/v2\/media?parent=10694"}],"wp:term":[{"taxonomy":"category","embeddable":true,"href":"https:\/\/www.europesays.com\/lv\/wp-json\/wp\/v2\/categories?post=10694"},{"taxonomy":"post_tag","embeddable":true,"href":"https:\/\/www.europesays.com\/lv\/wp-json\/wp\/v2\/tags?post=10694"}],"curies":[{"name":"wp","href":"https:\/\/api.w.org\/{rel}","templated":true}]}}