{"id":106993,"date":"2026-01-17T09:53:06","date_gmt":"2026-01-17T09:53:06","guid":{"rendered":"https:\/\/www.europesays.com\/lv\/106993\/"},"modified":"2026-01-17T09:53:06","modified_gmt":"2026-01-17T09:53:06","slug":"dailes-teatri-sudziba-par-vadibas-komunikacijas-kulturu-gaismu-maksliniece-pieprasa-atvainosanos-lente-lv","status":"publish","type":"post","link":"https:\/\/www.europesays.com\/lv\/106993\/","title":{"rendered":"Dailes te\u0101tr\u012b s\u016bdz\u012bba par vad\u012bbas komunik\u0101cijas kult\u016bru; gaismu m\u0101ksliniece pieprasa atvaino\u0161anos\u00a0\u2014\u00a0Lente.lv"},"content":{"rendered":"<p>Dailes te\u0101tr\u012b izskan s\u016bdz\u012bbas par komunik\u0101cijas kult\u016bru<\/p>\n<p>Dailes te\u0101tra m\u0101ksliniecisk\u0101 direktora Viestura Kairi\u0161a r\u012bc\u012bba Ziemassv\u0113tku koncerta &#8220;P\u0113k\u0161\u0146i gaism\u0101&#8221; \u0123ener\u0101lm\u0113\u0123in\u0101juma laik\u0101 izrais\u012bjusi gaismu m\u0101kslinieces J\u016blijas Bondarenko s\u016bdz\u012bbu Kult\u016bras ministrij\u0101. Bondarenko pieprasa ofici\u0101lu atvaino\u0161anos par emocion\u0101lu vardarb\u012bbu, publisku pazemojumu un neprofesion\u0101lu iztur\u0113\u0161anos. Viesturs Kairi\u0161s savuk\u0101rt nor\u0101da, ka darba kvalit\u0101te bijusi nepie\u0146emama un vi\u0146\u0161 r\u012bkojies, lai gl\u0101btu situ\u0101ciju.<\/p>\n<p>Incidents Ziemassv\u0113tku koncerta \u0123ener\u0101lm\u0113\u0123in\u0101jum\u0101<\/p>\n<p>P\u0113c Latvijas Telev\u012bzijas raid\u012bjuma &#8220;Kult\u016br\u0161oks&#8221; inform\u0101cijas, incidents noticis Ziemassv\u0113tku koncerta &#8220;P\u0113k\u0161\u0146i gaism\u0101&#8221; \u0123ener\u0101lm\u0113\u0123in\u0101juma laik\u0101 decembra vid\u016b. J\u016blija Bondarenko, kura piedal\u012bj\u0101s koncerta veido\u0161an\u0101 kop\u0161 oktobra, tika nomain\u012bta p\u0113c \u0161\u012b \u0123ener\u0101lm\u0113\u0123in\u0101juma. M\u0101ksliniece nor\u0101da, ka l\u012bdz pat \u0123ener\u0101lm\u0113\u0123in\u0101jumam neviens, tostarp re\u017eisors J\u0101nis Znoti\u0146\u0161 un te\u0101tra vad\u012bba, pret vi\u0146as darbu iebildumus nav izteicis.<\/p>\n<p>Viesturs Kairi\u0161s savu r\u012bc\u012bbu pamato, ka darba kvalit\u0101te nav bijusi atbilsto\u0161a un vi\u0146\u0161 r\u012bkojies &#8220;\u0137irur\u0123iski&#8221;, lai nodro\u0161in\u0101tu iesp\u0113ju citam gaismu m\u0101ksliniekam turpin\u0101t darbu.<\/p>\n<p>Kult\u016bras ministrijas reakcija un Te\u0101tra darbinieku savien\u012bbas viedoklis<\/p>\n<p>Kult\u016bras ministrija ir sa\u0146\u0113musi J\u016blijas Bondarenko iesniegto s\u016bdz\u012bbu un pa\u0161laik izv\u0113rt\u0113 situ\u0101ciju, gaidot papildu inform\u0101ciju no Dailes te\u0101tra. Lieta v\u0113l nav skaidra attiec\u012bb\u0101 uz t\u0101l\u0101ko virz\u012bbu.<\/p>\n<p>Latvijas Te\u0101tra darbinieku savien\u012bbas valdes priek\u0161s\u0113d\u0113t\u0101js Oj\u0101rs Rubenis situ\u0101ciju raksturo k\u0101 &#8220;\u013coti slidenu&#8221;, uzsverot, ka jaut\u0101jums par pazemojumu rado\u0161\u0101 procesa sare\u017e\u0123\u012bjumos ir j\u016bt\u012bgs.<\/p>\n<p>Pla\u0161a atbild\u012bba komunik\u0101cijas jaut\u0101jumos te\u0101tros<\/p>\n<p>\u0160is gad\u012bjums Dailes te\u0101tr\u012b aktualiz\u0113 jaut\u0101jumu par komunik\u0101cijas \u0113tiku te\u0101tru aizkulis\u0113s. Raid\u012bjums &#8220;Kult\u016br\u0161oks&#8221; nor\u0101da, ka ir b\u016btiski, vai aizkuli\u0161u komunik\u0101cijas standarti at\u0161\u0137iras no ide\u0101liem, kas tiek aizst\u0101v\u0113ti uz skatuves.<\/p>\n<p>J\u016blija Bondarenko ir paz\u012bstama gaismu m\u0101ksliniece un aktrise, kuras darbs nov\u0113rt\u0113ts vair\u0101k\u0101s te\u0101tra izr\u0101d\u0113s Latvij\u0101.<\/p>\n<p>J\u0101atz\u012bm\u0113, ka nesen Dailes te\u0101tris veicis ar\u012b struktur\u0101las izmai\u0146as un \u0161tata samazin\u0101\u0161anu, rea\u0123\u0113jot uz valsts dot\u0101cijas samazin\u0101jumu.<\/p>\n","protected":false},"excerpt":{"rendered":"Dailes te\u0101tr\u012b izskan s\u016bdz\u012bbas par komunik\u0101cijas kult\u016bru Dailes te\u0101tra m\u0101ksliniecisk\u0101 direktora Viestura Kairi\u0161a r\u012bc\u012bba Ziemassv\u0113tku koncerta &#8220;P\u0113k\u0161\u0146i gaism\u0101&#8221;&hellip;\n","protected":false},"author":2,"featured_media":106994,"comment_status":"","ping_status":"","sticky":false,"template":"","format":"standard","meta":{"footnotes":""},"categories":[19],"tags":[454,89,90,25538,25539,1813,35,39,38,36,37,34,40,11571],"class_list":{"0":"post-106993","1":"post","2":"type-post","3":"status-publish","4":"format-standard","5":"has-post-thumbnail","7":"category-izklaide","8":"tag-dailes-teatris","9":"tag-entertainment","10":"tag-izklaide","11":"tag-julija-bondarenko","12":"tag-komunikacijas-kultura","13":"tag-kulturas-ministrija","14":"tag-latvia","15":"tag-latvian","16":"tag-latviesu","17":"tag-latviesu-valoda","18":"tag-latviesuvaloda","19":"tag-latvija","20":"tag-lv","21":"tag-viesturs-kairiss"},"share_on_mastodon":{"url":"https:\/\/pubeurope.com\/@lv\/115909833704782067","error":""},"_links":{"self":[{"href":"https:\/\/www.europesays.com\/lv\/wp-json\/wp\/v2\/posts\/106993","targetHints":{"allow":["GET"]}}],"collection":[{"href":"https:\/\/www.europesays.com\/lv\/wp-json\/wp\/v2\/posts"}],"about":[{"href":"https:\/\/www.europesays.com\/lv\/wp-json\/wp\/v2\/types\/post"}],"author":[{"embeddable":true,"href":"https:\/\/www.europesays.com\/lv\/wp-json\/wp\/v2\/users\/2"}],"replies":[{"embeddable":true,"href":"https:\/\/www.europesays.com\/lv\/wp-json\/wp\/v2\/comments?post=106993"}],"version-history":[{"count":0,"href":"https:\/\/www.europesays.com\/lv\/wp-json\/wp\/v2\/posts\/106993\/revisions"}],"wp:featuredmedia":[{"embeddable":true,"href":"https:\/\/www.europesays.com\/lv\/wp-json\/wp\/v2\/media\/106994"}],"wp:attachment":[{"href":"https:\/\/www.europesays.com\/lv\/wp-json\/wp\/v2\/media?parent=106993"}],"wp:term":[{"taxonomy":"category","embeddable":true,"href":"https:\/\/www.europesays.com\/lv\/wp-json\/wp\/v2\/categories?post=106993"},{"taxonomy":"post_tag","embeddable":true,"href":"https:\/\/www.europesays.com\/lv\/wp-json\/wp\/v2\/tags?post=106993"}],"curies":[{"name":"wp","href":"https:\/\/api.w.org\/{rel}","templated":true}]}}