{"id":10703,"date":"2025-10-02T15:31:07","date_gmt":"2025-10-02T15:31:07","guid":{"rendered":"https:\/\/www.europesays.com\/lv\/10703\/"},"modified":"2025-10-02T15:31:07","modified_gmt":"2025-10-02T15:31:07","slug":"polija-aizturetais-krievijas-agents-gatavojis-teroraktus-tris-es-valstis-zino-laikraksts","status":"publish","type":"post","link":"https:\/\/www.europesays.com\/lv\/10703\/","title":{"rendered":"Polij\u0101 aiztur\u0113tais Krievijas a\u0123ents gatavojis teroraktus tr\u012bs ES valst\u012bs, zi\u0146o laikraksts"},"content":{"rendered":"<p>&#8220;Krievijas milit\u0101rais izl\u016bkdienests gatavoja teroraktus, izmantojot dronus un bund\u017eas, kur\u0101s kukur\u016bzas viet\u0101 bija sp\u0113c\u012bga spr\u0101gstviela,&#8221; teikts publik\u0101cij\u0101, atsaucoties uz avotiem, kas &#8220;ir paz\u012bstami ar Valsts prokurat\u016bras un Iek\u0161\u0113j\u0101s dro\u0161\u012bbas a\u0123ent\u016bras atzinumiem&#8221;.<\/p>\n<p>&#8220;Esam sa\u0146\u0113mu\u0161i inform\u0101ciju par v\u0113l vienu Krievijas izl\u016bkdienestu oper\u0101ciju &#8211; \u0161oreiz Lietuvas, Polijas un V\u0101cijas teritorij\u0101. K\u0101 saprotams, GRU ieveda Polij\u0101 divas neuzkr\u012bto\u0161as bund\u017eas, k\u0101das atrodamas p\u0101rtikas pre\u010du veikalos,&#8221; nor\u0101da laikraksts.<\/p>\n<blockquote class=\"quote ck-widget\" contenteditable=\"false\">\n<p><a href=\"https:\/\/www.apollo.lv\/term\/570613\/terorakts\" class=\"topicLink\" target=\"_blank\" rel=\"nofollow noopener\">Terorakts<\/a> pl\u0101nots Polij\u0101 Lodzas kaps\u0113t\u0101. T\u0101das pa\u0161as ar spr\u0101gstviel\u0101m piepild\u012btas sk\u0101rda bund\u017eas atrastas kaps\u0113t\u0101 Lietuv\u0101.<\/p>\n<\/blockquote>\n<p>Aiztur\u0113tais starp Poliju, Lietuvu un V\u0101ciju ar\u012b p\u0101rvad\u0101jis dronu sast\u0101vda\u013cas un SIM kartes.<\/p>\n<p>Lietas izmekl\u0113\u0161ana tiks pabeigta l\u012bdz \u0161\u0101 gada beig\u0101m, pazi\u0146oja prokurat\u016bra.<\/p>\n","protected":false},"excerpt":{"rendered":"&#8220;Krievijas milit\u0101rais izl\u016bkdienests gatavoja teroraktus, izmantojot dronus un bund\u017eas, kur\u0101s kukur\u016bzas viet\u0101 bija sp\u0113c\u012bga spr\u0101gstviela,&#8221; teikts publik\u0101cij\u0101, atsaucoties&hellip;\n","protected":false},"author":2,"featured_media":10704,"comment_status":"","ping_status":"","sticky":false,"template":"","format":"standard","meta":{"footnotes":""},"categories":[14],"tags":[23,57,28,29,427,514,32,33,22,234,30,31,35,39,38,36,37,34,1464,40,20,72,26,27,4025,24,25,54,55,56,21,58],"class_list":{"0":"post-10703","1":"post","2":"type-post","3":"status-publish","4":"format-standard","5":"has-post-thumbnail","7":"category-zinas-no-arvalstim","8":"tag-aktualitates","9":"tag-arvalstim","10":"tag-breaking-news","11":"tag-breakingnews","12":"tag-eiropa","13":"tag-eiropas-savieniba","14":"tag-featured-news","15":"tag-featurednews","16":"tag-headlines","17":"tag-krievija","18":"tag-latest-news","19":"tag-latestnews","20":"tag-latvia","21":"tag-latvian","22":"tag-latviesu","23":"tag-latviesu-valoda","24":"tag-latviesuvaloda","25":"tag-latvija","26":"tag-lietuva","27":"tag-lv","28":"tag-news","29":"tag-polija","30":"tag-popularakas-zinas","31":"tag-popularakaszinas","32":"tag-terorakts","33":"tag-top-stories","34":"tag-topstories","35":"tag-world","36":"tag-world-news","37":"tag-worldnews","38":"tag-zinas","39":"tag-zinas-no-arvalstim"},"share_on_mastodon":{"url":"","error":""},"_links":{"self":[{"href":"https:\/\/www.europesays.com\/lv\/wp-json\/wp\/v2\/posts\/10703","targetHints":{"allow":["GET"]}}],"collection":[{"href":"https:\/\/www.europesays.com\/lv\/wp-json\/wp\/v2\/posts"}],"about":[{"href":"https:\/\/www.europesays.com\/lv\/wp-json\/wp\/v2\/types\/post"}],"author":[{"embeddable":true,"href":"https:\/\/www.europesays.com\/lv\/wp-json\/wp\/v2\/users\/2"}],"replies":[{"embeddable":true,"href":"https:\/\/www.europesays.com\/lv\/wp-json\/wp\/v2\/comments?post=10703"}],"version-history":[{"count":0,"href":"https:\/\/www.europesays.com\/lv\/wp-json\/wp\/v2\/posts\/10703\/revisions"}],"wp:featuredmedia":[{"embeddable":true,"href":"https:\/\/www.europesays.com\/lv\/wp-json\/wp\/v2\/media\/10704"}],"wp:attachment":[{"href":"https:\/\/www.europesays.com\/lv\/wp-json\/wp\/v2\/media?parent=10703"}],"wp:term":[{"taxonomy":"category","embeddable":true,"href":"https:\/\/www.europesays.com\/lv\/wp-json\/wp\/v2\/categories?post=10703"},{"taxonomy":"post_tag","embeddable":true,"href":"https:\/\/www.europesays.com\/lv\/wp-json\/wp\/v2\/tags?post=10703"}],"curies":[{"name":"wp","href":"https:\/\/api.w.org\/{rel}","templated":true}]}}